{"id":562,"date":"2026-01-06T13:29:38","date_gmt":"2026-01-06T16:29:38","guid":{"rendered":"https:\/\/culturaeafins.com\/?p=562"},"modified":"2026-01-07T21:52:30","modified_gmt":"2026-01-08T00:52:30","slug":"sentir-a-falta-de-alguem-e","status":"publish","type":"post","link":"https:\/\/culturaeafins.com\/index.php\/2026\/01\/06\/sentir-a-falta-de-alguem-e\/","title":{"rendered":"Sentir a falta de algu\u00e9m \u00e9&#8230;"},"content":{"rendered":"<p>Sentir a falta de algu\u00e9m \u00e9 uma experi\u00eancia comum a todos n\u00f3s e, ainda assim, profundamente \u00edntima. Em primeiro lugar, trata-se de um sentimento que surge quando percebemos a aus\u00eancia de algu\u00e9m que teve &#8211; ou ainda tem &#8211; um papel importante em nossa vida. Seja por dist\u00e2ncia, t\u00e9rmino, mudan\u00e7a de caminhos ou at\u00e9 pela perda definitiva, a saudade se manifesta de forma silenciosa, por\u00e9m intensa. Em algum momento da vida, todos n\u00f3s enfrentamos esse vazio silencioso deixado pela aus\u00eancia de uma pessoa importante.<\/p>\n<p>Com o passar do tempo, notamos que essa aus\u00eancia altera a nossa rotina. Aquilo que antes era simples &#8211; uma conversa di\u00e1ria, uma mensagem inesperada ou um encontro casual &#8211; passa a existir apenas na mem\u00f3ria. Nesse sentido, a falta se revela nos detalhes: em uma m\u00fasica que toca no r\u00e1dio, em um lugar visitado ou at\u00e9 em um cheiro familiar. Assim, percebemos como as lembran\u00e7as t\u00eam o poder de nos transportar para momentos que julg\u00e1vamos guardados. Dessa forma, a saudade n\u00e3o avisa quando chega, ela simplesmente se instala e passa a fazer parte da rotina.<\/p>\n<h2>A saudade de algu\u00e9m n\u00e3o se apresenta de uma \u00fanica forma<\/h2>\n<p>A saudade, entretanto, n\u00e3o se apresenta de uma \u00fanica forma. \u00c0s vezes, ela surge como um aperto no peito, trazendo tristeza e melancolia. Outras vezes, aparece de maneira mais leve, acompanhada de um sorriso discreto e de boas recorda\u00e7\u00f5es. Portanto, sentir falta n\u00e3o \u00e9 apenas sofrer, \u00e9 tamb\u00e9m reconhecer que houve afeto, conex\u00e3o e significado. Onde existe saudade, existiu v\u00ednculo.<\/p>\n<p>Vivemos em um mundo que incentiva o desapego r\u00e1pido e a supera\u00e7\u00e3o imediata. No entanto, sentir a falta de algu\u00e9m vai contra essa l\u00f3gica. Esse sentimento nos obriga a desacelerar e a olhar para dentro. Ent\u00e3o, somos levados a enfrentar emo\u00e7\u00f5es que, muitas vezes, preferimos evitar. A aus\u00eancia, ent\u00e3o, transforma-se em um convite \u00e0 reflex\u00e3o sobre nossas rela\u00e7\u00f5es e sobre o valor que damos \u00e0s pessoas enquanto elas ainda est\u00e3o presentes.<\/p>\n<h3>Sentir falta n\u00e3o deve ser encarado como sinal de fraqueza<\/h3>\n<p>Al\u00e9m disso, \u00e9 importante destacar que sentir falta n\u00e3o deve ser encarado como sinal de fraqueza. Ao contr\u00e1rio, \u00e9 uma prova de sensibilidade e humanidade. Criar la\u00e7os implica se permitir sentir, e isso inclui aceitar a dor quando algu\u00e9m se vai ou se afasta. \u00c9 tamb\u00e9m perceber como a presen\u00e7a daquela pessoa estava entrela\u00e7ada aos nossos dias. Consequentemente, a saudade passa a ser o pre\u00e7o &#8211; e tamb\u00e9m a prova &#8211; de que houve amor, cuidado e entrega.<\/p>\n<p>Com o tempo, aprendemos a conviver com essa sensa\u00e7\u00e3o. Embora a falta n\u00e3o desapare\u00e7a completamente, ela se transforma. Aquilo que antes machucava passa, pouco a pouco, a ser acolhido com mais serenidade. Assim, a dor abre espa\u00e7o para a gratid\u00e3o: gratid\u00e3o pelas experi\u00eancias vividas, pelas palavras trocadas e pelos momentos que contribu\u00edram para a constru\u00e7\u00e3o de quem somos hoje.<\/p>\n<h3>Sentir a falta de algu\u00e9m nos leva a refletir sobre o presente<\/h3>\n<p>Sentir a falta de algu\u00e9m tamb\u00e9m nos leva a refletir sobre o presente. Quantas vezes, por exemplo, deixamos de dizer o que sentimos? Quantas vezes adiamos encontros, abra\u00e7os ou conversas importantes? Diante disso, a aus\u00eancia se torna um lembrete poderoso de que o tempo \u00e9 limitado e de que as rela\u00e7\u00f5es precisam ser cuidadas enquanto ainda existem.<\/p>\n<p>Por fim, sentir a falta de algu\u00e9m \u00e9 uma experi\u00eancia dolorosa, mas tamb\u00e9m profundamente humana. Ela revela nossa capacidade de amar, de nos conectar e de permitir que o outro ocupe um espa\u00e7o significativo em nossa vida. Em s\u00edntese, a saudade pode doer, mas tamb\u00e9m ensina, amadurece e humaniza. Porque, mesmo na aus\u00eancia, quem foi importante continua presente em nossas mem\u00f3rias, em nossos sentimentos e naquilo que nos tornamos.<\/p>\n","protected":false},"excerpt":{"rendered":"<p>Sentir a falta de algu\u00e9m \u00e9 uma experi\u00eancia comum a todos n\u00f3s e, ainda assim, profundamente \u00edntima. Em primeiro lugar, trata-se de um sentimento que surge quando percebemos a aus\u00eancia &#8230;<\/p>\n","protected":false},"author":1,"featured_media":572,"comment_status":"open","ping_status":"open","sticky":false,"template":"","format":"standard","meta":{"footnotes":""},"categories":[1],"tags":[],"class_list":["post-562","post","type-post","status-publish","format-standard","has-post-thumbnail","hentry","category-blog"],"yoast_head":"<!-- This site is optimized with the Yoast SEO plugin v27.5 - https:\/\/yoast.com\/product\/yoast-seo-wordpress\/ -->\n<title>Sentir a falta de algu\u00e9m \u00e9... - Cultura e Afins<\/title>\n<meta name=\"description\" content=\"Sentir a falta de algu\u00e9m tamb\u00e9m nos leva a refletir sobre o presente. Quantas vezes, por exemplo, deixamos de dizer o que sentimos?\" \/>\n<meta name=\"robots\" content=\"index, follow, max-snippet:-1, max-image-preview:large, max-video-preview:-1\" \/>\n<link rel=\"canonical\" href=\"https:\/\/culturaeafins.com\/index.php\/2026\/01\/06\/sentir-a-falta-de-alguem-e\/\" \/>\n<meta property=\"og:locale\" content=\"en_US\" \/>\n<meta property=\"og:type\" content=\"article\" \/>\n<meta property=\"og:title\" content=\"Sentir a falta de algu\u00e9m \u00e9... - Cultura e Afins\" \/>\n<meta property=\"og:description\" content=\"Sentir a falta de algu\u00e9m tamb\u00e9m nos leva a refletir sobre o presente. Quantas vezes, por exemplo, deixamos de dizer o que sentimos?\" \/>\n<meta property=\"og:url\" content=\"https:\/\/culturaeafins.com\/index.php\/2026\/01\/06\/sentir-a-falta-de-alguem-e\/\" \/>\n<meta property=\"og:site_name\" content=\"Cultura e Afins\" \/>\n<meta property=\"article:published_time\" content=\"2026-01-06T16:29:38+00:00\" \/>\n<meta property=\"article:modified_time\" content=\"2026-01-08T00:52:30+00:00\" \/>\n<meta property=\"og:image\" content=\"https:\/\/culturaeafins.com\/wp-content\/uploads\/2026\/01\/Sentir-saudade-de-alguem.jpg\" \/>\n\t<meta property=\"og:image:width\" content=\"354\" \/>\n\t<meta property=\"og:image:height\" content=\"430\" \/>\n\t<meta property=\"og:image:type\" content=\"image\/jpeg\" \/>\n<meta name=\"author\" content=\"Culturaeafins\" \/>\n<meta name=\"twitter:card\" content=\"summary_large_image\" \/>\n<meta name=\"twitter:label1\" content=\"Written by\" \/>\n\t<meta name=\"twitter:data1\" content=\"Culturaeafins\" \/>\n\t<meta name=\"twitter:label2\" content=\"Est. reading time\" \/>\n\t<meta name=\"twitter:data2\" content=\"4 minutes\" \/>\n<script type=\"application\/ld+json\" class=\"yoast-schema-graph\">{\"@context\":\"https:\\\/\\\/schema.org\",\"@graph\":[{\"@type\":\"Article\",\"@id\":\"https:\\\/\\\/culturaeafins.com\\\/index.php\\\/2026\\\/01\\\/06\\\/sentir-a-falta-de-alguem-e\\\/#article\",\"isPartOf\":{\"@id\":\"https:\\\/\\\/culturaeafins.com\\\/index.php\\\/2026\\\/01\\\/06\\\/sentir-a-falta-de-alguem-e\\\/\"},\"author\":{\"name\":\"Culturaeafins\",\"@id\":\"https:\\\/\\\/culturaeafins.com\\\/#\\\/schema\\\/person\\\/5d1d5a375a3d9d2034d1a175aae85702\"},\"headline\":\"Sentir a falta de algu\u00e9m \u00e9&#8230;\",\"datePublished\":\"2026-01-06T16:29:38+00:00\",\"dateModified\":\"2026-01-08T00:52:30+00:00\",\"mainEntityOfPage\":{\"@id\":\"https:\\\/\\\/culturaeafins.com\\\/index.php\\\/2026\\\/01\\\/06\\\/sentir-a-falta-de-alguem-e\\\/\"},\"wordCount\":677,\"commentCount\":0,\"publisher\":{\"@id\":\"https:\\\/\\\/culturaeafins.com\\\/#organization\"},\"image\":{\"@id\":\"https:\\\/\\\/culturaeafins.com\\\/index.php\\\/2026\\\/01\\\/06\\\/sentir-a-falta-de-alguem-e\\\/#primaryimage\"},\"thumbnailUrl\":\"https:\\\/\\\/culturaeafins.com\\\/wp-content\\\/uploads\\\/2026\\\/01\\\/Sentir-saudade-de-alguem.jpg\",\"articleSection\":[\"Blog\"],\"inLanguage\":\"en-US\",\"potentialAction\":[{\"@type\":\"CommentAction\",\"name\":\"Comment\",\"target\":[\"https:\\\/\\\/culturaeafins.com\\\/index.php\\\/2026\\\/01\\\/06\\\/sentir-a-falta-de-alguem-e\\\/#respond\"]}]},{\"@type\":\"WebPage\",\"@id\":\"https:\\\/\\\/culturaeafins.com\\\/index.php\\\/2026\\\/01\\\/06\\\/sentir-a-falta-de-alguem-e\\\/\",\"url\":\"https:\\\/\\\/culturaeafins.com\\\/index.php\\\/2026\\\/01\\\/06\\\/sentir-a-falta-de-alguem-e\\\/\",\"name\":\"Sentir a falta de algu\u00e9m \u00e9... - Cultura e Afins\",\"isPartOf\":{\"@id\":\"https:\\\/\\\/culturaeafins.com\\\/#website\"},\"primaryImageOfPage\":{\"@id\":\"https:\\\/\\\/culturaeafins.com\\\/index.php\\\/2026\\\/01\\\/06\\\/sentir-a-falta-de-alguem-e\\\/#primaryimage\"},\"image\":{\"@id\":\"https:\\\/\\\/culturaeafins.com\\\/index.php\\\/2026\\\/01\\\/06\\\/sentir-a-falta-de-alguem-e\\\/#primaryimage\"},\"thumbnailUrl\":\"https:\\\/\\\/culturaeafins.com\\\/wp-content\\\/uploads\\\/2026\\\/01\\\/Sentir-saudade-de-alguem.jpg\",\"datePublished\":\"2026-01-06T16:29:38+00:00\",\"dateModified\":\"2026-01-08T00:52:30+00:00\",\"description\":\"Sentir a falta de algu\u00e9m tamb\u00e9m nos leva a refletir sobre o presente. Quantas vezes, por exemplo, deixamos de dizer o que sentimos?\",\"breadcrumb\":{\"@id\":\"https:\\\/\\\/culturaeafins.com\\\/index.php\\\/2026\\\/01\\\/06\\\/sentir-a-falta-de-alguem-e\\\/#breadcrumb\"},\"inLanguage\":\"en-US\",\"potentialAction\":[{\"@type\":\"ReadAction\",\"target\":[\"https:\\\/\\\/culturaeafins.com\\\/index.php\\\/2026\\\/01\\\/06\\\/sentir-a-falta-de-alguem-e\\\/\"]}]},{\"@type\":\"ImageObject\",\"inLanguage\":\"en-US\",\"@id\":\"https:\\\/\\\/culturaeafins.com\\\/index.php\\\/2026\\\/01\\\/06\\\/sentir-a-falta-de-alguem-e\\\/#primaryimage\",\"url\":\"https:\\\/\\\/culturaeafins.com\\\/wp-content\\\/uploads\\\/2026\\\/01\\\/Sentir-saudade-de-alguem.jpg\",\"contentUrl\":\"https:\\\/\\\/culturaeafins.com\\\/wp-content\\\/uploads\\\/2026\\\/01\\\/Sentir-saudade-de-alguem.jpg\",\"width\":354,\"height\":430},{\"@type\":\"BreadcrumbList\",\"@id\":\"https:\\\/\\\/culturaeafins.com\\\/index.php\\\/2026\\\/01\\\/06\\\/sentir-a-falta-de-alguem-e\\\/#breadcrumb\",\"itemListElement\":[{\"@type\":\"ListItem\",\"position\":1,\"name\":\"In\u00edcio\",\"item\":\"https:\\\/\\\/culturaeafins.com\\\/\"},{\"@type\":\"ListItem\",\"position\":2,\"name\":\"Sentir a falta de algu\u00e9m \u00e9&#8230;\"}]},{\"@type\":\"WebSite\",\"@id\":\"https:\\\/\\\/culturaeafins.com\\\/#website\",\"url\":\"https:\\\/\\\/culturaeafins.com\\\/\",\"name\":\"Cultura e Afins\",\"description\":\"\",\"publisher\":{\"@id\":\"https:\\\/\\\/culturaeafins.com\\\/#organization\"},\"potentialAction\":[{\"@type\":\"SearchAction\",\"target\":{\"@type\":\"EntryPoint\",\"urlTemplate\":\"https:\\\/\\\/culturaeafins.com\\\/?s={search_term_string}\"},\"query-input\":{\"@type\":\"PropertyValueSpecification\",\"valueRequired\":true,\"valueName\":\"search_term_string\"}}],\"inLanguage\":\"en-US\"},{\"@type\":\"Organization\",\"@id\":\"https:\\\/\\\/culturaeafins.com\\\/#organization\",\"name\":\"Cultura e Afins\",\"url\":\"https:\\\/\\\/culturaeafins.com\\\/\",\"logo\":{\"@type\":\"ImageObject\",\"inLanguage\":\"en-US\",\"@id\":\"https:\\\/\\\/culturaeafins.com\\\/#\\\/schema\\\/logo\\\/image\\\/\",\"url\":\"https:\\\/\\\/culturaeafins.com\\\/wp-content\\\/uploads\\\/2024\\\/01\\\/15115497096_9efb16a648_o.jpg\",\"contentUrl\":\"https:\\\/\\\/culturaeafins.com\\\/wp-content\\\/uploads\\\/2024\\\/01\\\/15115497096_9efb16a648_o.jpg\",\"width\":690,\"height\":317,\"caption\":\"Cultura e Afins\"},\"image\":{\"@id\":\"https:\\\/\\\/culturaeafins.com\\\/#\\\/schema\\\/logo\\\/image\\\/\"}},{\"@type\":\"Person\",\"@id\":\"https:\\\/\\\/culturaeafins.com\\\/#\\\/schema\\\/person\\\/5d1d5a375a3d9d2034d1a175aae85702\",\"name\":\"Culturaeafins\",\"image\":{\"@type\":\"ImageObject\",\"inLanguage\":\"en-US\",\"@id\":\"https:\\\/\\\/secure.gravatar.com\\\/avatar\\\/c7eb1bc1ef2ef58f0ff3ae1db737bdc5c931e84e43d43ccb3478db5f65bd9d0a?s=96&d=mm&r=g\",\"url\":\"https:\\\/\\\/secure.gravatar.com\\\/avatar\\\/c7eb1bc1ef2ef58f0ff3ae1db737bdc5c931e84e43d43ccb3478db5f65bd9d0a?s=96&d=mm&r=g\",\"contentUrl\":\"https:\\\/\\\/secure.gravatar.com\\\/avatar\\\/c7eb1bc1ef2ef58f0ff3ae1db737bdc5c931e84e43d43ccb3478db5f65bd9d0a?s=96&d=mm&r=g\",\"caption\":\"Culturaeafins\"},\"sameAs\":[\"https:\\\/\\\/culturaeafins.com\"],\"url\":\"https:\\\/\\\/culturaeafins.com\\\/index.php\\\/author\\\/culturaeafins\\\/\"}]}<\/script>\n<!-- \/ Yoast SEO plugin. -->","yoast_head_json":{"title":"Sentir a falta de algu\u00e9m \u00e9... - Cultura e Afins","description":"Sentir a falta de algu\u00e9m tamb\u00e9m nos leva a refletir sobre o presente. Quantas vezes, por exemplo, deixamos de dizer o que sentimos?","robots":{"index":"index","follow":"follow","max-snippet":"max-snippet:-1","max-image-preview":"max-image-preview:large","max-video-preview":"max-video-preview:-1"},"canonical":"https:\/\/culturaeafins.com\/index.php\/2026\/01\/06\/sentir-a-falta-de-alguem-e\/","og_locale":"en_US","og_type":"article","og_title":"Sentir a falta de algu\u00e9m \u00e9... - Cultura e Afins","og_description":"Sentir a falta de algu\u00e9m tamb\u00e9m nos leva a refletir sobre o presente. Quantas vezes, por exemplo, deixamos de dizer o que sentimos?","og_url":"https:\/\/culturaeafins.com\/index.php\/2026\/01\/06\/sentir-a-falta-de-alguem-e\/","og_site_name":"Cultura e Afins","article_published_time":"2026-01-06T16:29:38+00:00","article_modified_time":"2026-01-08T00:52:30+00:00","og_image":[{"width":354,"height":430,"url":"https:\/\/culturaeafins.com\/wp-content\/uploads\/2026\/01\/Sentir-saudade-de-alguem.jpg","type":"image\/jpeg"}],"author":"Culturaeafins","twitter_card":"summary_large_image","twitter_misc":{"Written by":"Culturaeafins","Est. reading time":"4 minutes"},"schema":{"@context":"https:\/\/schema.org","@graph":[{"@type":"Article","@id":"https:\/\/culturaeafins.com\/index.php\/2026\/01\/06\/sentir-a-falta-de-alguem-e\/#article","isPartOf":{"@id":"https:\/\/culturaeafins.com\/index.php\/2026\/01\/06\/sentir-a-falta-de-alguem-e\/"},"author":{"name":"Culturaeafins","@id":"https:\/\/culturaeafins.com\/#\/schema\/person\/5d1d5a375a3d9d2034d1a175aae85702"},"headline":"Sentir a falta de algu\u00e9m \u00e9&#8230;","datePublished":"2026-01-06T16:29:38+00:00","dateModified":"2026-01-08T00:52:30+00:00","mainEntityOfPage":{"@id":"https:\/\/culturaeafins.com\/index.php\/2026\/01\/06\/sentir-a-falta-de-alguem-e\/"},"wordCount":677,"commentCount":0,"publisher":{"@id":"https:\/\/culturaeafins.com\/#organization"},"image":{"@id":"https:\/\/culturaeafins.com\/index.php\/2026\/01\/06\/sentir-a-falta-de-alguem-e\/#primaryimage"},"thumbnailUrl":"https:\/\/culturaeafins.com\/wp-content\/uploads\/2026\/01\/Sentir-saudade-de-alguem.jpg","articleSection":["Blog"],"inLanguage":"en-US","potentialAction":[{"@type":"CommentAction","name":"Comment","target":["https:\/\/culturaeafins.com\/index.php\/2026\/01\/06\/sentir-a-falta-de-alguem-e\/#respond"]}]},{"@type":"WebPage","@id":"https:\/\/culturaeafins.com\/index.php\/2026\/01\/06\/sentir-a-falta-de-alguem-e\/","url":"https:\/\/culturaeafins.com\/index.php\/2026\/01\/06\/sentir-a-falta-de-alguem-e\/","name":"Sentir a falta de algu\u00e9m \u00e9... - Cultura e Afins","isPartOf":{"@id":"https:\/\/culturaeafins.com\/#website"},"primaryImageOfPage":{"@id":"https:\/\/culturaeafins.com\/index.php\/2026\/01\/06\/sentir-a-falta-de-alguem-e\/#primaryimage"},"image":{"@id":"https:\/\/culturaeafins.com\/index.php\/2026\/01\/06\/sentir-a-falta-de-alguem-e\/#primaryimage"},"thumbnailUrl":"https:\/\/culturaeafins.com\/wp-content\/uploads\/2026\/01\/Sentir-saudade-de-alguem.jpg","datePublished":"2026-01-06T16:29:38+00:00","dateModified":"2026-01-08T00:52:30+00:00","description":"Sentir a falta de algu\u00e9m tamb\u00e9m nos leva a refletir sobre o presente. Quantas vezes, por exemplo, deixamos de dizer o que sentimos?","breadcrumb":{"@id":"https:\/\/culturaeafins.com\/index.php\/2026\/01\/06\/sentir-a-falta-de-alguem-e\/#breadcrumb"},"inLanguage":"en-US","potentialAction":[{"@type":"ReadAction","target":["https:\/\/culturaeafins.com\/index.php\/2026\/01\/06\/sentir-a-falta-de-alguem-e\/"]}]},{"@type":"ImageObject","inLanguage":"en-US","@id":"https:\/\/culturaeafins.com\/index.php\/2026\/01\/06\/sentir-a-falta-de-alguem-e\/#primaryimage","url":"https:\/\/culturaeafins.com\/wp-content\/uploads\/2026\/01\/Sentir-saudade-de-alguem.jpg","contentUrl":"https:\/\/culturaeafins.com\/wp-content\/uploads\/2026\/01\/Sentir-saudade-de-alguem.jpg","width":354,"height":430},{"@type":"BreadcrumbList","@id":"https:\/\/culturaeafins.com\/index.php\/2026\/01\/06\/sentir-a-falta-de-alguem-e\/#breadcrumb","itemListElement":[{"@type":"ListItem","position":1,"name":"In\u00edcio","item":"https:\/\/culturaeafins.com\/"},{"@type":"ListItem","position":2,"name":"Sentir a falta de algu\u00e9m \u00e9&#8230;"}]},{"@type":"WebSite","@id":"https:\/\/culturaeafins.com\/#website","url":"https:\/\/culturaeafins.com\/","name":"Cultura e Afins","description":"","publisher":{"@id":"https:\/\/culturaeafins.com\/#organization"},"potentialAction":[{"@type":"SearchAction","target":{"@type":"EntryPoint","urlTemplate":"https:\/\/culturaeafins.com\/?s={search_term_string}"},"query-input":{"@type":"PropertyValueSpecification","valueRequired":true,"valueName":"search_term_string"}}],"inLanguage":"en-US"},{"@type":"Organization","@id":"https:\/\/culturaeafins.com\/#organization","name":"Cultura e Afins","url":"https:\/\/culturaeafins.com\/","logo":{"@type":"ImageObject","inLanguage":"en-US","@id":"https:\/\/culturaeafins.com\/#\/schema\/logo\/image\/","url":"https:\/\/culturaeafins.com\/wp-content\/uploads\/2024\/01\/15115497096_9efb16a648_o.jpg","contentUrl":"https:\/\/culturaeafins.com\/wp-content\/uploads\/2024\/01\/15115497096_9efb16a648_o.jpg","width":690,"height":317,"caption":"Cultura e Afins"},"image":{"@id":"https:\/\/culturaeafins.com\/#\/schema\/logo\/image\/"}},{"@type":"Person","@id":"https:\/\/culturaeafins.com\/#\/schema\/person\/5d1d5a375a3d9d2034d1a175aae85702","name":"Culturaeafins","image":{"@type":"ImageObject","inLanguage":"en-US","@id":"https:\/\/secure.gravatar.com\/avatar\/c7eb1bc1ef2ef58f0ff3ae1db737bdc5c931e84e43d43ccb3478db5f65bd9d0a?s=96&d=mm&r=g","url":"https:\/\/secure.gravatar.com\/avatar\/c7eb1bc1ef2ef58f0ff3ae1db737bdc5c931e84e43d43ccb3478db5f65bd9d0a?s=96&d=mm&r=g","contentUrl":"https:\/\/secure.gravatar.com\/avatar\/c7eb1bc1ef2ef58f0ff3ae1db737bdc5c931e84e43d43ccb3478db5f65bd9d0a?s=96&d=mm&r=g","caption":"Culturaeafins"},"sameAs":["https:\/\/culturaeafins.com"],"url":"https:\/\/culturaeafins.com\/index.php\/author\/culturaeafins\/"}]}},"_links":{"self":[{"href":"https:\/\/culturaeafins.com\/index.php\/wp-json\/wp\/v2\/posts\/562","targetHints":{"allow":["GET"]}}],"collection":[{"href":"https:\/\/culturaeafins.com\/index.php\/wp-json\/wp\/v2\/posts"}],"about":[{"href":"https:\/\/culturaeafins.com\/index.php\/wp-json\/wp\/v2\/types\/post"}],"author":[{"embeddable":true,"href":"https:\/\/culturaeafins.com\/index.php\/wp-json\/wp\/v2\/users\/1"}],"replies":[{"embeddable":true,"href":"https:\/\/culturaeafins.com\/index.php\/wp-json\/wp\/v2\/comments?post=562"}],"version-history":[{"count":11,"href":"https:\/\/culturaeafins.com\/index.php\/wp-json\/wp\/v2\/posts\/562\/revisions"}],"predecessor-version":[{"id":574,"href":"https:\/\/culturaeafins.com\/index.php\/wp-json\/wp\/v2\/posts\/562\/revisions\/574"}],"wp:featuredmedia":[{"embeddable":true,"href":"https:\/\/culturaeafins.com\/index.php\/wp-json\/wp\/v2\/media\/572"}],"wp:attachment":[{"href":"https:\/\/culturaeafins.com\/index.php\/wp-json\/wp\/v2\/media?parent=562"}],"wp:term":[{"taxonomy":"category","embeddable":true,"href":"https:\/\/culturaeafins.com\/index.php\/wp-json\/wp\/v2\/categories?post=562"},{"taxonomy":"post_tag","embeddable":true,"href":"https:\/\/culturaeafins.com\/index.php\/wp-json\/wp\/v2\/tags?post=562"}],"curies":[{"name":"wp","href":"https:\/\/api.w.org\/{rel}","templated":true}]}}