{"id":545,"date":"2025-07-12T21:10:39","date_gmt":"2025-07-13T00:10:39","guid":{"rendered":"https:\/\/culturaeafins.com\/?p=545"},"modified":"2025-07-12T21:10:39","modified_gmt":"2025-07-13T00:10:39","slug":"o-legado-grandioso-da-civilizacao-inca","status":"publish","type":"post","link":"https:\/\/culturaeafins.com\/index.php\/2025\/07\/12\/o-legado-grandioso-da-civilizacao-inca\/","title":{"rendered":"O legado grandioso da civiliza\u00e7\u00e3o inca"},"content":{"rendered":"<p>Sabemos do legado grandioso da civiliza\u00e7\u00e3o inca. Quando se fala em civiliza\u00e7\u00f5es antigas das Am\u00e9ricas, \u00e9 imposs\u00edvel n\u00e3o mencionar\u00a0 esse povo. Embora os maias e os astecas tamb\u00e9m tenham deixado marcas importantes na hist\u00f3ria, os incas se destacaram por sua impressionante organiza\u00e7\u00e3o, arquitetura monumental e dom\u00ednio sobre vastos territ\u00f3rios. Por isso, conhecer a civiliza\u00e7\u00e3o inca \u00e9 essencial para compreender parte da rica hist\u00f3ria do continente sul-americano.<\/p>\n<h2>Maior imp\u00e9rio da Am\u00e9rica pr\u00e9-colombiana<\/h2>\n<p>Antes de mais nada, \u00e9 importante saber que os incas formaram o maior imp\u00e9rio da Am\u00e9rica pr\u00e9-colombiana. Eles ocuparam, entre os s\u00e9culos XIII e XVI, uma vasta regi\u00e3o que ia do sul da Col\u00f4mbia at\u00e9 o norte do Chile e da Argentina, passando por pa\u00edses como Equador, Peru e Bol\u00edvia. A capital do Imp\u00e9rio Inca era Cusco, situada no atual territ\u00f3rio peruano.<\/p>\n<p>Al\u00e9m disso, a civiliza\u00e7\u00e3o inca se destacou por sua incr\u00edvel capacidade de adapta\u00e7\u00e3o ao meio ambiente. Como viviam nos Andes, um territ\u00f3rio montanhoso e desafiador, os incas desenvolveram t\u00e9cnicas agr\u00edcolas sofisticadas, como os terra\u00e7os (ou andenes) que permitiam cultivar alimentos em encostas \u00edngremes. Dessa forma, conseguiam alimentar milh\u00f5es de pessoas, mesmo em condi\u00e7\u00f5es dif\u00edceis.<\/p>\n<p>Outro aspecto fundamental era a organiza\u00e7\u00e3o social e pol\u00edtica. Sapa Inca era quem liderava o imp\u00e9rio, considerado um descendente direto do deus Sol, Inti. Dessa maneira, o governante possu\u00eda autoridade divina, o que fortalecia seu poder. A sociedade dividia-se em classes bem definidas, e todos tinham responsabilidades coletivas. Por exemplo, o trabalho era obrigat\u00f3rio, e o sistema de reciprocidade, chamado mita, era a base da economia.<\/p>\n<h2>A arquitetura inca<\/h2>\n<p>Al\u00e9m da pol\u00edtica, a arquitetura inca tamb\u00e9m merece destaque. As contru\u00e7\u00f5es eram feitas com blocos de pedra encaixados com tanta perfei\u00e7\u00e3o que dispensavam o uso de argamassa. A cidade de Machu Picchu \u00e9 um dos exemplos mais impressionantes dessa habilidade. Constru\u00edda no alto das montanhas, a cidade sagrada resistiu ao tempo e aos terremotos, o que revela o dom\u00ednio t\u00e9cnico dos incas.<\/p>\n<p>N\u00e3o se pode deixar de mencionar tamb\u00e9m a religiosidade inca. Como acreditavam em v\u00e1rios deuses relacionados \u00e0 natureza, praticavam cerim\u00f4nias para garantir boas colheitas, prote\u00e7\u00e3o e equil\u00edbrio. Os sacrif\u00edcios, embora menos comuns do que em outras culturas, faziam parte desses rituais. Ademais, os incas valorizavam profundamente o Sol, a Lua, as montanhas e at\u00e9 os animais, como as lhamas, que eram essenciais para a vida cotidiana.<\/p>\n<p>Entretanto, todo esse esplendor foi interrompido com a chegada dos espanh\u00f3is em 1532. Liderados por Francisco Pizarro, os conquistadores se aproveitaram de disputas internas e doen\u00e7as que haviam enfraquecido o imp\u00e9rio. Assim, com um n\u00famero muito menor de soldados, conseguiram dominar e destruir grande parte da cultura inca em poucos anos. Mesmo assim, muitos tra\u00e7os da civiliza\u00e7\u00e3o permanecem vivos, seja nos s\u00edtios arqueol\u00f3gicos, nas tradi\u00e7\u00f5es dos povos andinos ou nas l\u00ednguas que sobreviveram, como o qu\u00e9chua.<\/p>\n<p>Assim, estudar a civiliza\u00e7\u00e3o inca \u00e9 mais do que conhecer o passado \u00e9 valorizar a resist\u00eancia de um povo que, apesar da coloniza\u00e7\u00e3o, mant\u00e9m viva sua identidade. Al\u00e9m disso, \u00e9 uma oportunidade de refletir sobre como sociedades antigas foram capazes de construir sistemas sustent\u00e1veis e organizados sem as tecnologias modernas.<\/p>\n<p>Os incas foram mestre em transformar desafios em oportunidades. Sua sabedoria, seu senso de coletividade e sua conex\u00e3o com a natureza continuam a inspirar pessoas no mundo inteiro. Seja pela grandiosidade de Machu Picchu, pela complexidade de sua organiza\u00e7\u00e3o social ou pela riqueza de seus mitos, a civiliza\u00e7\u00e3o inca merece ser lembrada, estudada e respeitada.<\/p>\n<p>&nbsp;<\/p>\n<p>&nbsp;<\/p>\n<p>&nbsp;<\/p>\n<p>&nbsp;<\/p>\n<p>&nbsp;<\/p>\n<p>&nbsp;<\/p>\n","protected":false},"excerpt":{"rendered":"<p>Sabemos do legado grandioso da civiliza\u00e7\u00e3o inca. Quando se fala em civiliza\u00e7\u00f5es antigas das Am\u00e9ricas, \u00e9 imposs\u00edvel n\u00e3o mencionar\u00a0 esse povo. Embora os maias e os astecas tamb\u00e9m tenham deixado &#8230;<\/p>\n","protected":false},"author":1,"featured_media":551,"comment_status":"open","ping_status":"open","sticky":false,"template":"","format":"standard","meta":{"footnotes":""},"categories":[4],"tags":[],"class_list":["post-545","post","type-post","status-publish","format-standard","has-post-thumbnail","hentry","category-arte-e-cultura"],"yoast_head":"<!-- This site is optimized with the Yoast SEO plugin v27.5 - https:\/\/yoast.com\/product\/yoast-seo-wordpress\/ -->\n<title>O legado grandioso da civiliza\u00e7\u00e3o inca - Cultura e Afins<\/title>\n<meta name=\"description\" content=\"Sabemos do legado grandioso da civiliza\u00e7\u00e3o inca. Quando se fala em civiliza\u00e7\u00f5es antigas das Am\u00e9ricas, \u00e9 imposs\u00edvel n\u00e3o mencionar\u00a0 esse povo.\" \/>\n<meta name=\"robots\" content=\"index, follow, max-snippet:-1, max-image-preview:large, max-video-preview:-1\" \/>\n<link rel=\"canonical\" href=\"https:\/\/culturaeafins.com\/index.php\/2025\/07\/12\/o-legado-grandioso-da-civilizacao-inca\/\" \/>\n<meta property=\"og:locale\" content=\"en_US\" \/>\n<meta property=\"og:type\" content=\"article\" \/>\n<meta property=\"og:title\" content=\"O legado grandioso da civiliza\u00e7\u00e3o inca - Cultura e Afins\" \/>\n<meta property=\"og:description\" content=\"Sabemos do legado grandioso da civiliza\u00e7\u00e3o inca. Quando se fala em civiliza\u00e7\u00f5es antigas das Am\u00e9ricas, \u00e9 imposs\u00edvel n\u00e3o mencionar\u00a0 esse povo.\" \/>\n<meta property=\"og:url\" content=\"https:\/\/culturaeafins.com\/index.php\/2025\/07\/12\/o-legado-grandioso-da-civilizacao-inca\/\" \/>\n<meta property=\"og:site_name\" content=\"Cultura e Afins\" \/>\n<meta property=\"article:published_time\" content=\"2025-07-13T00:10:39+00:00\" \/>\n<meta property=\"og:image\" content=\"https:\/\/culturaeafins.com\/wp-content\/uploads\/2025\/07\/civilizacao-inca.jpg\" \/>\n\t<meta property=\"og:image:width\" content=\"413\" \/>\n\t<meta property=\"og:image:height\" content=\"384\" \/>\n\t<meta property=\"og:image:type\" content=\"image\/jpeg\" \/>\n<meta name=\"author\" content=\"Culturaeafins\" \/>\n<meta name=\"twitter:card\" content=\"summary_large_image\" \/>\n<meta name=\"twitter:label1\" content=\"Written by\" \/>\n\t<meta name=\"twitter:data1\" content=\"Culturaeafins\" \/>\n\t<meta name=\"twitter:label2\" content=\"Est. reading time\" \/>\n\t<meta name=\"twitter:data2\" content=\"4 minutes\" \/>\n<script type=\"application\/ld+json\" class=\"yoast-schema-graph\">{\"@context\":\"https:\\\/\\\/schema.org\",\"@graph\":[{\"@type\":\"Article\",\"@id\":\"https:\\\/\\\/culturaeafins.com\\\/index.php\\\/2025\\\/07\\\/12\\\/o-legado-grandioso-da-civilizacao-inca\\\/#article\",\"isPartOf\":{\"@id\":\"https:\\\/\\\/culturaeafins.com\\\/index.php\\\/2025\\\/07\\\/12\\\/o-legado-grandioso-da-civilizacao-inca\\\/\"},\"author\":{\"name\":\"Culturaeafins\",\"@id\":\"https:\\\/\\\/culturaeafins.com\\\/#\\\/schema\\\/person\\\/5d1d5a375a3d9d2034d1a175aae85702\"},\"headline\":\"O legado grandioso da civiliza\u00e7\u00e3o inca\",\"datePublished\":\"2025-07-13T00:10:39+00:00\",\"mainEntityOfPage\":{\"@id\":\"https:\\\/\\\/culturaeafins.com\\\/index.php\\\/2025\\\/07\\\/12\\\/o-legado-grandioso-da-civilizacao-inca\\\/\"},\"wordCount\":645,\"commentCount\":0,\"publisher\":{\"@id\":\"https:\\\/\\\/culturaeafins.com\\\/#organization\"},\"image\":{\"@id\":\"https:\\\/\\\/culturaeafins.com\\\/index.php\\\/2025\\\/07\\\/12\\\/o-legado-grandioso-da-civilizacao-inca\\\/#primaryimage\"},\"thumbnailUrl\":\"https:\\\/\\\/culturaeafins.com\\\/wp-content\\\/uploads\\\/2025\\\/07\\\/civilizacao-inca.jpg\",\"articleSection\":[\"Arte e Cultura\"],\"inLanguage\":\"en-US\",\"potentialAction\":[{\"@type\":\"CommentAction\",\"name\":\"Comment\",\"target\":[\"https:\\\/\\\/culturaeafins.com\\\/index.php\\\/2025\\\/07\\\/12\\\/o-legado-grandioso-da-civilizacao-inca\\\/#respond\"]}]},{\"@type\":\"WebPage\",\"@id\":\"https:\\\/\\\/culturaeafins.com\\\/index.php\\\/2025\\\/07\\\/12\\\/o-legado-grandioso-da-civilizacao-inca\\\/\",\"url\":\"https:\\\/\\\/culturaeafins.com\\\/index.php\\\/2025\\\/07\\\/12\\\/o-legado-grandioso-da-civilizacao-inca\\\/\",\"name\":\"O legado grandioso da civiliza\u00e7\u00e3o inca - Cultura e Afins\",\"isPartOf\":{\"@id\":\"https:\\\/\\\/culturaeafins.com\\\/#website\"},\"primaryImageOfPage\":{\"@id\":\"https:\\\/\\\/culturaeafins.com\\\/index.php\\\/2025\\\/07\\\/12\\\/o-legado-grandioso-da-civilizacao-inca\\\/#primaryimage\"},\"image\":{\"@id\":\"https:\\\/\\\/culturaeafins.com\\\/index.php\\\/2025\\\/07\\\/12\\\/o-legado-grandioso-da-civilizacao-inca\\\/#primaryimage\"},\"thumbnailUrl\":\"https:\\\/\\\/culturaeafins.com\\\/wp-content\\\/uploads\\\/2025\\\/07\\\/civilizacao-inca.jpg\",\"datePublished\":\"2025-07-13T00:10:39+00:00\",\"description\":\"Sabemos do legado grandioso da civiliza\u00e7\u00e3o inca. Quando se fala em civiliza\u00e7\u00f5es antigas das Am\u00e9ricas, \u00e9 imposs\u00edvel n\u00e3o mencionar\u00a0 esse povo.\",\"breadcrumb\":{\"@id\":\"https:\\\/\\\/culturaeafins.com\\\/index.php\\\/2025\\\/07\\\/12\\\/o-legado-grandioso-da-civilizacao-inca\\\/#breadcrumb\"},\"inLanguage\":\"en-US\",\"potentialAction\":[{\"@type\":\"ReadAction\",\"target\":[\"https:\\\/\\\/culturaeafins.com\\\/index.php\\\/2025\\\/07\\\/12\\\/o-legado-grandioso-da-civilizacao-inca\\\/\"]}]},{\"@type\":\"ImageObject\",\"inLanguage\":\"en-US\",\"@id\":\"https:\\\/\\\/culturaeafins.com\\\/index.php\\\/2025\\\/07\\\/12\\\/o-legado-grandioso-da-civilizacao-inca\\\/#primaryimage\",\"url\":\"https:\\\/\\\/culturaeafins.com\\\/wp-content\\\/uploads\\\/2025\\\/07\\\/civilizacao-inca.jpg\",\"contentUrl\":\"https:\\\/\\\/culturaeafins.com\\\/wp-content\\\/uploads\\\/2025\\\/07\\\/civilizacao-inca.jpg\",\"width\":413,\"height\":384},{\"@type\":\"BreadcrumbList\",\"@id\":\"https:\\\/\\\/culturaeafins.com\\\/index.php\\\/2025\\\/07\\\/12\\\/o-legado-grandioso-da-civilizacao-inca\\\/#breadcrumb\",\"itemListElement\":[{\"@type\":\"ListItem\",\"position\":1,\"name\":\"In\u00edcio\",\"item\":\"https:\\\/\\\/culturaeafins.com\\\/\"},{\"@type\":\"ListItem\",\"position\":2,\"name\":\"O legado grandioso da civiliza\u00e7\u00e3o inca\"}]},{\"@type\":\"WebSite\",\"@id\":\"https:\\\/\\\/culturaeafins.com\\\/#website\",\"url\":\"https:\\\/\\\/culturaeafins.com\\\/\",\"name\":\"Cultura e Afins\",\"description\":\"\",\"publisher\":{\"@id\":\"https:\\\/\\\/culturaeafins.com\\\/#organization\"},\"potentialAction\":[{\"@type\":\"SearchAction\",\"target\":{\"@type\":\"EntryPoint\",\"urlTemplate\":\"https:\\\/\\\/culturaeafins.com\\\/?s={search_term_string}\"},\"query-input\":{\"@type\":\"PropertyValueSpecification\",\"valueRequired\":true,\"valueName\":\"search_term_string\"}}],\"inLanguage\":\"en-US\"},{\"@type\":\"Organization\",\"@id\":\"https:\\\/\\\/culturaeafins.com\\\/#organization\",\"name\":\"Cultura e Afins\",\"url\":\"https:\\\/\\\/culturaeafins.com\\\/\",\"logo\":{\"@type\":\"ImageObject\",\"inLanguage\":\"en-US\",\"@id\":\"https:\\\/\\\/culturaeafins.com\\\/#\\\/schema\\\/logo\\\/image\\\/\",\"url\":\"https:\\\/\\\/culturaeafins.com\\\/wp-content\\\/uploads\\\/2024\\\/01\\\/15115497096_9efb16a648_o.jpg\",\"contentUrl\":\"https:\\\/\\\/culturaeafins.com\\\/wp-content\\\/uploads\\\/2024\\\/01\\\/15115497096_9efb16a648_o.jpg\",\"width\":690,\"height\":317,\"caption\":\"Cultura e Afins\"},\"image\":{\"@id\":\"https:\\\/\\\/culturaeafins.com\\\/#\\\/schema\\\/logo\\\/image\\\/\"}},{\"@type\":\"Person\",\"@id\":\"https:\\\/\\\/culturaeafins.com\\\/#\\\/schema\\\/person\\\/5d1d5a375a3d9d2034d1a175aae85702\",\"name\":\"Culturaeafins\",\"image\":{\"@type\":\"ImageObject\",\"inLanguage\":\"en-US\",\"@id\":\"https:\\\/\\\/secure.gravatar.com\\\/avatar\\\/c7eb1bc1ef2ef58f0ff3ae1db737bdc5c931e84e43d43ccb3478db5f65bd9d0a?s=96&d=mm&r=g\",\"url\":\"https:\\\/\\\/secure.gravatar.com\\\/avatar\\\/c7eb1bc1ef2ef58f0ff3ae1db737bdc5c931e84e43d43ccb3478db5f65bd9d0a?s=96&d=mm&r=g\",\"contentUrl\":\"https:\\\/\\\/secure.gravatar.com\\\/avatar\\\/c7eb1bc1ef2ef58f0ff3ae1db737bdc5c931e84e43d43ccb3478db5f65bd9d0a?s=96&d=mm&r=g\",\"caption\":\"Culturaeafins\"},\"sameAs\":[\"https:\\\/\\\/culturaeafins.com\"],\"url\":\"https:\\\/\\\/culturaeafins.com\\\/index.php\\\/author\\\/culturaeafins\\\/\"}]}<\/script>\n<!-- \/ Yoast SEO plugin. -->","yoast_head_json":{"title":"O legado grandioso da civiliza\u00e7\u00e3o inca - Cultura e Afins","description":"Sabemos do legado grandioso da civiliza\u00e7\u00e3o inca. Quando se fala em civiliza\u00e7\u00f5es antigas das Am\u00e9ricas, \u00e9 imposs\u00edvel n\u00e3o mencionar\u00a0 esse povo.","robots":{"index":"index","follow":"follow","max-snippet":"max-snippet:-1","max-image-preview":"max-image-preview:large","max-video-preview":"max-video-preview:-1"},"canonical":"https:\/\/culturaeafins.com\/index.php\/2025\/07\/12\/o-legado-grandioso-da-civilizacao-inca\/","og_locale":"en_US","og_type":"article","og_title":"O legado grandioso da civiliza\u00e7\u00e3o inca - Cultura e Afins","og_description":"Sabemos do legado grandioso da civiliza\u00e7\u00e3o inca. Quando se fala em civiliza\u00e7\u00f5es antigas das Am\u00e9ricas, \u00e9 imposs\u00edvel n\u00e3o mencionar\u00a0 esse povo.","og_url":"https:\/\/culturaeafins.com\/index.php\/2025\/07\/12\/o-legado-grandioso-da-civilizacao-inca\/","og_site_name":"Cultura e Afins","article_published_time":"2025-07-13T00:10:39+00:00","og_image":[{"width":413,"height":384,"url":"https:\/\/culturaeafins.com\/wp-content\/uploads\/2025\/07\/civilizacao-inca.jpg","type":"image\/jpeg"}],"author":"Culturaeafins","twitter_card":"summary_large_image","twitter_misc":{"Written by":"Culturaeafins","Est. reading time":"4 minutes"},"schema":{"@context":"https:\/\/schema.org","@graph":[{"@type":"Article","@id":"https:\/\/culturaeafins.com\/index.php\/2025\/07\/12\/o-legado-grandioso-da-civilizacao-inca\/#article","isPartOf":{"@id":"https:\/\/culturaeafins.com\/index.php\/2025\/07\/12\/o-legado-grandioso-da-civilizacao-inca\/"},"author":{"name":"Culturaeafins","@id":"https:\/\/culturaeafins.com\/#\/schema\/person\/5d1d5a375a3d9d2034d1a175aae85702"},"headline":"O legado grandioso da civiliza\u00e7\u00e3o inca","datePublished":"2025-07-13T00:10:39+00:00","mainEntityOfPage":{"@id":"https:\/\/culturaeafins.com\/index.php\/2025\/07\/12\/o-legado-grandioso-da-civilizacao-inca\/"},"wordCount":645,"commentCount":0,"publisher":{"@id":"https:\/\/culturaeafins.com\/#organization"},"image":{"@id":"https:\/\/culturaeafins.com\/index.php\/2025\/07\/12\/o-legado-grandioso-da-civilizacao-inca\/#primaryimage"},"thumbnailUrl":"https:\/\/culturaeafins.com\/wp-content\/uploads\/2025\/07\/civilizacao-inca.jpg","articleSection":["Arte e Cultura"],"inLanguage":"en-US","potentialAction":[{"@type":"CommentAction","name":"Comment","target":["https:\/\/culturaeafins.com\/index.php\/2025\/07\/12\/o-legado-grandioso-da-civilizacao-inca\/#respond"]}]},{"@type":"WebPage","@id":"https:\/\/culturaeafins.com\/index.php\/2025\/07\/12\/o-legado-grandioso-da-civilizacao-inca\/","url":"https:\/\/culturaeafins.com\/index.php\/2025\/07\/12\/o-legado-grandioso-da-civilizacao-inca\/","name":"O legado grandioso da civiliza\u00e7\u00e3o inca - Cultura e Afins","isPartOf":{"@id":"https:\/\/culturaeafins.com\/#website"},"primaryImageOfPage":{"@id":"https:\/\/culturaeafins.com\/index.php\/2025\/07\/12\/o-legado-grandioso-da-civilizacao-inca\/#primaryimage"},"image":{"@id":"https:\/\/culturaeafins.com\/index.php\/2025\/07\/12\/o-legado-grandioso-da-civilizacao-inca\/#primaryimage"},"thumbnailUrl":"https:\/\/culturaeafins.com\/wp-content\/uploads\/2025\/07\/civilizacao-inca.jpg","datePublished":"2025-07-13T00:10:39+00:00","description":"Sabemos do legado grandioso da civiliza\u00e7\u00e3o inca. Quando se fala em civiliza\u00e7\u00f5es antigas das Am\u00e9ricas, \u00e9 imposs\u00edvel n\u00e3o mencionar\u00a0 esse povo.","breadcrumb":{"@id":"https:\/\/culturaeafins.com\/index.php\/2025\/07\/12\/o-legado-grandioso-da-civilizacao-inca\/#breadcrumb"},"inLanguage":"en-US","potentialAction":[{"@type":"ReadAction","target":["https:\/\/culturaeafins.com\/index.php\/2025\/07\/12\/o-legado-grandioso-da-civilizacao-inca\/"]}]},{"@type":"ImageObject","inLanguage":"en-US","@id":"https:\/\/culturaeafins.com\/index.php\/2025\/07\/12\/o-legado-grandioso-da-civilizacao-inca\/#primaryimage","url":"https:\/\/culturaeafins.com\/wp-content\/uploads\/2025\/07\/civilizacao-inca.jpg","contentUrl":"https:\/\/culturaeafins.com\/wp-content\/uploads\/2025\/07\/civilizacao-inca.jpg","width":413,"height":384},{"@type":"BreadcrumbList","@id":"https:\/\/culturaeafins.com\/index.php\/2025\/07\/12\/o-legado-grandioso-da-civilizacao-inca\/#breadcrumb","itemListElement":[{"@type":"ListItem","position":1,"name":"In\u00edcio","item":"https:\/\/culturaeafins.com\/"},{"@type":"ListItem","position":2,"name":"O legado grandioso da civiliza\u00e7\u00e3o inca"}]},{"@type":"WebSite","@id":"https:\/\/culturaeafins.com\/#website","url":"https:\/\/culturaeafins.com\/","name":"Cultura e Afins","description":"","publisher":{"@id":"https:\/\/culturaeafins.com\/#organization"},"potentialAction":[{"@type":"SearchAction","target":{"@type":"EntryPoint","urlTemplate":"https:\/\/culturaeafins.com\/?s={search_term_string}"},"query-input":{"@type":"PropertyValueSpecification","valueRequired":true,"valueName":"search_term_string"}}],"inLanguage":"en-US"},{"@type":"Organization","@id":"https:\/\/culturaeafins.com\/#organization","name":"Cultura e Afins","url":"https:\/\/culturaeafins.com\/","logo":{"@type":"ImageObject","inLanguage":"en-US","@id":"https:\/\/culturaeafins.com\/#\/schema\/logo\/image\/","url":"https:\/\/culturaeafins.com\/wp-content\/uploads\/2024\/01\/15115497096_9efb16a648_o.jpg","contentUrl":"https:\/\/culturaeafins.com\/wp-content\/uploads\/2024\/01\/15115497096_9efb16a648_o.jpg","width":690,"height":317,"caption":"Cultura e Afins"},"image":{"@id":"https:\/\/culturaeafins.com\/#\/schema\/logo\/image\/"}},{"@type":"Person","@id":"https:\/\/culturaeafins.com\/#\/schema\/person\/5d1d5a375a3d9d2034d1a175aae85702","name":"Culturaeafins","image":{"@type":"ImageObject","inLanguage":"en-US","@id":"https:\/\/secure.gravatar.com\/avatar\/c7eb1bc1ef2ef58f0ff3ae1db737bdc5c931e84e43d43ccb3478db5f65bd9d0a?s=96&d=mm&r=g","url":"https:\/\/secure.gravatar.com\/avatar\/c7eb1bc1ef2ef58f0ff3ae1db737bdc5c931e84e43d43ccb3478db5f65bd9d0a?s=96&d=mm&r=g","contentUrl":"https:\/\/secure.gravatar.com\/avatar\/c7eb1bc1ef2ef58f0ff3ae1db737bdc5c931e84e43d43ccb3478db5f65bd9d0a?s=96&d=mm&r=g","caption":"Culturaeafins"},"sameAs":["https:\/\/culturaeafins.com"],"url":"https:\/\/culturaeafins.com\/index.php\/author\/culturaeafins\/"}]}},"_links":{"self":[{"href":"https:\/\/culturaeafins.com\/index.php\/wp-json\/wp\/v2\/posts\/545","targetHints":{"allow":["GET"]}}],"collection":[{"href":"https:\/\/culturaeafins.com\/index.php\/wp-json\/wp\/v2\/posts"}],"about":[{"href":"https:\/\/culturaeafins.com\/index.php\/wp-json\/wp\/v2\/types\/post"}],"author":[{"embeddable":true,"href":"https:\/\/culturaeafins.com\/index.php\/wp-json\/wp\/v2\/users\/1"}],"replies":[{"embeddable":true,"href":"https:\/\/culturaeafins.com\/index.php\/wp-json\/wp\/v2\/comments?post=545"}],"version-history":[{"count":5,"href":"https:\/\/culturaeafins.com\/index.php\/wp-json\/wp\/v2\/posts\/545\/revisions"}],"predecessor-version":[{"id":550,"href":"https:\/\/culturaeafins.com\/index.php\/wp-json\/wp\/v2\/posts\/545\/revisions\/550"}],"wp:featuredmedia":[{"embeddable":true,"href":"https:\/\/culturaeafins.com\/index.php\/wp-json\/wp\/v2\/media\/551"}],"wp:attachment":[{"href":"https:\/\/culturaeafins.com\/index.php\/wp-json\/wp\/v2\/media?parent=545"}],"wp:term":[{"taxonomy":"category","embeddable":true,"href":"https:\/\/culturaeafins.com\/index.php\/wp-json\/wp\/v2\/categories?post=545"},{"taxonomy":"post_tag","embeddable":true,"href":"https:\/\/culturaeafins.com\/index.php\/wp-json\/wp\/v2\/tags?post=545"}],"curies":[{"name":"wp","href":"https:\/\/api.w.org\/{rel}","templated":true}]}}