{"id":521,"date":"2025-07-12T17:15:16","date_gmt":"2025-07-12T20:15:16","guid":{"rendered":"https:\/\/culturaeafins.com\/?p=521"},"modified":"2025-07-12T17:15:16","modified_gmt":"2025-07-12T20:15:16","slug":"a-profecia-celestina-um-despertar-espiritual-atraves-da-narrativa","status":"publish","type":"post","link":"https:\/\/culturaeafins.com\/index.php\/2025\/07\/12\/a-profecia-celestina-um-despertar-espiritual-atraves-da-narrativa\/","title":{"rendered":"A profecia celestina: um despertar espiritual atrav\u00e9s da narrativa"},"content":{"rendered":"<p>&#8220;A profecia celestina&#8221;, escrito por James Redfield e publicado em 1993, \u00e9 um daqueles livros que transcendem o r\u00f3tulo de fic\u00e7\u00e3o. \u00c9 um despertar espiritual atrav\u00e9s da narrativa. Misturando aventura com espiritualidade, o autor apresenta uma jornada que leva o leitor \u00e0 reflex\u00e3o profunda sobre a vida, as rela\u00e7\u00f5es humanas e o prop\u00f3sito da exist\u00eancia.<\/p>\n<h2>O livro passa uma mensagem filos\u00f3fica e espiritual<\/h2>\n<p>Embora seja uma obra de narrativa, a mensagem contida em suas p\u00e1ginas \u00e9 claramente filos\u00f3fica e espiritual. N\u00e3o \u00e0 toa, o livro se tornou um fen\u00f4meno mundial e influenciou milh\u00f5es de leitores ao redor do globo.<\/p>\n<p>A trama acompanha um protagonista an\u00f4nimo que parte em uma viagem ao Peru, ap\u00f3s um manuscrito antigo contendo nove revela\u00e7\u00f5es espirituais. A partir desse ponto, a hist\u00f3ria se desenrola como uma jornada de autoconhecimento e transforma\u00e7\u00e3o interior. A cada revela\u00e7\u00e3o descoberta, o personagem principal &#8211; e com ele, o leitor &#8211; \u00e9 convidado a enxergar o mundo sob uma nova \u00f3tica. Mais conectada e consciente.<\/p>\n<h2>O livro destaca a ideia de que n\u00e3o h\u00e1 coincid\u00eancias<\/h2>\n<p>Logo na primeira revela\u00e7\u00e3o, o livro destaca a ideia de que n\u00e3o h\u00e1 coincid\u00eancias, mas sim sincronicidades que nos guiam e nos despertam para um caminho mais elevado. Essa vis\u00e3o muda completamente a forma como o leitor pode encarar os acontecimentos do dia a dia, incentivando-o a prestar aten\u00e7\u00e3o nos sinais sutis da vida. Atrav\u00e9s de encontros aparentemente aleat\u00f3rios, o protagonista vai juntando pistas que o ajudam a compreender as revela\u00e7\u00f5es seguintes.<\/p>\n<p>Al\u00e9m disso, <em>A Profecia Celestina <\/em>sugere que estamos vivendo uma transforma\u00e7\u00e3o espiritual global. Ou seja, segundo o manuscrito da narrativa, a humanidade est\u00e1 evoluindo de uma vis\u00e3o puramente materialista para uma perspectiva mais energ\u00e9tica e espiritual. Essa transi\u00e7\u00e3o n\u00e3o ocorre de maneira abrupta, mas sim atrav\u00e9s de pequenas tomadas de consci\u00eancia, algo que o livro estimula a cada cap\u00edtulo.<\/p>\n<h2>A din\u00e2mica de poder nas rela\u00e7\u00f5es humanas<\/h2>\n<p>Outro ponto marcante da obra \u00e9 a din\u00e2mica de poder nas rela\u00e7\u00f5es humanas. Redfield defende que muitos dos conflitos entre as pessoas ocorrem porque tentamos roubar energia uns dos outros, utilizando mecanismo de\u00a0 controle como a intimida\u00e7\u00e3o, a vitimiza\u00e7\u00e3o, o distanciamento ou a agressividade. No entanto, ao nos conectarmos com uma fonte de energia superior &#8211; que pode ser entendida como o universo, Deus, ou o fluxo natural da vida &#8211; podemos nos sentir plenos sem precisar dominar o outro. Essa vis\u00e3o convida o leitor a repensar suas atitudes e buscar rela\u00e7\u00f5es mais equilibradas e conscientes.<\/p>\n<p>Conforme o enredo avan\u00e7a, o protagonista vai entendendo como captar essa energia diretamente, atrav\u00e9s da contempla\u00e7\u00e3o da natureza, da medita\u00e7\u00e3o e da escuta ativa. E \u00e9 justamente essa percep\u00e7\u00e3o sutil da realidade que faz com que o livro continue relevante mesmo d\u00e9cadas ap\u00f3s sua publica\u00e7\u00e3o. Em tempos de correria, ansiedade e distanciamento interior. <em>A Profecia Celestina\u00a0<\/em>oferece um respiro e prop\u00f5e uma reconex\u00e3o com o que realmente importa.<\/p>\n<h2>A obra mistura a\u00e7\u00e3o e ensinamentos espirituais<\/h2>\n<p>Ainda que o texto de Redfield por vezes se aproxime de um tom did\u00e1tico, isso n\u00e3o prejudica a narrativa, que se mant\u00e9m envolvente do in\u00edcio ao fim. Pelo contr\u00e1rio, a mistura entre a\u00e7\u00e3o e ensinamentos espirituais \u00e9 o que torna a leitura acess\u00edvel a um p\u00fablico mais amplo, inclusive \u00e0queles que n\u00e3o costumam se interessar por temas esot\u00e9ricos. O estilo \u00e9 simples, mas eficaz, e as ideias s\u00e3o transmitidas com clareza, muitas vezes por meio de di\u00e1logos entre os personagens.<\/p>\n<p>Importante destacar que o livro tamb\u00e9m tem seus cr\u00edticos. Algumas pessoas consideram a obra ing\u00eanua ou superficial do ponto de vista liter\u00e1rio. No entanto, mesmo entre esses leitores, reconhecer o valor das reflex\u00f5es propostas \u00e9 comum. Afinal, <em>A profecia Celestina<\/em> n\u00e3o se pretende uma obra de alta literatura, mas sim um instrumento de despertar espiritual.<\/p>\n<p>Por fim, o livro de James Redfield \u00e9 mais do que uma aventura pelo Peru em busca de manuscritos sagrados. Ele \u00e9 um convite \u00e0 introspec\u00e7\u00e3o, \u00e0 mudan\u00e7a de perspectiva e ao despertar de um consci\u00eancia mais elevada. Seja voc\u00ea um buscador espiritual ou apenas algu\u00e9m curioso por novas ideias, <em>A Profecia Celestina\u00a0<\/em>certamente oferece algo valioso: uma nova maneira de olhar para a vida, para as pessoas e para o mundo ao nosso redor.<\/p>\n<p><a href=\"http:\/\/Escapadas de inverno: como aproveitar os finais de semana para viajar e relaxar\">http:\/\/Escapadas de inverno: como aproveitar os finais de semana para viajar e relaxar<\/a><\/p>\n","protected":false},"excerpt":{"rendered":"<p>&#8220;A profecia celestina&#8221;, escrito por James Redfield e publicado em 1993, \u00e9 um daqueles livros que transcendem o r\u00f3tulo de fic\u00e7\u00e3o. \u00c9 um despertar espiritual atrav\u00e9s da narrativa. Misturando aventura &#8230;<\/p>\n","protected":false},"author":1,"featured_media":525,"comment_status":"open","ping_status":"open","sticky":false,"template":"","format":"standard","meta":{"footnotes":""},"categories":[3],"tags":[],"class_list":["post-521","post","type-post","status-publish","format-standard","has-post-thumbnail","hentry","category-livros"],"yoast_head":"<!-- This site is optimized with the Yoast SEO plugin v27.5 - https:\/\/yoast.com\/product\/yoast-seo-wordpress\/ -->\n<title>A profecia celestina: um despertar espiritual atrav\u00e9s da narrativa - Cultura e Afins<\/title>\n<meta name=\"description\" content=\"&quot;A profecia celestina&quot;, escrito por James Redfield e publicado em 1993, \u00e9 um daqueles livros que transcendem o r\u00f3tulo de fic\u00e7\u00e3o.\" \/>\n<meta name=\"robots\" content=\"index, follow, max-snippet:-1, max-image-preview:large, max-video-preview:-1\" \/>\n<link rel=\"canonical\" href=\"https:\/\/culturaeafins.com\/index.php\/2025\/07\/12\/a-profecia-celestina-um-despertar-espiritual-atraves-da-narrativa\/\" \/>\n<meta property=\"og:locale\" content=\"en_US\" \/>\n<meta property=\"og:type\" content=\"article\" \/>\n<meta property=\"og:title\" content=\"A profecia celestina: um despertar espiritual atrav\u00e9s da narrativa - Cultura e Afins\" \/>\n<meta property=\"og:description\" content=\"&quot;A profecia celestina&quot;, escrito por James Redfield e publicado em 1993, \u00e9 um daqueles livros que transcendem o r\u00f3tulo de fic\u00e7\u00e3o.\" \/>\n<meta property=\"og:url\" content=\"https:\/\/culturaeafins.com\/index.php\/2025\/07\/12\/a-profecia-celestina-um-despertar-espiritual-atraves-da-narrativa\/\" \/>\n<meta property=\"og:site_name\" content=\"Cultura e Afins\" \/>\n<meta property=\"article:published_time\" content=\"2025-07-12T20:15:16+00:00\" \/>\n<meta property=\"og:image\" content=\"https:\/\/culturaeafins.com\/wp-content\/uploads\/2025\/07\/Livro-A-profecia-celestina.jpeg-2.jpg\" \/>\n\t<meta property=\"og:image:width\" content=\"559\" \/>\n\t<meta property=\"og:image:height\" content=\"795\" \/>\n\t<meta property=\"og:image:type\" content=\"image\/jpeg\" \/>\n<meta name=\"author\" content=\"Culturaeafins\" \/>\n<meta name=\"twitter:card\" content=\"summary_large_image\" \/>\n<meta name=\"twitter:label1\" content=\"Written by\" \/>\n\t<meta name=\"twitter:data1\" content=\"Culturaeafins\" \/>\n\t<meta name=\"twitter:label2\" content=\"Est. reading time\" \/>\n\t<meta name=\"twitter:data2\" content=\"5 minutes\" \/>\n<script type=\"application\/ld+json\" class=\"yoast-schema-graph\">{\"@context\":\"https:\\\/\\\/schema.org\",\"@graph\":[{\"@type\":\"Article\",\"@id\":\"https:\\\/\\\/culturaeafins.com\\\/index.php\\\/2025\\\/07\\\/12\\\/a-profecia-celestina-um-despertar-espiritual-atraves-da-narrativa\\\/#article\",\"isPartOf\":{\"@id\":\"https:\\\/\\\/culturaeafins.com\\\/index.php\\\/2025\\\/07\\\/12\\\/a-profecia-celestina-um-despertar-espiritual-atraves-da-narrativa\\\/\"},\"author\":{\"name\":\"Culturaeafins\",\"@id\":\"https:\\\/\\\/culturaeafins.com\\\/#\\\/schema\\\/person\\\/5d1d5a375a3d9d2034d1a175aae85702\"},\"headline\":\"A profecia celestina: um despertar espiritual atrav\u00e9s da narrativa\",\"datePublished\":\"2025-07-12T20:15:16+00:00\",\"mainEntityOfPage\":{\"@id\":\"https:\\\/\\\/culturaeafins.com\\\/index.php\\\/2025\\\/07\\\/12\\\/a-profecia-celestina-um-despertar-espiritual-atraves-da-narrativa\\\/\"},\"wordCount\":780,\"commentCount\":0,\"publisher\":{\"@id\":\"https:\\\/\\\/culturaeafins.com\\\/#organization\"},\"image\":{\"@id\":\"https:\\\/\\\/culturaeafins.com\\\/index.php\\\/2025\\\/07\\\/12\\\/a-profecia-celestina-um-despertar-espiritual-atraves-da-narrativa\\\/#primaryimage\"},\"thumbnailUrl\":\"https:\\\/\\\/culturaeafins.com\\\/wp-content\\\/uploads\\\/2025\\\/07\\\/Livro-A-profecia-celestina.jpeg-2.jpg\",\"articleSection\":[\"Livros\"],\"inLanguage\":\"en-US\",\"potentialAction\":[{\"@type\":\"CommentAction\",\"name\":\"Comment\",\"target\":[\"https:\\\/\\\/culturaeafins.com\\\/index.php\\\/2025\\\/07\\\/12\\\/a-profecia-celestina-um-despertar-espiritual-atraves-da-narrativa\\\/#respond\"]}]},{\"@type\":\"WebPage\",\"@id\":\"https:\\\/\\\/culturaeafins.com\\\/index.php\\\/2025\\\/07\\\/12\\\/a-profecia-celestina-um-despertar-espiritual-atraves-da-narrativa\\\/\",\"url\":\"https:\\\/\\\/culturaeafins.com\\\/index.php\\\/2025\\\/07\\\/12\\\/a-profecia-celestina-um-despertar-espiritual-atraves-da-narrativa\\\/\",\"name\":\"A profecia celestina: um despertar espiritual atrav\u00e9s da narrativa - Cultura e Afins\",\"isPartOf\":{\"@id\":\"https:\\\/\\\/culturaeafins.com\\\/#website\"},\"primaryImageOfPage\":{\"@id\":\"https:\\\/\\\/culturaeafins.com\\\/index.php\\\/2025\\\/07\\\/12\\\/a-profecia-celestina-um-despertar-espiritual-atraves-da-narrativa\\\/#primaryimage\"},\"image\":{\"@id\":\"https:\\\/\\\/culturaeafins.com\\\/index.php\\\/2025\\\/07\\\/12\\\/a-profecia-celestina-um-despertar-espiritual-atraves-da-narrativa\\\/#primaryimage\"},\"thumbnailUrl\":\"https:\\\/\\\/culturaeafins.com\\\/wp-content\\\/uploads\\\/2025\\\/07\\\/Livro-A-profecia-celestina.jpeg-2.jpg\",\"datePublished\":\"2025-07-12T20:15:16+00:00\",\"description\":\"\\\"A profecia celestina\\\", escrito por James Redfield e publicado em 1993, \u00e9 um daqueles livros que transcendem o r\u00f3tulo de fic\u00e7\u00e3o.\",\"breadcrumb\":{\"@id\":\"https:\\\/\\\/culturaeafins.com\\\/index.php\\\/2025\\\/07\\\/12\\\/a-profecia-celestina-um-despertar-espiritual-atraves-da-narrativa\\\/#breadcrumb\"},\"inLanguage\":\"en-US\",\"potentialAction\":[{\"@type\":\"ReadAction\",\"target\":[\"https:\\\/\\\/culturaeafins.com\\\/index.php\\\/2025\\\/07\\\/12\\\/a-profecia-celestina-um-despertar-espiritual-atraves-da-narrativa\\\/\"]}]},{\"@type\":\"ImageObject\",\"inLanguage\":\"en-US\",\"@id\":\"https:\\\/\\\/culturaeafins.com\\\/index.php\\\/2025\\\/07\\\/12\\\/a-profecia-celestina-um-despertar-espiritual-atraves-da-narrativa\\\/#primaryimage\",\"url\":\"https:\\\/\\\/culturaeafins.com\\\/wp-content\\\/uploads\\\/2025\\\/07\\\/Livro-A-profecia-celestina.jpeg-2.jpg\",\"contentUrl\":\"https:\\\/\\\/culturaeafins.com\\\/wp-content\\\/uploads\\\/2025\\\/07\\\/Livro-A-profecia-celestina.jpeg-2.jpg\",\"width\":559,\"height\":795},{\"@type\":\"BreadcrumbList\",\"@id\":\"https:\\\/\\\/culturaeafins.com\\\/index.php\\\/2025\\\/07\\\/12\\\/a-profecia-celestina-um-despertar-espiritual-atraves-da-narrativa\\\/#breadcrumb\",\"itemListElement\":[{\"@type\":\"ListItem\",\"position\":1,\"name\":\"In\u00edcio\",\"item\":\"https:\\\/\\\/culturaeafins.com\\\/\"},{\"@type\":\"ListItem\",\"position\":2,\"name\":\"A profecia celestina: um despertar espiritual atrav\u00e9s da narrativa\"}]},{\"@type\":\"WebSite\",\"@id\":\"https:\\\/\\\/culturaeafins.com\\\/#website\",\"url\":\"https:\\\/\\\/culturaeafins.com\\\/\",\"name\":\"Cultura e Afins\",\"description\":\"\",\"publisher\":{\"@id\":\"https:\\\/\\\/culturaeafins.com\\\/#organization\"},\"potentialAction\":[{\"@type\":\"SearchAction\",\"target\":{\"@type\":\"EntryPoint\",\"urlTemplate\":\"https:\\\/\\\/culturaeafins.com\\\/?s={search_term_string}\"},\"query-input\":{\"@type\":\"PropertyValueSpecification\",\"valueRequired\":true,\"valueName\":\"search_term_string\"}}],\"inLanguage\":\"en-US\"},{\"@type\":\"Organization\",\"@id\":\"https:\\\/\\\/culturaeafins.com\\\/#organization\",\"name\":\"Cultura e Afins\",\"url\":\"https:\\\/\\\/culturaeafins.com\\\/\",\"logo\":{\"@type\":\"ImageObject\",\"inLanguage\":\"en-US\",\"@id\":\"https:\\\/\\\/culturaeafins.com\\\/#\\\/schema\\\/logo\\\/image\\\/\",\"url\":\"https:\\\/\\\/culturaeafins.com\\\/wp-content\\\/uploads\\\/2024\\\/01\\\/15115497096_9efb16a648_o.jpg\",\"contentUrl\":\"https:\\\/\\\/culturaeafins.com\\\/wp-content\\\/uploads\\\/2024\\\/01\\\/15115497096_9efb16a648_o.jpg\",\"width\":690,\"height\":317,\"caption\":\"Cultura e Afins\"},\"image\":{\"@id\":\"https:\\\/\\\/culturaeafins.com\\\/#\\\/schema\\\/logo\\\/image\\\/\"}},{\"@type\":\"Person\",\"@id\":\"https:\\\/\\\/culturaeafins.com\\\/#\\\/schema\\\/person\\\/5d1d5a375a3d9d2034d1a175aae85702\",\"name\":\"Culturaeafins\",\"image\":{\"@type\":\"ImageObject\",\"inLanguage\":\"en-US\",\"@id\":\"https:\\\/\\\/secure.gravatar.com\\\/avatar\\\/c7eb1bc1ef2ef58f0ff3ae1db737bdc5c931e84e43d43ccb3478db5f65bd9d0a?s=96&d=mm&r=g\",\"url\":\"https:\\\/\\\/secure.gravatar.com\\\/avatar\\\/c7eb1bc1ef2ef58f0ff3ae1db737bdc5c931e84e43d43ccb3478db5f65bd9d0a?s=96&d=mm&r=g\",\"contentUrl\":\"https:\\\/\\\/secure.gravatar.com\\\/avatar\\\/c7eb1bc1ef2ef58f0ff3ae1db737bdc5c931e84e43d43ccb3478db5f65bd9d0a?s=96&d=mm&r=g\",\"caption\":\"Culturaeafins\"},\"sameAs\":[\"https:\\\/\\\/culturaeafins.com\"],\"url\":\"https:\\\/\\\/culturaeafins.com\\\/index.php\\\/author\\\/culturaeafins\\\/\"}]}<\/script>\n<!-- \/ Yoast SEO plugin. -->","yoast_head_json":{"title":"A profecia celestina: um despertar espiritual atrav\u00e9s da narrativa - Cultura e Afins","description":"\"A profecia celestina\", escrito por James Redfield e publicado em 1993, \u00e9 um daqueles livros que transcendem o r\u00f3tulo de fic\u00e7\u00e3o.","robots":{"index":"index","follow":"follow","max-snippet":"max-snippet:-1","max-image-preview":"max-image-preview:large","max-video-preview":"max-video-preview:-1"},"canonical":"https:\/\/culturaeafins.com\/index.php\/2025\/07\/12\/a-profecia-celestina-um-despertar-espiritual-atraves-da-narrativa\/","og_locale":"en_US","og_type":"article","og_title":"A profecia celestina: um despertar espiritual atrav\u00e9s da narrativa - Cultura e Afins","og_description":"\"A profecia celestina\", escrito por James Redfield e publicado em 1993, \u00e9 um daqueles livros que transcendem o r\u00f3tulo de fic\u00e7\u00e3o.","og_url":"https:\/\/culturaeafins.com\/index.php\/2025\/07\/12\/a-profecia-celestina-um-despertar-espiritual-atraves-da-narrativa\/","og_site_name":"Cultura e Afins","article_published_time":"2025-07-12T20:15:16+00:00","og_image":[{"width":559,"height":795,"url":"https:\/\/culturaeafins.com\/wp-content\/uploads\/2025\/07\/Livro-A-profecia-celestina.jpeg-2.jpg","type":"image\/jpeg"}],"author":"Culturaeafins","twitter_card":"summary_large_image","twitter_misc":{"Written by":"Culturaeafins","Est. reading time":"5 minutes"},"schema":{"@context":"https:\/\/schema.org","@graph":[{"@type":"Article","@id":"https:\/\/culturaeafins.com\/index.php\/2025\/07\/12\/a-profecia-celestina-um-despertar-espiritual-atraves-da-narrativa\/#article","isPartOf":{"@id":"https:\/\/culturaeafins.com\/index.php\/2025\/07\/12\/a-profecia-celestina-um-despertar-espiritual-atraves-da-narrativa\/"},"author":{"name":"Culturaeafins","@id":"https:\/\/culturaeafins.com\/#\/schema\/person\/5d1d5a375a3d9d2034d1a175aae85702"},"headline":"A profecia celestina: um despertar espiritual atrav\u00e9s da narrativa","datePublished":"2025-07-12T20:15:16+00:00","mainEntityOfPage":{"@id":"https:\/\/culturaeafins.com\/index.php\/2025\/07\/12\/a-profecia-celestina-um-despertar-espiritual-atraves-da-narrativa\/"},"wordCount":780,"commentCount":0,"publisher":{"@id":"https:\/\/culturaeafins.com\/#organization"},"image":{"@id":"https:\/\/culturaeafins.com\/index.php\/2025\/07\/12\/a-profecia-celestina-um-despertar-espiritual-atraves-da-narrativa\/#primaryimage"},"thumbnailUrl":"https:\/\/culturaeafins.com\/wp-content\/uploads\/2025\/07\/Livro-A-profecia-celestina.jpeg-2.jpg","articleSection":["Livros"],"inLanguage":"en-US","potentialAction":[{"@type":"CommentAction","name":"Comment","target":["https:\/\/culturaeafins.com\/index.php\/2025\/07\/12\/a-profecia-celestina-um-despertar-espiritual-atraves-da-narrativa\/#respond"]}]},{"@type":"WebPage","@id":"https:\/\/culturaeafins.com\/index.php\/2025\/07\/12\/a-profecia-celestina-um-despertar-espiritual-atraves-da-narrativa\/","url":"https:\/\/culturaeafins.com\/index.php\/2025\/07\/12\/a-profecia-celestina-um-despertar-espiritual-atraves-da-narrativa\/","name":"A profecia celestina: um despertar espiritual atrav\u00e9s da narrativa - Cultura e Afins","isPartOf":{"@id":"https:\/\/culturaeafins.com\/#website"},"primaryImageOfPage":{"@id":"https:\/\/culturaeafins.com\/index.php\/2025\/07\/12\/a-profecia-celestina-um-despertar-espiritual-atraves-da-narrativa\/#primaryimage"},"image":{"@id":"https:\/\/culturaeafins.com\/index.php\/2025\/07\/12\/a-profecia-celestina-um-despertar-espiritual-atraves-da-narrativa\/#primaryimage"},"thumbnailUrl":"https:\/\/culturaeafins.com\/wp-content\/uploads\/2025\/07\/Livro-A-profecia-celestina.jpeg-2.jpg","datePublished":"2025-07-12T20:15:16+00:00","description":"\"A profecia celestina\", escrito por James Redfield e publicado em 1993, \u00e9 um daqueles livros que transcendem o r\u00f3tulo de fic\u00e7\u00e3o.","breadcrumb":{"@id":"https:\/\/culturaeafins.com\/index.php\/2025\/07\/12\/a-profecia-celestina-um-despertar-espiritual-atraves-da-narrativa\/#breadcrumb"},"inLanguage":"en-US","potentialAction":[{"@type":"ReadAction","target":["https:\/\/culturaeafins.com\/index.php\/2025\/07\/12\/a-profecia-celestina-um-despertar-espiritual-atraves-da-narrativa\/"]}]},{"@type":"ImageObject","inLanguage":"en-US","@id":"https:\/\/culturaeafins.com\/index.php\/2025\/07\/12\/a-profecia-celestina-um-despertar-espiritual-atraves-da-narrativa\/#primaryimage","url":"https:\/\/culturaeafins.com\/wp-content\/uploads\/2025\/07\/Livro-A-profecia-celestina.jpeg-2.jpg","contentUrl":"https:\/\/culturaeafins.com\/wp-content\/uploads\/2025\/07\/Livro-A-profecia-celestina.jpeg-2.jpg","width":559,"height":795},{"@type":"BreadcrumbList","@id":"https:\/\/culturaeafins.com\/index.php\/2025\/07\/12\/a-profecia-celestina-um-despertar-espiritual-atraves-da-narrativa\/#breadcrumb","itemListElement":[{"@type":"ListItem","position":1,"name":"In\u00edcio","item":"https:\/\/culturaeafins.com\/"},{"@type":"ListItem","position":2,"name":"A profecia celestina: um despertar espiritual atrav\u00e9s da narrativa"}]},{"@type":"WebSite","@id":"https:\/\/culturaeafins.com\/#website","url":"https:\/\/culturaeafins.com\/","name":"Cultura e Afins","description":"","publisher":{"@id":"https:\/\/culturaeafins.com\/#organization"},"potentialAction":[{"@type":"SearchAction","target":{"@type":"EntryPoint","urlTemplate":"https:\/\/culturaeafins.com\/?s={search_term_string}"},"query-input":{"@type":"PropertyValueSpecification","valueRequired":true,"valueName":"search_term_string"}}],"inLanguage":"en-US"},{"@type":"Organization","@id":"https:\/\/culturaeafins.com\/#organization","name":"Cultura e Afins","url":"https:\/\/culturaeafins.com\/","logo":{"@type":"ImageObject","inLanguage":"en-US","@id":"https:\/\/culturaeafins.com\/#\/schema\/logo\/image\/","url":"https:\/\/culturaeafins.com\/wp-content\/uploads\/2024\/01\/15115497096_9efb16a648_o.jpg","contentUrl":"https:\/\/culturaeafins.com\/wp-content\/uploads\/2024\/01\/15115497096_9efb16a648_o.jpg","width":690,"height":317,"caption":"Cultura e Afins"},"image":{"@id":"https:\/\/culturaeafins.com\/#\/schema\/logo\/image\/"}},{"@type":"Person","@id":"https:\/\/culturaeafins.com\/#\/schema\/person\/5d1d5a375a3d9d2034d1a175aae85702","name":"Culturaeafins","image":{"@type":"ImageObject","inLanguage":"en-US","@id":"https:\/\/secure.gravatar.com\/avatar\/c7eb1bc1ef2ef58f0ff3ae1db737bdc5c931e84e43d43ccb3478db5f65bd9d0a?s=96&d=mm&r=g","url":"https:\/\/secure.gravatar.com\/avatar\/c7eb1bc1ef2ef58f0ff3ae1db737bdc5c931e84e43d43ccb3478db5f65bd9d0a?s=96&d=mm&r=g","contentUrl":"https:\/\/secure.gravatar.com\/avatar\/c7eb1bc1ef2ef58f0ff3ae1db737bdc5c931e84e43d43ccb3478db5f65bd9d0a?s=96&d=mm&r=g","caption":"Culturaeafins"},"sameAs":["https:\/\/culturaeafins.com"],"url":"https:\/\/culturaeafins.com\/index.php\/author\/culturaeafins\/"}]}},"_links":{"self":[{"href":"https:\/\/culturaeafins.com\/index.php\/wp-json\/wp\/v2\/posts\/521","targetHints":{"allow":["GET"]}}],"collection":[{"href":"https:\/\/culturaeafins.com\/index.php\/wp-json\/wp\/v2\/posts"}],"about":[{"href":"https:\/\/culturaeafins.com\/index.php\/wp-json\/wp\/v2\/types\/post"}],"author":[{"embeddable":true,"href":"https:\/\/culturaeafins.com\/index.php\/wp-json\/wp\/v2\/users\/1"}],"replies":[{"embeddable":true,"href":"https:\/\/culturaeafins.com\/index.php\/wp-json\/wp\/v2\/comments?post=521"}],"version-history":[{"count":12,"href":"https:\/\/culturaeafins.com\/index.php\/wp-json\/wp\/v2\/posts\/521\/revisions"}],"predecessor-version":[{"id":536,"href":"https:\/\/culturaeafins.com\/index.php\/wp-json\/wp\/v2\/posts\/521\/revisions\/536"}],"wp:featuredmedia":[{"embeddable":true,"href":"https:\/\/culturaeafins.com\/index.php\/wp-json\/wp\/v2\/media\/525"}],"wp:attachment":[{"href":"https:\/\/culturaeafins.com\/index.php\/wp-json\/wp\/v2\/media?parent=521"}],"wp:term":[{"taxonomy":"category","embeddable":true,"href":"https:\/\/culturaeafins.com\/index.php\/wp-json\/wp\/v2\/categories?post=521"},{"taxonomy":"post_tag","embeddable":true,"href":"https:\/\/culturaeafins.com\/index.php\/wp-json\/wp\/v2\/tags?post=521"}],"curies":[{"name":"wp","href":"https:\/\/api.w.org\/{rel}","templated":true}]}}