{"id":439,"date":"2025-07-06T18:17:19","date_gmt":"2025-07-06T21:17:19","guid":{"rendered":"https:\/\/culturaeafins.com\/?p=439"},"modified":"2025-07-06T18:17:19","modified_gmt":"2025-07-06T21:17:19","slug":"o-lado-bom-do-inverno-aconchego-beleza-e-renovacao","status":"publish","type":"post","link":"https:\/\/culturaeafins.com\/index.php\/2025\/07\/06\/o-lado-bom-do-inverno-aconchego-beleza-e-renovacao\/","title":{"rendered":"O lado bom do inverno: aconchego, beleza e renova\u00e7\u00e3o"},"content":{"rendered":"<p>Embora o inverno seja, muitas vezes, associado ao frio intenso e aos dias mais curtos, essa esta\u00e7\u00e3o tamb\u00e9m carrega consigo uma s\u00e9rie de encantos que merecem ser valorizados. Ainda que muitas pessoas prefiram\u00a0 o calor do ver\u00e3o, \u00e9 ineg\u00e1vel que o inverno tem seu charme especial, principalmente quando se olha para os pequenos prazeres que ele proporciona. Por isso, \u00e9 importante enxergar o lado positivo dessa \u00e9poca do ano, que pode ser n\u00e3o apenas reconfortante, mas tamb\u00e9m renovadora.<\/p>\n<h2>Inverno &#8211; clima aconchegante que inspira<\/h2>\n<p>Antes de mais nada, \u00e9 imposs\u00edvel falar do inverno sem mencionar o clima aconchegante que ele inspira. Enquanto as temperaturas caem, aumenta a vontade de se abrigar em casa, enrolado em cobertores, com uma boa x\u00edcara de ch\u00e1 ou chocolate quente nas m\u00e3os. Al\u00e9m disso, o inverno favorece momentos de introspec\u00e7\u00e3o e tranquilidade, pois o ritmo desacelera, o que nos permite olhar para dentro e cuidar mais de n\u00f3s mesmos. Muitas vezes, o sil\u00eancio do inverno traz uma paz que as outras esta\u00e7\u00f5es n\u00e3o conseguem oferecer.<\/p>\n<h2>Estimula encontros calorosos<\/h2>\n<p>Ademais, o inverno tamb\u00e9m \u00e9 uma esta\u00e7\u00e3o que estimula encontros calorosos &#8211; mesmo com o frio. Embora o clima pare\u00e7a convidar ao isolamento, ele tamb\u00e9m refor\u00e7a os la\u00e7os entre amigos\u00a0 e familiares. Reunir-se um fondue, uma sopa ou mesmo para ver um filme sob as cobertas torna-se ainda mais especial. As rela\u00e7\u00f5es ganham um toque mais \u00edntimo, j\u00e1 que a busca por calor humano cresce. E, se por um lado o frio exige mais roupas, por outro, ele tamb\u00e9m convida ao estilo, j\u00e1 que os looks de inverno costumam ser elegantes e cheios de personalidade.<\/p>\n<h2>Paisagens \u00fanicas<\/h2>\n<p>Ainda que os dias sejam mais curtos, o inverno tamb\u00e9m oferece paisagens \u00fanicas. Em algumas regi\u00f5es, \u00e9 poss\u00edvel apreciar neblinas que d\u00e3o um ar misterioso \u00e0s manh\u00e3s, geadas que cobrem a grama com delicadeza, ou at\u00e9 mesmo a neve, que transforma tudo ao redor em um cen\u00e1rio de conto de fadas. Mesmo nas cidades, h\u00e1 uma mudan\u00e7a no ar: o c\u00e9u ganha um tom diferente, a luz se torna mais suave e os pores do sol s\u00e3o especialmente bonitos. Por essas raz\u00f5es, o inverno pode ser bastante inspirador para quem gosta de arte, fotografia ou simplesmente de contemplar a natureza.<\/p>\n<h2>Comer no inverno &#8211; um ato mais afetivo<\/h2>\n<p>Al\u00e9m do mais, a alimenta\u00e7\u00e3o durante o inverno ganha sabores especiais. Como a temperatura est\u00e1 mais baixa, sentimos mais vontade de pratos quentes, caldos, massas e sobremesas mais densas. Isso n\u00e3o apenas aquece o corpo, como tamb\u00e9m o cora\u00e7\u00e3o. Comer no inverno torna-se um ato mais afetivo, principalmente quando envolve receitas de fam\u00edlia ou momentos de partilha. Ainda que o ver\u00e3o seja marcado por frutas e comidas leves, o inverno nos d\u00e1 a chance de saborear comidas reconfortantes, que despertam lembran\u00e7as e sensa\u00e7\u00f5es agrad\u00e1veis.<\/p>\n<h2>Oportunidade para cuidar da sa\u00fade<\/h2>\n<p>N\u00e3o se pode esquecer, tamb\u00e9m, de que o inverno \u00e9 uma excelente oportunidade para cuidar da sa\u00fade f\u00edsica e emocional. Embora muita gente se sinta desmotivada a praticar exerc\u00edcios no frio, essa pode ser justamente a melhor hora para criar h\u00e1bitos. Como transpiramos menos, \u00e9 poss\u00edvel fazer atividades com mais conforto, e com isso manter o corpo aquecido e ativo. Al\u00e9m disso, a pele e os cabelos pedem cuidados especiais, o que nos incentiva a olhar com mais aten\u00e7\u00e3o para o autocuidado. Ou seja, o inverno, mesmo sendo rigoroso, nos ensina a cuidar melhor de n\u00f3s.<\/p>\n<h2>\u00c9poca em que a solidariedade deve estar mais presente<\/h2>\n<p>Contudo, \u00e9 fundamental lembrar que nem todas as pessoas conseguem desfrutar do inverno da mesma maneira. Por isso, essa tamb\u00e9m \u00e9 uma \u00e9poca em que a solidariedade deve estar mais presente. Campanhas do agasalho, doa\u00e7\u00f5es de cobertores e a\u00e7\u00f5es de apoio a moradores de rua s\u00e3o atitudes essenciais. Embora o frio traga conforto para uns, ele pode ser extremamente desafiador para outros. Logo, esse \u00e9 um momento importante para exercitar a empatia e colaborar com quem precisa.<\/p>\n<p>Em resumo,o inverno pode ser uma esta\u00e7\u00e3o maravilhosa quando nos abrimos para enxergar suas qualidades. Apesar do frio e dos dias cinzentos, ele tamb\u00e9m oferece aconchego, beleza, sabor reflex\u00e3o e conex\u00e3o. Enquanto o ver\u00e3o pulsa com energia e movimento, o inverno convida \u00e0 pausa, ao cuidado e \u00e0 valoriza\u00e7\u00e3o das pequenas coisas. Portanto, da pr\u00f3xima vez que o frio chegar, em vez de reclamar, experimente acolher essa esta\u00e7\u00e3o com carinho &#8211; voc\u00ea pode se surpreender com tudo o que ela tem a oferecer.<\/p>\n<p>&nbsp;<\/p>\n<p>&nbsp;<\/p>\n<p>&nbsp;<\/p>\n<p>&nbsp;<\/p>\n","protected":false},"excerpt":{"rendered":"<p>Embora o inverno seja, muitas vezes, associado ao frio intenso e aos dias mais curtos, essa esta\u00e7\u00e3o tamb\u00e9m carrega consigo uma s\u00e9rie de encantos que merecem ser valorizados. Ainda que &#8230;<\/p>\n","protected":false},"author":1,"featured_media":441,"comment_status":"open","ping_status":"open","sticky":false,"template":"","format":"standard","meta":{"footnotes":""},"categories":[1],"tags":[],"class_list":["post-439","post","type-post","status-publish","format-standard","has-post-thumbnail","hentry","category-blog"],"yoast_head":"<!-- This site is optimized with the Yoast SEO plugin v27.5 - https:\/\/yoast.com\/product\/yoast-seo-wordpress\/ -->\n<title>O lado bom do inverno: aconchego, beleza e renova\u00e7\u00e3o - Cultura e Afins<\/title>\n<meta name=\"description\" content=\"Embora o inverno seja, muitas vezes, associado ao frio intenso e aos dias mais curtos, essa esta\u00e7\u00e3o tamb\u00e9m carrega consigo\" \/>\n<meta name=\"robots\" content=\"index, follow, max-snippet:-1, max-image-preview:large, max-video-preview:-1\" \/>\n<link rel=\"canonical\" href=\"https:\/\/culturaeafins.com\/index.php\/2025\/07\/06\/o-lado-bom-do-inverno-aconchego-beleza-e-renovacao\/\" \/>\n<meta property=\"og:locale\" content=\"en_US\" \/>\n<meta property=\"og:type\" content=\"article\" \/>\n<meta property=\"og:title\" content=\"O lado bom do inverno: aconchego, beleza e renova\u00e7\u00e3o - Cultura e Afins\" \/>\n<meta property=\"og:description\" content=\"Embora o inverno seja, muitas vezes, associado ao frio intenso e aos dias mais curtos, essa esta\u00e7\u00e3o tamb\u00e9m carrega consigo\" \/>\n<meta property=\"og:url\" content=\"https:\/\/culturaeafins.com\/index.php\/2025\/07\/06\/o-lado-bom-do-inverno-aconchego-beleza-e-renovacao\/\" \/>\n<meta property=\"og:site_name\" content=\"Cultura e Afins\" \/>\n<meta property=\"article:published_time\" content=\"2025-07-06T21:17:19+00:00\" \/>\n<meta property=\"og:image\" content=\"https:\/\/culturaeafins.com\/wp-content\/uploads\/2025\/07\/inverno.jpg\" \/>\n\t<meta property=\"og:image:width\" content=\"720\" \/>\n\t<meta property=\"og:image:height\" content=\"1092\" \/>\n\t<meta property=\"og:image:type\" content=\"image\/jpeg\" \/>\n<meta name=\"author\" content=\"Culturaeafins\" \/>\n<meta name=\"twitter:card\" content=\"summary_large_image\" \/>\n<meta name=\"twitter:label1\" content=\"Written by\" \/>\n\t<meta name=\"twitter:data1\" content=\"Culturaeafins\" \/>\n\t<meta name=\"twitter:label2\" content=\"Est. reading time\" \/>\n\t<meta name=\"twitter:data2\" content=\"5 minutes\" \/>\n<script type=\"application\/ld+json\" class=\"yoast-schema-graph\">{\"@context\":\"https:\\\/\\\/schema.org\",\"@graph\":[{\"@type\":\"Article\",\"@id\":\"https:\\\/\\\/culturaeafins.com\\\/index.php\\\/2025\\\/07\\\/06\\\/o-lado-bom-do-inverno-aconchego-beleza-e-renovacao\\\/#article\",\"isPartOf\":{\"@id\":\"https:\\\/\\\/culturaeafins.com\\\/index.php\\\/2025\\\/07\\\/06\\\/o-lado-bom-do-inverno-aconchego-beleza-e-renovacao\\\/\"},\"author\":{\"name\":\"Culturaeafins\",\"@id\":\"https:\\\/\\\/culturaeafins.com\\\/#\\\/schema\\\/person\\\/5d1d5a375a3d9d2034d1a175aae85702\"},\"headline\":\"O lado bom do inverno: aconchego, beleza e renova\u00e7\u00e3o\",\"datePublished\":\"2025-07-06T21:17:19+00:00\",\"mainEntityOfPage\":{\"@id\":\"https:\\\/\\\/culturaeafins.com\\\/index.php\\\/2025\\\/07\\\/06\\\/o-lado-bom-do-inverno-aconchego-beleza-e-renovacao\\\/\"},\"wordCount\":802,\"commentCount\":0,\"publisher\":{\"@id\":\"https:\\\/\\\/culturaeafins.com\\\/#organization\"},\"image\":{\"@id\":\"https:\\\/\\\/culturaeafins.com\\\/index.php\\\/2025\\\/07\\\/06\\\/o-lado-bom-do-inverno-aconchego-beleza-e-renovacao\\\/#primaryimage\"},\"thumbnailUrl\":\"https:\\\/\\\/culturaeafins.com\\\/wp-content\\\/uploads\\\/2025\\\/07\\\/inverno.jpg\",\"articleSection\":[\"Blog\"],\"inLanguage\":\"en-US\",\"potentialAction\":[{\"@type\":\"CommentAction\",\"name\":\"Comment\",\"target\":[\"https:\\\/\\\/culturaeafins.com\\\/index.php\\\/2025\\\/07\\\/06\\\/o-lado-bom-do-inverno-aconchego-beleza-e-renovacao\\\/#respond\"]}]},{\"@type\":\"WebPage\",\"@id\":\"https:\\\/\\\/culturaeafins.com\\\/index.php\\\/2025\\\/07\\\/06\\\/o-lado-bom-do-inverno-aconchego-beleza-e-renovacao\\\/\",\"url\":\"https:\\\/\\\/culturaeafins.com\\\/index.php\\\/2025\\\/07\\\/06\\\/o-lado-bom-do-inverno-aconchego-beleza-e-renovacao\\\/\",\"name\":\"O lado bom do inverno: aconchego, beleza e renova\u00e7\u00e3o - Cultura e Afins\",\"isPartOf\":{\"@id\":\"https:\\\/\\\/culturaeafins.com\\\/#website\"},\"primaryImageOfPage\":{\"@id\":\"https:\\\/\\\/culturaeafins.com\\\/index.php\\\/2025\\\/07\\\/06\\\/o-lado-bom-do-inverno-aconchego-beleza-e-renovacao\\\/#primaryimage\"},\"image\":{\"@id\":\"https:\\\/\\\/culturaeafins.com\\\/index.php\\\/2025\\\/07\\\/06\\\/o-lado-bom-do-inverno-aconchego-beleza-e-renovacao\\\/#primaryimage\"},\"thumbnailUrl\":\"https:\\\/\\\/culturaeafins.com\\\/wp-content\\\/uploads\\\/2025\\\/07\\\/inverno.jpg\",\"datePublished\":\"2025-07-06T21:17:19+00:00\",\"description\":\"Embora o inverno seja, muitas vezes, associado ao frio intenso e aos dias mais curtos, essa esta\u00e7\u00e3o tamb\u00e9m carrega consigo\",\"breadcrumb\":{\"@id\":\"https:\\\/\\\/culturaeafins.com\\\/index.php\\\/2025\\\/07\\\/06\\\/o-lado-bom-do-inverno-aconchego-beleza-e-renovacao\\\/#breadcrumb\"},\"inLanguage\":\"en-US\",\"potentialAction\":[{\"@type\":\"ReadAction\",\"target\":[\"https:\\\/\\\/culturaeafins.com\\\/index.php\\\/2025\\\/07\\\/06\\\/o-lado-bom-do-inverno-aconchego-beleza-e-renovacao\\\/\"]}]},{\"@type\":\"ImageObject\",\"inLanguage\":\"en-US\",\"@id\":\"https:\\\/\\\/culturaeafins.com\\\/index.php\\\/2025\\\/07\\\/06\\\/o-lado-bom-do-inverno-aconchego-beleza-e-renovacao\\\/#primaryimage\",\"url\":\"https:\\\/\\\/culturaeafins.com\\\/wp-content\\\/uploads\\\/2025\\\/07\\\/inverno.jpg\",\"contentUrl\":\"https:\\\/\\\/culturaeafins.com\\\/wp-content\\\/uploads\\\/2025\\\/07\\\/inverno.jpg\",\"width\":720,\"height\":1092},{\"@type\":\"BreadcrumbList\",\"@id\":\"https:\\\/\\\/culturaeafins.com\\\/index.php\\\/2025\\\/07\\\/06\\\/o-lado-bom-do-inverno-aconchego-beleza-e-renovacao\\\/#breadcrumb\",\"itemListElement\":[{\"@type\":\"ListItem\",\"position\":1,\"name\":\"In\u00edcio\",\"item\":\"https:\\\/\\\/culturaeafins.com\\\/\"},{\"@type\":\"ListItem\",\"position\":2,\"name\":\"O lado bom do inverno: aconchego, beleza e renova\u00e7\u00e3o\"}]},{\"@type\":\"WebSite\",\"@id\":\"https:\\\/\\\/culturaeafins.com\\\/#website\",\"url\":\"https:\\\/\\\/culturaeafins.com\\\/\",\"name\":\"Cultura e Afins\",\"description\":\"\",\"publisher\":{\"@id\":\"https:\\\/\\\/culturaeafins.com\\\/#organization\"},\"potentialAction\":[{\"@type\":\"SearchAction\",\"target\":{\"@type\":\"EntryPoint\",\"urlTemplate\":\"https:\\\/\\\/culturaeafins.com\\\/?s={search_term_string}\"},\"query-input\":{\"@type\":\"PropertyValueSpecification\",\"valueRequired\":true,\"valueName\":\"search_term_string\"}}],\"inLanguage\":\"en-US\"},{\"@type\":\"Organization\",\"@id\":\"https:\\\/\\\/culturaeafins.com\\\/#organization\",\"name\":\"Cultura e Afins\",\"url\":\"https:\\\/\\\/culturaeafins.com\\\/\",\"logo\":{\"@type\":\"ImageObject\",\"inLanguage\":\"en-US\",\"@id\":\"https:\\\/\\\/culturaeafins.com\\\/#\\\/schema\\\/logo\\\/image\\\/\",\"url\":\"https:\\\/\\\/culturaeafins.com\\\/wp-content\\\/uploads\\\/2024\\\/01\\\/15115497096_9efb16a648_o.jpg\",\"contentUrl\":\"https:\\\/\\\/culturaeafins.com\\\/wp-content\\\/uploads\\\/2024\\\/01\\\/15115497096_9efb16a648_o.jpg\",\"width\":690,\"height\":317,\"caption\":\"Cultura e Afins\"},\"image\":{\"@id\":\"https:\\\/\\\/culturaeafins.com\\\/#\\\/schema\\\/logo\\\/image\\\/\"}},{\"@type\":\"Person\",\"@id\":\"https:\\\/\\\/culturaeafins.com\\\/#\\\/schema\\\/person\\\/5d1d5a375a3d9d2034d1a175aae85702\",\"name\":\"Culturaeafins\",\"image\":{\"@type\":\"ImageObject\",\"inLanguage\":\"en-US\",\"@id\":\"https:\\\/\\\/secure.gravatar.com\\\/avatar\\\/c7eb1bc1ef2ef58f0ff3ae1db737bdc5c931e84e43d43ccb3478db5f65bd9d0a?s=96&d=mm&r=g\",\"url\":\"https:\\\/\\\/secure.gravatar.com\\\/avatar\\\/c7eb1bc1ef2ef58f0ff3ae1db737bdc5c931e84e43d43ccb3478db5f65bd9d0a?s=96&d=mm&r=g\",\"contentUrl\":\"https:\\\/\\\/secure.gravatar.com\\\/avatar\\\/c7eb1bc1ef2ef58f0ff3ae1db737bdc5c931e84e43d43ccb3478db5f65bd9d0a?s=96&d=mm&r=g\",\"caption\":\"Culturaeafins\"},\"sameAs\":[\"https:\\\/\\\/culturaeafins.com\"],\"url\":\"https:\\\/\\\/culturaeafins.com\\\/index.php\\\/author\\\/culturaeafins\\\/\"}]}<\/script>\n<!-- \/ Yoast SEO plugin. -->","yoast_head_json":{"title":"O lado bom do inverno: aconchego, beleza e renova\u00e7\u00e3o - Cultura e Afins","description":"Embora o inverno seja, muitas vezes, associado ao frio intenso e aos dias mais curtos, essa esta\u00e7\u00e3o tamb\u00e9m carrega consigo","robots":{"index":"index","follow":"follow","max-snippet":"max-snippet:-1","max-image-preview":"max-image-preview:large","max-video-preview":"max-video-preview:-1"},"canonical":"https:\/\/culturaeafins.com\/index.php\/2025\/07\/06\/o-lado-bom-do-inverno-aconchego-beleza-e-renovacao\/","og_locale":"en_US","og_type":"article","og_title":"O lado bom do inverno: aconchego, beleza e renova\u00e7\u00e3o - Cultura e Afins","og_description":"Embora o inverno seja, muitas vezes, associado ao frio intenso e aos dias mais curtos, essa esta\u00e7\u00e3o tamb\u00e9m carrega consigo","og_url":"https:\/\/culturaeafins.com\/index.php\/2025\/07\/06\/o-lado-bom-do-inverno-aconchego-beleza-e-renovacao\/","og_site_name":"Cultura e Afins","article_published_time":"2025-07-06T21:17:19+00:00","og_image":[{"width":720,"height":1092,"url":"https:\/\/culturaeafins.com\/wp-content\/uploads\/2025\/07\/inverno.jpg","type":"image\/jpeg"}],"author":"Culturaeafins","twitter_card":"summary_large_image","twitter_misc":{"Written by":"Culturaeafins","Est. reading time":"5 minutes"},"schema":{"@context":"https:\/\/schema.org","@graph":[{"@type":"Article","@id":"https:\/\/culturaeafins.com\/index.php\/2025\/07\/06\/o-lado-bom-do-inverno-aconchego-beleza-e-renovacao\/#article","isPartOf":{"@id":"https:\/\/culturaeafins.com\/index.php\/2025\/07\/06\/o-lado-bom-do-inverno-aconchego-beleza-e-renovacao\/"},"author":{"name":"Culturaeafins","@id":"https:\/\/culturaeafins.com\/#\/schema\/person\/5d1d5a375a3d9d2034d1a175aae85702"},"headline":"O lado bom do inverno: aconchego, beleza e renova\u00e7\u00e3o","datePublished":"2025-07-06T21:17:19+00:00","mainEntityOfPage":{"@id":"https:\/\/culturaeafins.com\/index.php\/2025\/07\/06\/o-lado-bom-do-inverno-aconchego-beleza-e-renovacao\/"},"wordCount":802,"commentCount":0,"publisher":{"@id":"https:\/\/culturaeafins.com\/#organization"},"image":{"@id":"https:\/\/culturaeafins.com\/index.php\/2025\/07\/06\/o-lado-bom-do-inverno-aconchego-beleza-e-renovacao\/#primaryimage"},"thumbnailUrl":"https:\/\/culturaeafins.com\/wp-content\/uploads\/2025\/07\/inverno.jpg","articleSection":["Blog"],"inLanguage":"en-US","potentialAction":[{"@type":"CommentAction","name":"Comment","target":["https:\/\/culturaeafins.com\/index.php\/2025\/07\/06\/o-lado-bom-do-inverno-aconchego-beleza-e-renovacao\/#respond"]}]},{"@type":"WebPage","@id":"https:\/\/culturaeafins.com\/index.php\/2025\/07\/06\/o-lado-bom-do-inverno-aconchego-beleza-e-renovacao\/","url":"https:\/\/culturaeafins.com\/index.php\/2025\/07\/06\/o-lado-bom-do-inverno-aconchego-beleza-e-renovacao\/","name":"O lado bom do inverno: aconchego, beleza e renova\u00e7\u00e3o - Cultura e Afins","isPartOf":{"@id":"https:\/\/culturaeafins.com\/#website"},"primaryImageOfPage":{"@id":"https:\/\/culturaeafins.com\/index.php\/2025\/07\/06\/o-lado-bom-do-inverno-aconchego-beleza-e-renovacao\/#primaryimage"},"image":{"@id":"https:\/\/culturaeafins.com\/index.php\/2025\/07\/06\/o-lado-bom-do-inverno-aconchego-beleza-e-renovacao\/#primaryimage"},"thumbnailUrl":"https:\/\/culturaeafins.com\/wp-content\/uploads\/2025\/07\/inverno.jpg","datePublished":"2025-07-06T21:17:19+00:00","description":"Embora o inverno seja, muitas vezes, associado ao frio intenso e aos dias mais curtos, essa esta\u00e7\u00e3o tamb\u00e9m carrega consigo","breadcrumb":{"@id":"https:\/\/culturaeafins.com\/index.php\/2025\/07\/06\/o-lado-bom-do-inverno-aconchego-beleza-e-renovacao\/#breadcrumb"},"inLanguage":"en-US","potentialAction":[{"@type":"ReadAction","target":["https:\/\/culturaeafins.com\/index.php\/2025\/07\/06\/o-lado-bom-do-inverno-aconchego-beleza-e-renovacao\/"]}]},{"@type":"ImageObject","inLanguage":"en-US","@id":"https:\/\/culturaeafins.com\/index.php\/2025\/07\/06\/o-lado-bom-do-inverno-aconchego-beleza-e-renovacao\/#primaryimage","url":"https:\/\/culturaeafins.com\/wp-content\/uploads\/2025\/07\/inverno.jpg","contentUrl":"https:\/\/culturaeafins.com\/wp-content\/uploads\/2025\/07\/inverno.jpg","width":720,"height":1092},{"@type":"BreadcrumbList","@id":"https:\/\/culturaeafins.com\/index.php\/2025\/07\/06\/o-lado-bom-do-inverno-aconchego-beleza-e-renovacao\/#breadcrumb","itemListElement":[{"@type":"ListItem","position":1,"name":"In\u00edcio","item":"https:\/\/culturaeafins.com\/"},{"@type":"ListItem","position":2,"name":"O lado bom do inverno: aconchego, beleza e renova\u00e7\u00e3o"}]},{"@type":"WebSite","@id":"https:\/\/culturaeafins.com\/#website","url":"https:\/\/culturaeafins.com\/","name":"Cultura e Afins","description":"","publisher":{"@id":"https:\/\/culturaeafins.com\/#organization"},"potentialAction":[{"@type":"SearchAction","target":{"@type":"EntryPoint","urlTemplate":"https:\/\/culturaeafins.com\/?s={search_term_string}"},"query-input":{"@type":"PropertyValueSpecification","valueRequired":true,"valueName":"search_term_string"}}],"inLanguage":"en-US"},{"@type":"Organization","@id":"https:\/\/culturaeafins.com\/#organization","name":"Cultura e Afins","url":"https:\/\/culturaeafins.com\/","logo":{"@type":"ImageObject","inLanguage":"en-US","@id":"https:\/\/culturaeafins.com\/#\/schema\/logo\/image\/","url":"https:\/\/culturaeafins.com\/wp-content\/uploads\/2024\/01\/15115497096_9efb16a648_o.jpg","contentUrl":"https:\/\/culturaeafins.com\/wp-content\/uploads\/2024\/01\/15115497096_9efb16a648_o.jpg","width":690,"height":317,"caption":"Cultura e Afins"},"image":{"@id":"https:\/\/culturaeafins.com\/#\/schema\/logo\/image\/"}},{"@type":"Person","@id":"https:\/\/culturaeafins.com\/#\/schema\/person\/5d1d5a375a3d9d2034d1a175aae85702","name":"Culturaeafins","image":{"@type":"ImageObject","inLanguage":"en-US","@id":"https:\/\/secure.gravatar.com\/avatar\/c7eb1bc1ef2ef58f0ff3ae1db737bdc5c931e84e43d43ccb3478db5f65bd9d0a?s=96&d=mm&r=g","url":"https:\/\/secure.gravatar.com\/avatar\/c7eb1bc1ef2ef58f0ff3ae1db737bdc5c931e84e43d43ccb3478db5f65bd9d0a?s=96&d=mm&r=g","contentUrl":"https:\/\/secure.gravatar.com\/avatar\/c7eb1bc1ef2ef58f0ff3ae1db737bdc5c931e84e43d43ccb3478db5f65bd9d0a?s=96&d=mm&r=g","caption":"Culturaeafins"},"sameAs":["https:\/\/culturaeafins.com"],"url":"https:\/\/culturaeafins.com\/index.php\/author\/culturaeafins\/"}]}},"_links":{"self":[{"href":"https:\/\/culturaeafins.com\/index.php\/wp-json\/wp\/v2\/posts\/439","targetHints":{"allow":["GET"]}}],"collection":[{"href":"https:\/\/culturaeafins.com\/index.php\/wp-json\/wp\/v2\/posts"}],"about":[{"href":"https:\/\/culturaeafins.com\/index.php\/wp-json\/wp\/v2\/types\/post"}],"author":[{"embeddable":true,"href":"https:\/\/culturaeafins.com\/index.php\/wp-json\/wp\/v2\/users\/1"}],"replies":[{"embeddable":true,"href":"https:\/\/culturaeafins.com\/index.php\/wp-json\/wp\/v2\/comments?post=439"}],"version-history":[{"count":4,"href":"https:\/\/culturaeafins.com\/index.php\/wp-json\/wp\/v2\/posts\/439\/revisions"}],"predecessor-version":[{"id":444,"href":"https:\/\/culturaeafins.com\/index.php\/wp-json\/wp\/v2\/posts\/439\/revisions\/444"}],"wp:featuredmedia":[{"embeddable":true,"href":"https:\/\/culturaeafins.com\/index.php\/wp-json\/wp\/v2\/media\/441"}],"wp:attachment":[{"href":"https:\/\/culturaeafins.com\/index.php\/wp-json\/wp\/v2\/media?parent=439"}],"wp:term":[{"taxonomy":"category","embeddable":true,"href":"https:\/\/culturaeafins.com\/index.php\/wp-json\/wp\/v2\/categories?post=439"},{"taxonomy":"post_tag","embeddable":true,"href":"https:\/\/culturaeafins.com\/index.php\/wp-json\/wp\/v2\/tags?post=439"}],"curies":[{"name":"wp","href":"https:\/\/api.w.org\/{rel}","templated":true}]}}