{"id":421,"date":"2025-06-28T18:15:12","date_gmt":"2025-06-28T21:15:12","guid":{"rendered":"https:\/\/culturaeafins.com\/?p=421"},"modified":"2025-07-09T12:20:57","modified_gmt":"2025-07-09T15:20:57","slug":"mpb-a-voz-e-a-alma-do-brasil","status":"publish","type":"post","link":"https:\/\/culturaeafins.com\/index.php\/2025\/06\/28\/mpb-a-voz-e-a-alma-do-brasil\/","title":{"rendered":"MPB: a voz e a alma do Brasil"},"content":{"rendered":"<p>A M\u00fasica Popular Brasileira, mais conhecida como MPB, \u00e9 muito mais do que um g\u00eanero musical: \u00e9 a express\u00e3o da voz\u00a0 e da alma do Brasil.<\/p>\n<p>Com suas melodias ricas, letras po\u00e9ticas e diversidade de influ\u00eancias, a MPB conquistou n\u00e3o apenas o cora\u00e7\u00e3o dos brasileiros. Mas tamb\u00e9m o repeito do mundo inteiro. Para entender o que torna a MPB t\u00e3o especial, \u00e9 preciso voltar no tempo e mergulhar na hist\u00f3ria cultural do Brasil.<\/p>\n<h2>Hist\u00f3ria cultural do Brasil<\/h2>\n<p>Primeiramente, vale lembrar que o termo MPB surgiu nos ano 1960, durante um per\u00edodo de intensas transforma\u00e7\u00f5es sociais e pol\u00edticas no pa\u00eds. Embora a m\u00fasica brasileira j\u00e1 fosse rica em ritmos como o samba, o bai\u00e3o e a bossa nova. Foi nessa d\u00e9cada que o conceito de MPB come\u00e7ou a se consolidar. Esse novo movimento buscava valorizar as ra\u00edzes nacionais. Ao mesmo tempo em que dialogava com influ\u00eancias estrangeiras e abordava temas ligados \u00e0 realidade brasileira. Por meio da MPB, os artistas contavam sobre o amor, a natureza, as belezas do Brasil, mas tamb\u00e9m faziam cr\u00edticas sociais e pol\u00edticas, refletindo os anseios de uma gera\u00e7\u00e3o.<\/p>\n<p>Entre os nomes que ajudaram a construir a hist\u00f3ria da MPB, destacam-se artistas como Chico Buarque, Caetano Veloso, Gilberto Gil, Gal Costa, Elis Regina, Maria Beth\u00e2nia e Milton Nascimento. Cada um deles trouxe sua voz \u00fanica e suas pr\u00f3prias viv\u00eancias, mas todos tinham em comum o desejo de criar uma m\u00fasica que dialogasse com a identidade nacional. Al\u00e9m disso, muitos desses artistas enfrentaram\u00a0 a censura durante a ditadura militar, mostrando como a MPB tamb\u00e9m foi uma forma de resist\u00eancia e de luta pela liberdade de express\u00e3o.<\/p>\n<h2>MPB e sua capacidade de se reinventar<\/h2>\n<p>Outro aspecto marcante da MPB \u00e9 sua capacidade de se reinventar sem perder suas ra\u00edzes. Ao longo das d\u00e9cadas, o g\u00eanero soube dialogar com novas tend\u00eancias e sonoridades, incorporando elementos do rock, do pop, do reggae e at\u00e9 da m\u00fasica eletr\u00f4nica. Isso fez com que a MPB se mantivesse viva e atual, conquistando novas gera\u00e7\u00f5es e ultrapassando fronteiras. \u00c9 por isso que at\u00e9 hoje vemos jovens artistas, como Marisa Monte, Vanessa da Mata, Ana Carolina e Tiago Iorc, que seguem a tradi\u00e7\u00e3o da MPB, mas com um toque moderno e pessoal.<\/p>\n<h2>Letras que s\u00e3o verdadeiras poesias<\/h2>\n<p>Al\u00e9m da riqueza musical, a MPB \u00e9 marcada por letras que s\u00e3o verdadeiras poesias. Por meio das palavras, os compositores da MPB falam de sentimentos universais, como o amor e a saudade, mas tamb\u00e9m abordam temas como desigualdade, injusti\u00e7a e esperan\u00e7a. Quem nunca se emocionou ao ouvir os versos de &#8220;C\u00e1lice&#8221;, de Chico Buarque e Gilberto Gil, ou se sentiu mais leve ao escutar &#8220;Aquarela do braisl&#8221;, de Ary Barroso? A MPB consegue traduzir em m\u00fasica aquilo que, muitas vezes, nao conseguimos expressar em palavras.<\/p>\n<h2>A MPB valoriza a diversidade cultural do Brasil<\/h2>\n<p>Outro ponto que merece destaque \u00e9 como a MPB valoriza a diversidade cultural do Brasil. As can\u00e7\u00f5es percorrem os quatro cantos do pa\u00eds e trazem elementos do samba do Rio de Janeiro, do frevo de Permambuco, do bai\u00e3o do Nordeste, do choro e at\u00e9 do folclore amaz\u00f4nico. Essa mistura de ritmos e estilos reflete a pr\u00f3pria diversidade do povo brasileiro, suas hist\u00f3rias e suas ra\u00edzes. Por isso, ouvir MPB \u00e9, de certa forma, viajar pelo Brasil e descobrir suas cores, sabores e paisagens.<\/p>\n<p>Al\u00e9m de tudo isso, a MPB tem um papel fundamental na forma\u00e7\u00e3o cultural do brasileiro. Desde a inf\u00e2ncia, somos apresentados a suas can\u00e7\u00f5es nas escolas, nas festas, nas novelas e nas trilhas sonoras do nosso dia a dia. Assim, a MPB ajuda a formar nossa identidade e a despertar o senso cr\u00edtico e a sensibilidade art\u00edstica. Sem contar que, para muitos m\u00fasicos, aprender a tocar uma can\u00e7\u00e3o de MPB no viol\u00e3o \u00e9 quase um rito de passagem.<\/p>\n<p>Em resumo, a MPB \u00e9 um patrim\u00f4nio do Brasil. Ela \u00e9, ao mesmo tempo, tradi\u00e7\u00e3o e modernidade, poesia e ritmo, resist\u00eancia e celebra\u00e7\u00e3o. Em cada acorde, em cada verso, a MPB nos lembra de quem somos. Ela nos convida a sonhar com um pa\u00eds mais justo, livre e cheio de m\u00fasica. Por isso, vale a pena ouvir, sentir e valorizar essa arte que, com tanto talento, traduz a alma brasileira.<\/p>\n<p><a href=\"http:\/\/Livros que mudam a forma como pensamos\">http:\/\/Livros que mudam a forma como pensamos<\/a><\/p>\n<p>&nbsp;<\/p>\n<p>&nbsp;<\/p>\n<p>&nbsp;<\/p>\n<p>&nbsp;<\/p>\n","protected":false},"excerpt":{"rendered":"<p>A M\u00fasica Popular Brasileira, mais conhecida como MPB, \u00e9 muito mais do que um g\u00eanero musical: \u00e9 a express\u00e3o da voz\u00a0 e da alma do Brasil.<br \/>\nCom suas melodias ricas, letras &#8230;<\/p>\n","protected":false},"author":1,"featured_media":434,"comment_status":"open","ping_status":"open","sticky":false,"template":"","format":"standard","meta":{"footnotes":""},"categories":[4],"tags":[],"class_list":["post-421","post","type-post","status-publish","format-standard","has-post-thumbnail","hentry","category-arte-e-cultura"],"yoast_head":"<!-- This site is optimized with the Yoast SEO plugin v27.5 - https:\/\/yoast.com\/product\/yoast-seo-wordpress\/ -->\n<title>MPB: a voz e a alma do Brasil - Cultura e Afins<\/title>\n<meta name=\"description\" content=\"A M\u00fasica Popular Brasileira, mais conhecida como MPB, \u00e9 muito mais do que um g\u00eanero musical: \u00e9 a express\u00e3o da alma de um povo.\" \/>\n<meta name=\"robots\" content=\"index, follow, max-snippet:-1, max-image-preview:large, max-video-preview:-1\" \/>\n<link rel=\"canonical\" href=\"https:\/\/culturaeafins.com\/index.php\/2025\/06\/28\/mpb-a-voz-e-a-alma-do-brasil\/\" \/>\n<meta property=\"og:locale\" content=\"en_US\" \/>\n<meta property=\"og:type\" content=\"article\" \/>\n<meta property=\"og:title\" content=\"MPB: a voz e a alma do Brasil - Cultura e Afins\" \/>\n<meta property=\"og:description\" content=\"A M\u00fasica Popular Brasileira, mais conhecida como MPB, \u00e9 muito mais do que um g\u00eanero musical: \u00e9 a express\u00e3o da alma de um povo.\" \/>\n<meta property=\"og:url\" content=\"https:\/\/culturaeafins.com\/index.php\/2025\/06\/28\/mpb-a-voz-e-a-alma-do-brasil\/\" \/>\n<meta property=\"og:site_name\" content=\"Cultura e Afins\" \/>\n<meta property=\"article:published_time\" content=\"2025-06-28T21:15:12+00:00\" \/>\n<meta property=\"article:modified_time\" content=\"2025-07-09T15:20:57+00:00\" \/>\n<meta property=\"og:image\" content=\"https:\/\/culturaeafins.com\/wp-content\/uploads\/2025\/06\/MPB-e1751145264736.jpeg\" \/>\n\t<meta property=\"og:image:width\" content=\"500\" \/>\n\t<meta property=\"og:image:height\" content=\"888\" \/>\n\t<meta property=\"og:image:type\" content=\"image\/jpeg\" \/>\n<meta name=\"author\" content=\"Culturaeafins\" \/>\n<meta name=\"twitter:card\" content=\"summary_large_image\" \/>\n<meta name=\"twitter:label1\" content=\"Written by\" \/>\n\t<meta name=\"twitter:data1\" content=\"Culturaeafins\" \/>\n\t<meta name=\"twitter:label2\" content=\"Est. reading time\" \/>\n\t<meta name=\"twitter:data2\" content=\"5 minutes\" \/>\n<script type=\"application\/ld+json\" class=\"yoast-schema-graph\">{\"@context\":\"https:\\\/\\\/schema.org\",\"@graph\":[{\"@type\":\"Article\",\"@id\":\"https:\\\/\\\/culturaeafins.com\\\/index.php\\\/2025\\\/06\\\/28\\\/mpb-a-voz-e-a-alma-do-brasil\\\/#article\",\"isPartOf\":{\"@id\":\"https:\\\/\\\/culturaeafins.com\\\/index.php\\\/2025\\\/06\\\/28\\\/mpb-a-voz-e-a-alma-do-brasil\\\/\"},\"author\":{\"name\":\"Culturaeafins\",\"@id\":\"https:\\\/\\\/culturaeafins.com\\\/#\\\/schema\\\/person\\\/5d1d5a375a3d9d2034d1a175aae85702\"},\"headline\":\"MPB: a voz e a alma do Brasil\",\"datePublished\":\"2025-06-28T21:15:12+00:00\",\"dateModified\":\"2025-07-09T15:20:57+00:00\",\"mainEntityOfPage\":{\"@id\":\"https:\\\/\\\/culturaeafins.com\\\/index.php\\\/2025\\\/06\\\/28\\\/mpb-a-voz-e-a-alma-do-brasil\\\/\"},\"wordCount\":773,\"commentCount\":0,\"publisher\":{\"@id\":\"https:\\\/\\\/culturaeafins.com\\\/#organization\"},\"image\":{\"@id\":\"https:\\\/\\\/culturaeafins.com\\\/index.php\\\/2025\\\/06\\\/28\\\/mpb-a-voz-e-a-alma-do-brasil\\\/#primaryimage\"},\"thumbnailUrl\":\"https:\\\/\\\/culturaeafins.com\\\/wp-content\\\/uploads\\\/2025\\\/06\\\/MPB-e1751145264736.jpeg\",\"articleSection\":[\"Arte e Cultura\"],\"inLanguage\":\"en-US\",\"potentialAction\":[{\"@type\":\"CommentAction\",\"name\":\"Comment\",\"target\":[\"https:\\\/\\\/culturaeafins.com\\\/index.php\\\/2025\\\/06\\\/28\\\/mpb-a-voz-e-a-alma-do-brasil\\\/#respond\"]}]},{\"@type\":\"WebPage\",\"@id\":\"https:\\\/\\\/culturaeafins.com\\\/index.php\\\/2025\\\/06\\\/28\\\/mpb-a-voz-e-a-alma-do-brasil\\\/\",\"url\":\"https:\\\/\\\/culturaeafins.com\\\/index.php\\\/2025\\\/06\\\/28\\\/mpb-a-voz-e-a-alma-do-brasil\\\/\",\"name\":\"MPB: a voz e a alma do Brasil - Cultura e Afins\",\"isPartOf\":{\"@id\":\"https:\\\/\\\/culturaeafins.com\\\/#website\"},\"primaryImageOfPage\":{\"@id\":\"https:\\\/\\\/culturaeafins.com\\\/index.php\\\/2025\\\/06\\\/28\\\/mpb-a-voz-e-a-alma-do-brasil\\\/#primaryimage\"},\"image\":{\"@id\":\"https:\\\/\\\/culturaeafins.com\\\/index.php\\\/2025\\\/06\\\/28\\\/mpb-a-voz-e-a-alma-do-brasil\\\/#primaryimage\"},\"thumbnailUrl\":\"https:\\\/\\\/culturaeafins.com\\\/wp-content\\\/uploads\\\/2025\\\/06\\\/MPB-e1751145264736.jpeg\",\"datePublished\":\"2025-06-28T21:15:12+00:00\",\"dateModified\":\"2025-07-09T15:20:57+00:00\",\"description\":\"A M\u00fasica Popular Brasileira, mais conhecida como MPB, \u00e9 muito mais do que um g\u00eanero musical: \u00e9 a express\u00e3o da alma de um povo.\",\"breadcrumb\":{\"@id\":\"https:\\\/\\\/culturaeafins.com\\\/index.php\\\/2025\\\/06\\\/28\\\/mpb-a-voz-e-a-alma-do-brasil\\\/#breadcrumb\"},\"inLanguage\":\"en-US\",\"potentialAction\":[{\"@type\":\"ReadAction\",\"target\":[\"https:\\\/\\\/culturaeafins.com\\\/index.php\\\/2025\\\/06\\\/28\\\/mpb-a-voz-e-a-alma-do-brasil\\\/\"]}]},{\"@type\":\"ImageObject\",\"inLanguage\":\"en-US\",\"@id\":\"https:\\\/\\\/culturaeafins.com\\\/index.php\\\/2025\\\/06\\\/28\\\/mpb-a-voz-e-a-alma-do-brasil\\\/#primaryimage\",\"url\":\"https:\\\/\\\/culturaeafins.com\\\/wp-content\\\/uploads\\\/2025\\\/06\\\/MPB-e1751145264736.jpeg\",\"contentUrl\":\"https:\\\/\\\/culturaeafins.com\\\/wp-content\\\/uploads\\\/2025\\\/06\\\/MPB-e1751145264736.jpeg\",\"width\":500,\"height\":888},{\"@type\":\"BreadcrumbList\",\"@id\":\"https:\\\/\\\/culturaeafins.com\\\/index.php\\\/2025\\\/06\\\/28\\\/mpb-a-voz-e-a-alma-do-brasil\\\/#breadcrumb\",\"itemListElement\":[{\"@type\":\"ListItem\",\"position\":1,\"name\":\"In\u00edcio\",\"item\":\"https:\\\/\\\/culturaeafins.com\\\/\"},{\"@type\":\"ListItem\",\"position\":2,\"name\":\"MPB: a voz e a alma do Brasil\"}]},{\"@type\":\"WebSite\",\"@id\":\"https:\\\/\\\/culturaeafins.com\\\/#website\",\"url\":\"https:\\\/\\\/culturaeafins.com\\\/\",\"name\":\"Cultura e Afins\",\"description\":\"\",\"publisher\":{\"@id\":\"https:\\\/\\\/culturaeafins.com\\\/#organization\"},\"potentialAction\":[{\"@type\":\"SearchAction\",\"target\":{\"@type\":\"EntryPoint\",\"urlTemplate\":\"https:\\\/\\\/culturaeafins.com\\\/?s={search_term_string}\"},\"query-input\":{\"@type\":\"PropertyValueSpecification\",\"valueRequired\":true,\"valueName\":\"search_term_string\"}}],\"inLanguage\":\"en-US\"},{\"@type\":\"Organization\",\"@id\":\"https:\\\/\\\/culturaeafins.com\\\/#organization\",\"name\":\"Cultura e Afins\",\"url\":\"https:\\\/\\\/culturaeafins.com\\\/\",\"logo\":{\"@type\":\"ImageObject\",\"inLanguage\":\"en-US\",\"@id\":\"https:\\\/\\\/culturaeafins.com\\\/#\\\/schema\\\/logo\\\/image\\\/\",\"url\":\"https:\\\/\\\/culturaeafins.com\\\/wp-content\\\/uploads\\\/2024\\\/01\\\/15115497096_9efb16a648_o.jpg\",\"contentUrl\":\"https:\\\/\\\/culturaeafins.com\\\/wp-content\\\/uploads\\\/2024\\\/01\\\/15115497096_9efb16a648_o.jpg\",\"width\":690,\"height\":317,\"caption\":\"Cultura e Afins\"},\"image\":{\"@id\":\"https:\\\/\\\/culturaeafins.com\\\/#\\\/schema\\\/logo\\\/image\\\/\"}},{\"@type\":\"Person\",\"@id\":\"https:\\\/\\\/culturaeafins.com\\\/#\\\/schema\\\/person\\\/5d1d5a375a3d9d2034d1a175aae85702\",\"name\":\"Culturaeafins\",\"image\":{\"@type\":\"ImageObject\",\"inLanguage\":\"en-US\",\"@id\":\"https:\\\/\\\/secure.gravatar.com\\\/avatar\\\/c7eb1bc1ef2ef58f0ff3ae1db737bdc5c931e84e43d43ccb3478db5f65bd9d0a?s=96&d=mm&r=g\",\"url\":\"https:\\\/\\\/secure.gravatar.com\\\/avatar\\\/c7eb1bc1ef2ef58f0ff3ae1db737bdc5c931e84e43d43ccb3478db5f65bd9d0a?s=96&d=mm&r=g\",\"contentUrl\":\"https:\\\/\\\/secure.gravatar.com\\\/avatar\\\/c7eb1bc1ef2ef58f0ff3ae1db737bdc5c931e84e43d43ccb3478db5f65bd9d0a?s=96&d=mm&r=g\",\"caption\":\"Culturaeafins\"},\"sameAs\":[\"https:\\\/\\\/culturaeafins.com\"],\"url\":\"https:\\\/\\\/culturaeafins.com\\\/index.php\\\/author\\\/culturaeafins\\\/\"}]}<\/script>\n<!-- \/ Yoast SEO plugin. -->","yoast_head_json":{"title":"MPB: a voz e a alma do Brasil - Cultura e Afins","description":"A M\u00fasica Popular Brasileira, mais conhecida como MPB, \u00e9 muito mais do que um g\u00eanero musical: \u00e9 a express\u00e3o da alma de um povo.","robots":{"index":"index","follow":"follow","max-snippet":"max-snippet:-1","max-image-preview":"max-image-preview:large","max-video-preview":"max-video-preview:-1"},"canonical":"https:\/\/culturaeafins.com\/index.php\/2025\/06\/28\/mpb-a-voz-e-a-alma-do-brasil\/","og_locale":"en_US","og_type":"article","og_title":"MPB: a voz e a alma do Brasil - Cultura e Afins","og_description":"A M\u00fasica Popular Brasileira, mais conhecida como MPB, \u00e9 muito mais do que um g\u00eanero musical: \u00e9 a express\u00e3o da alma de um povo.","og_url":"https:\/\/culturaeafins.com\/index.php\/2025\/06\/28\/mpb-a-voz-e-a-alma-do-brasil\/","og_site_name":"Cultura e Afins","article_published_time":"2025-06-28T21:15:12+00:00","article_modified_time":"2025-07-09T15:20:57+00:00","og_image":[{"width":500,"height":888,"url":"https:\/\/culturaeafins.com\/wp-content\/uploads\/2025\/06\/MPB-e1751145264736.jpeg","type":"image\/jpeg"}],"author":"Culturaeafins","twitter_card":"summary_large_image","twitter_misc":{"Written by":"Culturaeafins","Est. reading time":"5 minutes"},"schema":{"@context":"https:\/\/schema.org","@graph":[{"@type":"Article","@id":"https:\/\/culturaeafins.com\/index.php\/2025\/06\/28\/mpb-a-voz-e-a-alma-do-brasil\/#article","isPartOf":{"@id":"https:\/\/culturaeafins.com\/index.php\/2025\/06\/28\/mpb-a-voz-e-a-alma-do-brasil\/"},"author":{"name":"Culturaeafins","@id":"https:\/\/culturaeafins.com\/#\/schema\/person\/5d1d5a375a3d9d2034d1a175aae85702"},"headline":"MPB: a voz e a alma do Brasil","datePublished":"2025-06-28T21:15:12+00:00","dateModified":"2025-07-09T15:20:57+00:00","mainEntityOfPage":{"@id":"https:\/\/culturaeafins.com\/index.php\/2025\/06\/28\/mpb-a-voz-e-a-alma-do-brasil\/"},"wordCount":773,"commentCount":0,"publisher":{"@id":"https:\/\/culturaeafins.com\/#organization"},"image":{"@id":"https:\/\/culturaeafins.com\/index.php\/2025\/06\/28\/mpb-a-voz-e-a-alma-do-brasil\/#primaryimage"},"thumbnailUrl":"https:\/\/culturaeafins.com\/wp-content\/uploads\/2025\/06\/MPB-e1751145264736.jpeg","articleSection":["Arte e Cultura"],"inLanguage":"en-US","potentialAction":[{"@type":"CommentAction","name":"Comment","target":["https:\/\/culturaeafins.com\/index.php\/2025\/06\/28\/mpb-a-voz-e-a-alma-do-brasil\/#respond"]}]},{"@type":"WebPage","@id":"https:\/\/culturaeafins.com\/index.php\/2025\/06\/28\/mpb-a-voz-e-a-alma-do-brasil\/","url":"https:\/\/culturaeafins.com\/index.php\/2025\/06\/28\/mpb-a-voz-e-a-alma-do-brasil\/","name":"MPB: a voz e a alma do Brasil - Cultura e Afins","isPartOf":{"@id":"https:\/\/culturaeafins.com\/#website"},"primaryImageOfPage":{"@id":"https:\/\/culturaeafins.com\/index.php\/2025\/06\/28\/mpb-a-voz-e-a-alma-do-brasil\/#primaryimage"},"image":{"@id":"https:\/\/culturaeafins.com\/index.php\/2025\/06\/28\/mpb-a-voz-e-a-alma-do-brasil\/#primaryimage"},"thumbnailUrl":"https:\/\/culturaeafins.com\/wp-content\/uploads\/2025\/06\/MPB-e1751145264736.jpeg","datePublished":"2025-06-28T21:15:12+00:00","dateModified":"2025-07-09T15:20:57+00:00","description":"A M\u00fasica Popular Brasileira, mais conhecida como MPB, \u00e9 muito mais do que um g\u00eanero musical: \u00e9 a express\u00e3o da alma de um povo.","breadcrumb":{"@id":"https:\/\/culturaeafins.com\/index.php\/2025\/06\/28\/mpb-a-voz-e-a-alma-do-brasil\/#breadcrumb"},"inLanguage":"en-US","potentialAction":[{"@type":"ReadAction","target":["https:\/\/culturaeafins.com\/index.php\/2025\/06\/28\/mpb-a-voz-e-a-alma-do-brasil\/"]}]},{"@type":"ImageObject","inLanguage":"en-US","@id":"https:\/\/culturaeafins.com\/index.php\/2025\/06\/28\/mpb-a-voz-e-a-alma-do-brasil\/#primaryimage","url":"https:\/\/culturaeafins.com\/wp-content\/uploads\/2025\/06\/MPB-e1751145264736.jpeg","contentUrl":"https:\/\/culturaeafins.com\/wp-content\/uploads\/2025\/06\/MPB-e1751145264736.jpeg","width":500,"height":888},{"@type":"BreadcrumbList","@id":"https:\/\/culturaeafins.com\/index.php\/2025\/06\/28\/mpb-a-voz-e-a-alma-do-brasil\/#breadcrumb","itemListElement":[{"@type":"ListItem","position":1,"name":"In\u00edcio","item":"https:\/\/culturaeafins.com\/"},{"@type":"ListItem","position":2,"name":"MPB: a voz e a alma do Brasil"}]},{"@type":"WebSite","@id":"https:\/\/culturaeafins.com\/#website","url":"https:\/\/culturaeafins.com\/","name":"Cultura e Afins","description":"","publisher":{"@id":"https:\/\/culturaeafins.com\/#organization"},"potentialAction":[{"@type":"SearchAction","target":{"@type":"EntryPoint","urlTemplate":"https:\/\/culturaeafins.com\/?s={search_term_string}"},"query-input":{"@type":"PropertyValueSpecification","valueRequired":true,"valueName":"search_term_string"}}],"inLanguage":"en-US"},{"@type":"Organization","@id":"https:\/\/culturaeafins.com\/#organization","name":"Cultura e Afins","url":"https:\/\/culturaeafins.com\/","logo":{"@type":"ImageObject","inLanguage":"en-US","@id":"https:\/\/culturaeafins.com\/#\/schema\/logo\/image\/","url":"https:\/\/culturaeafins.com\/wp-content\/uploads\/2024\/01\/15115497096_9efb16a648_o.jpg","contentUrl":"https:\/\/culturaeafins.com\/wp-content\/uploads\/2024\/01\/15115497096_9efb16a648_o.jpg","width":690,"height":317,"caption":"Cultura e Afins"},"image":{"@id":"https:\/\/culturaeafins.com\/#\/schema\/logo\/image\/"}},{"@type":"Person","@id":"https:\/\/culturaeafins.com\/#\/schema\/person\/5d1d5a375a3d9d2034d1a175aae85702","name":"Culturaeafins","image":{"@type":"ImageObject","inLanguage":"en-US","@id":"https:\/\/secure.gravatar.com\/avatar\/c7eb1bc1ef2ef58f0ff3ae1db737bdc5c931e84e43d43ccb3478db5f65bd9d0a?s=96&d=mm&r=g","url":"https:\/\/secure.gravatar.com\/avatar\/c7eb1bc1ef2ef58f0ff3ae1db737bdc5c931e84e43d43ccb3478db5f65bd9d0a?s=96&d=mm&r=g","contentUrl":"https:\/\/secure.gravatar.com\/avatar\/c7eb1bc1ef2ef58f0ff3ae1db737bdc5c931e84e43d43ccb3478db5f65bd9d0a?s=96&d=mm&r=g","caption":"Culturaeafins"},"sameAs":["https:\/\/culturaeafins.com"],"url":"https:\/\/culturaeafins.com\/index.php\/author\/culturaeafins\/"}]}},"_links":{"self":[{"href":"https:\/\/culturaeafins.com\/index.php\/wp-json\/wp\/v2\/posts\/421","targetHints":{"allow":["GET"]}}],"collection":[{"href":"https:\/\/culturaeafins.com\/index.php\/wp-json\/wp\/v2\/posts"}],"about":[{"href":"https:\/\/culturaeafins.com\/index.php\/wp-json\/wp\/v2\/types\/post"}],"author":[{"embeddable":true,"href":"https:\/\/culturaeafins.com\/index.php\/wp-json\/wp\/v2\/users\/1"}],"replies":[{"embeddable":true,"href":"https:\/\/culturaeafins.com\/index.php\/wp-json\/wp\/v2\/comments?post=421"}],"version-history":[{"count":14,"href":"https:\/\/culturaeafins.com\/index.php\/wp-json\/wp\/v2\/posts\/421\/revisions"}],"predecessor-version":[{"id":494,"href":"https:\/\/culturaeafins.com\/index.php\/wp-json\/wp\/v2\/posts\/421\/revisions\/494"}],"wp:featuredmedia":[{"embeddable":true,"href":"https:\/\/culturaeafins.com\/index.php\/wp-json\/wp\/v2\/media\/434"}],"wp:attachment":[{"href":"https:\/\/culturaeafins.com\/index.php\/wp-json\/wp\/v2\/media?parent=421"}],"wp:term":[{"taxonomy":"category","embeddable":true,"href":"https:\/\/culturaeafins.com\/index.php\/wp-json\/wp\/v2\/categories?post=421"},{"taxonomy":"post_tag","embeddable":true,"href":"https:\/\/culturaeafins.com\/index.php\/wp-json\/wp\/v2\/tags?post=421"}],"curies":[{"name":"wp","href":"https:\/\/api.w.org\/{rel}","templated":true}]}}