{"id":379,"date":"2025-05-27T13:21:46","date_gmt":"2025-05-27T16:21:46","guid":{"rendered":"https:\/\/culturaeafins.com\/?p=379"},"modified":"2025-07-09T11:35:18","modified_gmt":"2025-07-09T14:35:18","slug":"o-ato-de-meditar-um-caminho-para-o-autoconhecimento","status":"publish","type":"post","link":"https:\/\/culturaeafins.com\/index.php\/2025\/05\/27\/o-ato-de-meditar-um-caminho-para-o-autoconhecimento\/","title":{"rendered":"O ato de meditar: Um caminho para o autoconhecimento e a paz interior"},"content":{"rendered":"<p>Em um mundo onde a pressa, a ansiedade e o excesso de est\u00edmulos se tornaram parte da rotina, o simples ato de parar e respirar profundamente pode parecer revolucion\u00e1rio. Assim, a medita\u00e7\u00e3o, pr\u00e1tica milenar presente em diversas culturas e tradi\u00e7\u00f5es, tem ganhado cada vez mais espa\u00e7o no Ocidente como uma poderosa ferramenta de autoconhecimento, equil\u00edbrio emocional e bem-estar.<\/p>\n<h2>O que \u00e9 meditar?<\/h2>\n<p>Antes de mais nada, meditar n\u00e3o \u00e9 apenas sentar-se em sil\u00eancio e tentar &#8220;n\u00e3o pensar em nada&#8221; &#8211; um dos maiores mitos sobre a pr\u00e1tica &#8211; mas, um exerc\u00edcio de presen\u00e7a. Dessa forma, \u00e9 o ato de voltar a aten\u00e7\u00e3o para o momento presente, com aceita\u00e7\u00e3o e sem julgamento. E pode envolver a observa\u00e7\u00e3o da respira\u00e7\u00e3o, a repeti\u00e7\u00e3o de um mantra, a visualiza\u00e7\u00e3o de imagens mentais ou simplemente a percep\u00e7\u00e3o do corpo e dos pensamentos que surgem.<\/p>\n<p>Tamb\u00e9m existem diferentes estilos e abordagens, como a medita\u00e7\u00e3o midfulness, transcendental, guiada, ativa (como as de Osho), entre outras. A ess\u00eancia, no entanto, permanece a mesma: a busca por um estado de aten\u00e7\u00e3o plena, em que mente e corpo se conectam de forma harmoniosa.<\/p>\n<h2>Os benef\u00edcios da medita\u00e7\u00e3o<\/h2>\n<p>Os benef\u00edcios da medita\u00e7\u00e3o s\u00e3o amplamente documentados por estudos cient\u00edficos. Assim, ela \u00e9 conhecida por reduzir os n\u00edveis de estresse e ansiedade, melhorar a qualidade do sono, fortalecer o sistema imunol\u00f3gico, regular a press\u00e3o arterial e at\u00e9 mesmo alterar a estrutura do c\u00e9rebro &#8211; aumentando \u00e1reas relacionadas \u00e0 empatia, concentra\u00e7\u00e3o e regula\u00e7\u00e3o emocional.<\/p>\n<p>Al\u00e9m dos resultados fisiol\u00f3gicos, a medita\u00e7\u00e3o oferece um espa\u00e7o seguro para nos encontrarmos conosco. Em meio ao barulho do mundo, ela nos convida ao sil\u00eancio interior, ao contato com aquilo que realmente importa. Desse modo, ao praticar regularmente, passamos a lidar melhor com as adversidades, desenvolvemos mais clareza mental e cultivamos uma atitude mais compassiva em rela\u00e7\u00e3o a n\u00f3s mesmos e aos outros.<\/p>\n<h2>Come\u00e7ando a meditar: menos \u00e9 mais<\/h2>\n<p>Para quem nunca meditou, o in\u00edcio pode parecer desafiador. A mente tende a resistir ao sil\u00eancio, buscando distra\u00e7\u00f5es ou criando uma avalanche de pensamentos. \u00c9 normal. Pois n\u00e3o se trata de &#8220;esvaziar&#8221; a mente, mas de\u00a0 perceber o que est\u00e1 acontecendo nela, sem se deixar levar.<\/p>\n<p>Ent\u00e3o, comece com poucos minutos por dia. Sente-se confortavelmente, feche os olhos e leve a aten\u00e7\u00e3o para a respira\u00e7\u00e3o. Observe o ar entrando e saindo pelas narinas. Quando a mente divagar &#8211; e ela vai &#8211; apenas reconhe\u00e7a o pensamento e traga sua aten\u00e7\u00e3o de volta. Sem volta. Sem culpa, sem frustra\u00e7\u00e3o. \u00c9 nesse retorno que est\u00e1 o verdadeiro treino meditativo.<\/p>\n<p>Com o tempo, esses momentos de presen\u00e7a se expandem e come\u00e7am a se refletir na vida cotidiana. Tarefa simples como lavar a lou\u00e7a, caminhar ou conversar com algu\u00e9m tornam-se oportunidades de viver com mais consci\u00eancia.<\/p>\n<h2>Medita\u00e7\u00e3o \u00e9 para todos<\/h2>\n<p>N\u00e3o existe um perfil ideal de pessoa para meditar. Jovens, adultos, idosos, c\u00e9ticos ou espiritualistas &#8211; todos podem se beneficiar da pr\u00e1tica. Ela n\u00e3o exige equipamentos especiais, nem grandes espa\u00e7os. O \u00fanico pr\u00e9-requisito \u00e9 o compromisso consigo mesmo. E, talvez, um pouco de paci\u00eancia.<\/p>\n<p>Vale lembrar que a medita\u00e7\u00e3o n\u00e3o \u00e9 uma fuga da realidade, \u00e9 um mergulho nela. Ao nos tornarmos mais presentes, passamos a perceber com mais nitidez nossos sentimentos, padr\u00f5es de comportamento e rea\u00e7\u00f5es autom\u00e1ticas. Essa autoconsci\u00eancia \u00e9 o primeiro passo para mudan\u00e7as reais e duradouras.<\/p>\n<h2>Um convite ao sil\u00eancio<\/h2>\n<p>Em tempos de tanta informa\u00e7\u00e3o, barulho e urg\u00eancia, meditar \u00e9 quase um ato de rebeldia. Ou seja, \u00e9 dizer &#8220;n\u00e3o&#8221; \u00e0 pressa e &#8220;sim&#8221; \u00e0 presen\u00e7a. \u00c9 desacelerar, ouvir a si mesmo e redescobrir a simplicidade de apenas ser.<\/p>\n<p>Se voc\u00ea ainda n\u00e3o medita, considere experimentar. N\u00e3o como uma obriga\u00e7\u00e3o ou moda, como um presente di\u00e1rio que voc\u00ea se d\u00e1. Talvez voc\u00ea descubra que, no sil\u00eancio entre uma respira\u00e7\u00e3o e outra, existe um universo inteiro esperando para ser explorado &#8211; o seu pr\u00f3prio universo interior.<\/p>\n<p>\u00c9 importante deixar claro que meditar n\u00e3o resolve todos os problemas da vida, mas pode mudar a forma como lidamos com eles. E isso, por si s\u00f3, j\u00e1 transforma tudo.<\/p>\n<p><a href=\"http:\/\/Feng Shui - Como podemos nos beneficiar com essa ferramenta de autoconhecimento\">http:\/\/Feng Shui &#8211; Como podemos nos beneficiar com essa ferramenta de autoconhecimento<\/a><\/p>\n","protected":false},"excerpt":{"rendered":"<p>Em um mundo onde a pressa, a ansiedade e o excesso de est\u00edmulos se tornaram parte da rotina, o simples ato de parar e respirar profundamente pode parecer revolucion\u00e1rio. Assim, &#8230;<\/p>\n","protected":false},"author":1,"featured_media":399,"comment_status":"open","ping_status":"open","sticky":false,"template":"","format":"standard","meta":{"footnotes":""},"categories":[4],"tags":[],"class_list":["post-379","post","type-post","status-publish","format-standard","has-post-thumbnail","hentry","category-arte-e-cultura"],"yoast_head":"<!-- This site is optimized with the Yoast SEO plugin v27.5 - https:\/\/yoast.com\/product\/yoast-seo-wordpress\/ -->\n<title>O ato de meditar: Um caminho para o autoconhecimento e a paz interior - Cultura e Afins<\/title>\n<meta name=\"description\" content=\"Em um mundo onde a pressa, a ansiedade e o excesso de est\u00edmulos se tornaram parte da rotina, o simples ato de parar e respirar\" \/>\n<meta name=\"robots\" content=\"index, follow, max-snippet:-1, max-image-preview:large, max-video-preview:-1\" \/>\n<link rel=\"canonical\" href=\"https:\/\/culturaeafins.com\/index.php\/2025\/05\/27\/o-ato-de-meditar-um-caminho-para-o-autoconhecimento\/\" \/>\n<meta property=\"og:locale\" content=\"en_US\" \/>\n<meta property=\"og:type\" content=\"article\" \/>\n<meta property=\"og:title\" content=\"O ato de meditar: Um caminho para o autoconhecimento e a paz interior - Cultura e Afins\" \/>\n<meta property=\"og:description\" content=\"Em um mundo onde a pressa, a ansiedade e o excesso de est\u00edmulos se tornaram parte da rotina, o simples ato de parar e respirar\" \/>\n<meta property=\"og:url\" content=\"https:\/\/culturaeafins.com\/index.php\/2025\/05\/27\/o-ato-de-meditar-um-caminho-para-o-autoconhecimento\/\" \/>\n<meta property=\"og:site_name\" content=\"Cultura e Afins\" \/>\n<meta property=\"article:published_time\" content=\"2025-05-27T16:21:46+00:00\" \/>\n<meta property=\"article:modified_time\" content=\"2025-07-09T14:35:18+00:00\" \/>\n<meta property=\"og:image\" content=\"https:\/\/culturaeafins.com\/wp-content\/uploads\/2025\/05\/pessoa-meditando.jpeg\" \/>\n\t<meta property=\"og:image:width\" content=\"474\" \/>\n\t<meta property=\"og:image:height\" content=\"843\" \/>\n\t<meta property=\"og:image:type\" content=\"image\/jpeg\" \/>\n<meta name=\"author\" content=\"Culturaeafins\" \/>\n<meta name=\"twitter:card\" content=\"summary_large_image\" \/>\n<meta name=\"twitter:label1\" content=\"Written by\" \/>\n\t<meta name=\"twitter:data1\" content=\"Culturaeafins\" \/>\n\t<meta name=\"twitter:label2\" content=\"Est. reading time\" \/>\n\t<meta name=\"twitter:data2\" content=\"4 minutes\" \/>\n<script type=\"application\/ld+json\" class=\"yoast-schema-graph\">{\"@context\":\"https:\\\/\\\/schema.org\",\"@graph\":[{\"@type\":\"Article\",\"@id\":\"https:\\\/\\\/culturaeafins.com\\\/index.php\\\/2025\\\/05\\\/27\\\/o-ato-de-meditar-um-caminho-para-o-autoconhecimento\\\/#article\",\"isPartOf\":{\"@id\":\"https:\\\/\\\/culturaeafins.com\\\/index.php\\\/2025\\\/05\\\/27\\\/o-ato-de-meditar-um-caminho-para-o-autoconhecimento\\\/\"},\"author\":{\"name\":\"Culturaeafins\",\"@id\":\"https:\\\/\\\/culturaeafins.com\\\/#\\\/schema\\\/person\\\/5d1d5a375a3d9d2034d1a175aae85702\"},\"headline\":\"O ato de meditar: Um caminho para o autoconhecimento e a paz interior\",\"datePublished\":\"2025-05-27T16:21:46+00:00\",\"dateModified\":\"2025-07-09T14:35:18+00:00\",\"mainEntityOfPage\":{\"@id\":\"https:\\\/\\\/culturaeafins.com\\\/index.php\\\/2025\\\/05\\\/27\\\/o-ato-de-meditar-um-caminho-para-o-autoconhecimento\\\/\"},\"wordCount\":757,\"commentCount\":0,\"publisher\":{\"@id\":\"https:\\\/\\\/culturaeafins.com\\\/#organization\"},\"image\":{\"@id\":\"https:\\\/\\\/culturaeafins.com\\\/index.php\\\/2025\\\/05\\\/27\\\/o-ato-de-meditar-um-caminho-para-o-autoconhecimento\\\/#primaryimage\"},\"thumbnailUrl\":\"https:\\\/\\\/culturaeafins.com\\\/wp-content\\\/uploads\\\/2025\\\/05\\\/pessoa-meditando.jpeg\",\"articleSection\":[\"Arte e Cultura\"],\"inLanguage\":\"en-US\",\"potentialAction\":[{\"@type\":\"CommentAction\",\"name\":\"Comment\",\"target\":[\"https:\\\/\\\/culturaeafins.com\\\/index.php\\\/2025\\\/05\\\/27\\\/o-ato-de-meditar-um-caminho-para-o-autoconhecimento\\\/#respond\"]}]},{\"@type\":\"WebPage\",\"@id\":\"https:\\\/\\\/culturaeafins.com\\\/index.php\\\/2025\\\/05\\\/27\\\/o-ato-de-meditar-um-caminho-para-o-autoconhecimento\\\/\",\"url\":\"https:\\\/\\\/culturaeafins.com\\\/index.php\\\/2025\\\/05\\\/27\\\/o-ato-de-meditar-um-caminho-para-o-autoconhecimento\\\/\",\"name\":\"O ato de meditar: Um caminho para o autoconhecimento e a paz interior - Cultura e Afins\",\"isPartOf\":{\"@id\":\"https:\\\/\\\/culturaeafins.com\\\/#website\"},\"primaryImageOfPage\":{\"@id\":\"https:\\\/\\\/culturaeafins.com\\\/index.php\\\/2025\\\/05\\\/27\\\/o-ato-de-meditar-um-caminho-para-o-autoconhecimento\\\/#primaryimage\"},\"image\":{\"@id\":\"https:\\\/\\\/culturaeafins.com\\\/index.php\\\/2025\\\/05\\\/27\\\/o-ato-de-meditar-um-caminho-para-o-autoconhecimento\\\/#primaryimage\"},\"thumbnailUrl\":\"https:\\\/\\\/culturaeafins.com\\\/wp-content\\\/uploads\\\/2025\\\/05\\\/pessoa-meditando.jpeg\",\"datePublished\":\"2025-05-27T16:21:46+00:00\",\"dateModified\":\"2025-07-09T14:35:18+00:00\",\"description\":\"Em um mundo onde a pressa, a ansiedade e o excesso de est\u00edmulos se tornaram parte da rotina, o simples ato de parar e respirar\",\"breadcrumb\":{\"@id\":\"https:\\\/\\\/culturaeafins.com\\\/index.php\\\/2025\\\/05\\\/27\\\/o-ato-de-meditar-um-caminho-para-o-autoconhecimento\\\/#breadcrumb\"},\"inLanguage\":\"en-US\",\"potentialAction\":[{\"@type\":\"ReadAction\",\"target\":[\"https:\\\/\\\/culturaeafins.com\\\/index.php\\\/2025\\\/05\\\/27\\\/o-ato-de-meditar-um-caminho-para-o-autoconhecimento\\\/\"]}]},{\"@type\":\"ImageObject\",\"inLanguage\":\"en-US\",\"@id\":\"https:\\\/\\\/culturaeafins.com\\\/index.php\\\/2025\\\/05\\\/27\\\/o-ato-de-meditar-um-caminho-para-o-autoconhecimento\\\/#primaryimage\",\"url\":\"https:\\\/\\\/culturaeafins.com\\\/wp-content\\\/uploads\\\/2025\\\/05\\\/pessoa-meditando.jpeg\",\"contentUrl\":\"https:\\\/\\\/culturaeafins.com\\\/wp-content\\\/uploads\\\/2025\\\/05\\\/pessoa-meditando.jpeg\",\"width\":474,\"height\":843},{\"@type\":\"BreadcrumbList\",\"@id\":\"https:\\\/\\\/culturaeafins.com\\\/index.php\\\/2025\\\/05\\\/27\\\/o-ato-de-meditar-um-caminho-para-o-autoconhecimento\\\/#breadcrumb\",\"itemListElement\":[{\"@type\":\"ListItem\",\"position\":1,\"name\":\"In\u00edcio\",\"item\":\"https:\\\/\\\/culturaeafins.com\\\/\"},{\"@type\":\"ListItem\",\"position\":2,\"name\":\"O ato de meditar: Um caminho para o autoconhecimento e a paz interior\"}]},{\"@type\":\"WebSite\",\"@id\":\"https:\\\/\\\/culturaeafins.com\\\/#website\",\"url\":\"https:\\\/\\\/culturaeafins.com\\\/\",\"name\":\"Cultura e Afins\",\"description\":\"\",\"publisher\":{\"@id\":\"https:\\\/\\\/culturaeafins.com\\\/#organization\"},\"potentialAction\":[{\"@type\":\"SearchAction\",\"target\":{\"@type\":\"EntryPoint\",\"urlTemplate\":\"https:\\\/\\\/culturaeafins.com\\\/?s={search_term_string}\"},\"query-input\":{\"@type\":\"PropertyValueSpecification\",\"valueRequired\":true,\"valueName\":\"search_term_string\"}}],\"inLanguage\":\"en-US\"},{\"@type\":\"Organization\",\"@id\":\"https:\\\/\\\/culturaeafins.com\\\/#organization\",\"name\":\"Cultura e Afins\",\"url\":\"https:\\\/\\\/culturaeafins.com\\\/\",\"logo\":{\"@type\":\"ImageObject\",\"inLanguage\":\"en-US\",\"@id\":\"https:\\\/\\\/culturaeafins.com\\\/#\\\/schema\\\/logo\\\/image\\\/\",\"url\":\"https:\\\/\\\/culturaeafins.com\\\/wp-content\\\/uploads\\\/2024\\\/01\\\/15115497096_9efb16a648_o.jpg\",\"contentUrl\":\"https:\\\/\\\/culturaeafins.com\\\/wp-content\\\/uploads\\\/2024\\\/01\\\/15115497096_9efb16a648_o.jpg\",\"width\":690,\"height\":317,\"caption\":\"Cultura e Afins\"},\"image\":{\"@id\":\"https:\\\/\\\/culturaeafins.com\\\/#\\\/schema\\\/logo\\\/image\\\/\"}},{\"@type\":\"Person\",\"@id\":\"https:\\\/\\\/culturaeafins.com\\\/#\\\/schema\\\/person\\\/5d1d5a375a3d9d2034d1a175aae85702\",\"name\":\"Culturaeafins\",\"image\":{\"@type\":\"ImageObject\",\"inLanguage\":\"en-US\",\"@id\":\"https:\\\/\\\/secure.gravatar.com\\\/avatar\\\/c7eb1bc1ef2ef58f0ff3ae1db737bdc5c931e84e43d43ccb3478db5f65bd9d0a?s=96&d=mm&r=g\",\"url\":\"https:\\\/\\\/secure.gravatar.com\\\/avatar\\\/c7eb1bc1ef2ef58f0ff3ae1db737bdc5c931e84e43d43ccb3478db5f65bd9d0a?s=96&d=mm&r=g\",\"contentUrl\":\"https:\\\/\\\/secure.gravatar.com\\\/avatar\\\/c7eb1bc1ef2ef58f0ff3ae1db737bdc5c931e84e43d43ccb3478db5f65bd9d0a?s=96&d=mm&r=g\",\"caption\":\"Culturaeafins\"},\"sameAs\":[\"https:\\\/\\\/culturaeafins.com\"],\"url\":\"https:\\\/\\\/culturaeafins.com\\\/index.php\\\/author\\\/culturaeafins\\\/\"}]}<\/script>\n<!-- \/ Yoast SEO plugin. -->","yoast_head_json":{"title":"O ato de meditar: Um caminho para o autoconhecimento e a paz interior - Cultura e Afins","description":"Em um mundo onde a pressa, a ansiedade e o excesso de est\u00edmulos se tornaram parte da rotina, o simples ato de parar e respirar","robots":{"index":"index","follow":"follow","max-snippet":"max-snippet:-1","max-image-preview":"max-image-preview:large","max-video-preview":"max-video-preview:-1"},"canonical":"https:\/\/culturaeafins.com\/index.php\/2025\/05\/27\/o-ato-de-meditar-um-caminho-para-o-autoconhecimento\/","og_locale":"en_US","og_type":"article","og_title":"O ato de meditar: Um caminho para o autoconhecimento e a paz interior - Cultura e Afins","og_description":"Em um mundo onde a pressa, a ansiedade e o excesso de est\u00edmulos se tornaram parte da rotina, o simples ato de parar e respirar","og_url":"https:\/\/culturaeafins.com\/index.php\/2025\/05\/27\/o-ato-de-meditar-um-caminho-para-o-autoconhecimento\/","og_site_name":"Cultura e Afins","article_published_time":"2025-05-27T16:21:46+00:00","article_modified_time":"2025-07-09T14:35:18+00:00","og_image":[{"width":474,"height":843,"url":"https:\/\/culturaeafins.com\/wp-content\/uploads\/2025\/05\/pessoa-meditando.jpeg","type":"image\/jpeg"}],"author":"Culturaeafins","twitter_card":"summary_large_image","twitter_misc":{"Written by":"Culturaeafins","Est. reading time":"4 minutes"},"schema":{"@context":"https:\/\/schema.org","@graph":[{"@type":"Article","@id":"https:\/\/culturaeafins.com\/index.php\/2025\/05\/27\/o-ato-de-meditar-um-caminho-para-o-autoconhecimento\/#article","isPartOf":{"@id":"https:\/\/culturaeafins.com\/index.php\/2025\/05\/27\/o-ato-de-meditar-um-caminho-para-o-autoconhecimento\/"},"author":{"name":"Culturaeafins","@id":"https:\/\/culturaeafins.com\/#\/schema\/person\/5d1d5a375a3d9d2034d1a175aae85702"},"headline":"O ato de meditar: Um caminho para o autoconhecimento e a paz interior","datePublished":"2025-05-27T16:21:46+00:00","dateModified":"2025-07-09T14:35:18+00:00","mainEntityOfPage":{"@id":"https:\/\/culturaeafins.com\/index.php\/2025\/05\/27\/o-ato-de-meditar-um-caminho-para-o-autoconhecimento\/"},"wordCount":757,"commentCount":0,"publisher":{"@id":"https:\/\/culturaeafins.com\/#organization"},"image":{"@id":"https:\/\/culturaeafins.com\/index.php\/2025\/05\/27\/o-ato-de-meditar-um-caminho-para-o-autoconhecimento\/#primaryimage"},"thumbnailUrl":"https:\/\/culturaeafins.com\/wp-content\/uploads\/2025\/05\/pessoa-meditando.jpeg","articleSection":["Arte e Cultura"],"inLanguage":"en-US","potentialAction":[{"@type":"CommentAction","name":"Comment","target":["https:\/\/culturaeafins.com\/index.php\/2025\/05\/27\/o-ato-de-meditar-um-caminho-para-o-autoconhecimento\/#respond"]}]},{"@type":"WebPage","@id":"https:\/\/culturaeafins.com\/index.php\/2025\/05\/27\/o-ato-de-meditar-um-caminho-para-o-autoconhecimento\/","url":"https:\/\/culturaeafins.com\/index.php\/2025\/05\/27\/o-ato-de-meditar-um-caminho-para-o-autoconhecimento\/","name":"O ato de meditar: Um caminho para o autoconhecimento e a paz interior - Cultura e Afins","isPartOf":{"@id":"https:\/\/culturaeafins.com\/#website"},"primaryImageOfPage":{"@id":"https:\/\/culturaeafins.com\/index.php\/2025\/05\/27\/o-ato-de-meditar-um-caminho-para-o-autoconhecimento\/#primaryimage"},"image":{"@id":"https:\/\/culturaeafins.com\/index.php\/2025\/05\/27\/o-ato-de-meditar-um-caminho-para-o-autoconhecimento\/#primaryimage"},"thumbnailUrl":"https:\/\/culturaeafins.com\/wp-content\/uploads\/2025\/05\/pessoa-meditando.jpeg","datePublished":"2025-05-27T16:21:46+00:00","dateModified":"2025-07-09T14:35:18+00:00","description":"Em um mundo onde a pressa, a ansiedade e o excesso de est\u00edmulos se tornaram parte da rotina, o simples ato de parar e respirar","breadcrumb":{"@id":"https:\/\/culturaeafins.com\/index.php\/2025\/05\/27\/o-ato-de-meditar-um-caminho-para-o-autoconhecimento\/#breadcrumb"},"inLanguage":"en-US","potentialAction":[{"@type":"ReadAction","target":["https:\/\/culturaeafins.com\/index.php\/2025\/05\/27\/o-ato-de-meditar-um-caminho-para-o-autoconhecimento\/"]}]},{"@type":"ImageObject","inLanguage":"en-US","@id":"https:\/\/culturaeafins.com\/index.php\/2025\/05\/27\/o-ato-de-meditar-um-caminho-para-o-autoconhecimento\/#primaryimage","url":"https:\/\/culturaeafins.com\/wp-content\/uploads\/2025\/05\/pessoa-meditando.jpeg","contentUrl":"https:\/\/culturaeafins.com\/wp-content\/uploads\/2025\/05\/pessoa-meditando.jpeg","width":474,"height":843},{"@type":"BreadcrumbList","@id":"https:\/\/culturaeafins.com\/index.php\/2025\/05\/27\/o-ato-de-meditar-um-caminho-para-o-autoconhecimento\/#breadcrumb","itemListElement":[{"@type":"ListItem","position":1,"name":"In\u00edcio","item":"https:\/\/culturaeafins.com\/"},{"@type":"ListItem","position":2,"name":"O ato de meditar: Um caminho para o autoconhecimento e a paz interior"}]},{"@type":"WebSite","@id":"https:\/\/culturaeafins.com\/#website","url":"https:\/\/culturaeafins.com\/","name":"Cultura e Afins","description":"","publisher":{"@id":"https:\/\/culturaeafins.com\/#organization"},"potentialAction":[{"@type":"SearchAction","target":{"@type":"EntryPoint","urlTemplate":"https:\/\/culturaeafins.com\/?s={search_term_string}"},"query-input":{"@type":"PropertyValueSpecification","valueRequired":true,"valueName":"search_term_string"}}],"inLanguage":"en-US"},{"@type":"Organization","@id":"https:\/\/culturaeafins.com\/#organization","name":"Cultura e Afins","url":"https:\/\/culturaeafins.com\/","logo":{"@type":"ImageObject","inLanguage":"en-US","@id":"https:\/\/culturaeafins.com\/#\/schema\/logo\/image\/","url":"https:\/\/culturaeafins.com\/wp-content\/uploads\/2024\/01\/15115497096_9efb16a648_o.jpg","contentUrl":"https:\/\/culturaeafins.com\/wp-content\/uploads\/2024\/01\/15115497096_9efb16a648_o.jpg","width":690,"height":317,"caption":"Cultura e Afins"},"image":{"@id":"https:\/\/culturaeafins.com\/#\/schema\/logo\/image\/"}},{"@type":"Person","@id":"https:\/\/culturaeafins.com\/#\/schema\/person\/5d1d5a375a3d9d2034d1a175aae85702","name":"Culturaeafins","image":{"@type":"ImageObject","inLanguage":"en-US","@id":"https:\/\/secure.gravatar.com\/avatar\/c7eb1bc1ef2ef58f0ff3ae1db737bdc5c931e84e43d43ccb3478db5f65bd9d0a?s=96&d=mm&r=g","url":"https:\/\/secure.gravatar.com\/avatar\/c7eb1bc1ef2ef58f0ff3ae1db737bdc5c931e84e43d43ccb3478db5f65bd9d0a?s=96&d=mm&r=g","contentUrl":"https:\/\/secure.gravatar.com\/avatar\/c7eb1bc1ef2ef58f0ff3ae1db737bdc5c931e84e43d43ccb3478db5f65bd9d0a?s=96&d=mm&r=g","caption":"Culturaeafins"},"sameAs":["https:\/\/culturaeafins.com"],"url":"https:\/\/culturaeafins.com\/index.php\/author\/culturaeafins\/"}]}},"_links":{"self":[{"href":"https:\/\/culturaeafins.com\/index.php\/wp-json\/wp\/v2\/posts\/379","targetHints":{"allow":["GET"]}}],"collection":[{"href":"https:\/\/culturaeafins.com\/index.php\/wp-json\/wp\/v2\/posts"}],"about":[{"href":"https:\/\/culturaeafins.com\/index.php\/wp-json\/wp\/v2\/types\/post"}],"author":[{"embeddable":true,"href":"https:\/\/culturaeafins.com\/index.php\/wp-json\/wp\/v2\/users\/1"}],"replies":[{"embeddable":true,"href":"https:\/\/culturaeafins.com\/index.php\/wp-json\/wp\/v2\/comments?post=379"}],"version-history":[{"count":40,"href":"https:\/\/culturaeafins.com\/index.php\/wp-json\/wp\/v2\/posts\/379\/revisions"}],"predecessor-version":[{"id":475,"href":"https:\/\/culturaeafins.com\/index.php\/wp-json\/wp\/v2\/posts\/379\/revisions\/475"}],"wp:featuredmedia":[{"embeddable":true,"href":"https:\/\/culturaeafins.com\/index.php\/wp-json\/wp\/v2\/media\/399"}],"wp:attachment":[{"href":"https:\/\/culturaeafins.com\/index.php\/wp-json\/wp\/v2\/media?parent=379"}],"wp:term":[{"taxonomy":"category","embeddable":true,"href":"https:\/\/culturaeafins.com\/index.php\/wp-json\/wp\/v2\/categories?post=379"},{"taxonomy":"post_tag","embeddable":true,"href":"https:\/\/culturaeafins.com\/index.php\/wp-json\/wp\/v2\/tags?post=379"}],"curies":[{"name":"wp","href":"https:\/\/api.w.org\/{rel}","templated":true}]}}