{"id":313,"date":"2025-05-17T17:03:20","date_gmt":"2025-05-17T20:03:20","guid":{"rendered":"https:\/\/culturaeafins.com\/?p=313"},"modified":"2025-07-09T10:43:19","modified_gmt":"2025-07-09T13:43:19","slug":"a-vida-no-ceu-de-jose-eduardo-agualusa","status":"publish","type":"post","link":"https:\/\/culturaeafins.com\/index.php\/2025\/05\/17\/a-vida-no-ceu-de-jose-eduardo-agualusa\/","title":{"rendered":"A vida no C\u00e9u, de Jos\u00e9 Eduardo Agualusa"},"content":{"rendered":"<h2>Uma aventura flutuante cheia de cr\u00edticas ao mundo em que vivemos<\/h2>\n<p>J\u00e1 imaginou viver num mundo onde a Terra ficou inabit\u00e1vel e os seres humanos passaram a morar em dirig\u00edveis, voando pelos c\u00e9us? Essa \u00e9 a premissa de <em>A vida no C\u00e9u,\u00a0<\/em>um romance ousado e provocativo de Jos\u00e9 Eduardo Agualusa. Mas por tr\u00e1s da fantasia, o autor faz um retrato afiado &#8211; e muitas vezes desconfort\u00e1vel &#8211; da nossa pr\u00f3pria realidade.<\/p>\n<p>O cen\u00e1rio, embora fant\u00e1stico, \u00e9 pano de fundo para uma narrativa que questiona profundamente os caminhos que estamos tomando hoje.<\/p>\n<h2>Uma estrutura fora do comum<\/h2>\n<p>Nada de cap\u00edtulos tradicionais. Narrado em primeira pessoa, o livro \u00e9 constru\u00eddo como um di\u00e1rio de bordo, um jornalista que vive em um dirig\u00edvel chamado &#8220;Voador Brasil&#8221;. Misturando mem\u00f3rias, reflex\u00f5es, pequenas hist\u00f3rias e at\u00e9 entrevistas inventadas.<\/p>\n<p>Esse formato diferente prende a aten\u00e7\u00e3o e estimula a curiosidade, ideal para quem gosta de leituras criativas e com ritmo variado.<\/p>\n<p>Num tom intimista e curioso, Agualusa mescla trechos descritivos com pequenas cr\u00f4nicas, hist\u00f3rias dentro da hist\u00f3ria, e entrevistas ficcionais, construindo uma estrutura que convida \u00e0 leitura n\u00e3o-linear e \u00e0 descoberta progressiva dos detalhes daquele novo mundo.<\/p>\n<h2>Leve na linguagem, profunda nas ideias<\/h2>\n<p>Apesar de lidar com temas complexos, Agualusa escreve com um estilo que mistura poesia, humor e cr\u00edtica. A linguagem \u00e9 acess\u00edvel, perfeita para jovens leitores, mas cheias de nuances para quem quiser ir mais fundo. \u00c9 o tipo de livro que d\u00e1 para ler por prazer &#8211; e depois voltar para refletir. Portanto, a leitura \u00e9 estimulante tamb\u00e9m para leitores mais experientes.<\/p>\n<p>Outro ponto forte \u00e9 a valoriza\u00e7\u00e3o da cultura, da literatura e do pensamento cr\u00edtico como ferramentas de resist\u00eancia e reconstru\u00e7\u00e3o. Em um mundo flutuante, o conhecimento ainda \u00e9 valorizado.<\/p>\n<h2><span style=\"font-family: arial, helvetica, sans-serif;\">Temas que nos dizem respeito<\/span><\/h2>\n<p>Apesar de se passar no futuro,<i> A vida no C\u00e9u\u00a0<\/i>fala diretamente com o presente. O romance aborda temas como colapso ambiental, a desigualdade social, as fake news e o controle do conhecimento est\u00e3o todos l\u00e1. Agualusa mostra um mundo que sobrevive \u00e0s custas das mesmas falhas que nos amea\u00e7am hoje. Ao imaginas um futuro onde as elites continuam a ter acesso ao conforto, mesmo ap\u00f3s o fim do mundo como o conhecemos, Agualusa aponta o dedo para os v\u00edcios do presente: o consumismo desenfreado, a indiferen\u00e7a \u00e0s mudan\u00e7as lim\u00e1ticas e a exclus\u00e3o social.<\/p>\n<h2>Uma leituramprovocativa e necess\u00e1ria<\/h2>\n<p><em>A vida no C\u00e9u\u00a0<\/em>\u00e9 uma obra que, embora escrita com leveza e imagina\u00e7\u00e3o, provoca reflex\u00f5es s\u00e9rias sobre nosso presente. Para leitores jovens, \u00e9 uma excelente introdu\u00e7\u00e3o \u00e0 literatura engajada, que usa a fic\u00e7\u00e3o como espelho da realidade e convite \u00e0 mudan\u00e7a.<\/p>\n<h2>Um livro sobre esperan\u00e7a?<\/h2>\n<p>Sim &#8211; mas n\u00e3o da forma clich\u00ea. A esperan\u00e7a em <em>A vida no C\u00e9u<\/em> est\u00e1 no poder da cultura, da literatura e da imagina\u00e7\u00e3o. Est\u00e1 na coragem de questionar e reinventar. Em tempos dif\u00edceis, isso vale ouro.<\/p>\n<p>Essa obra apresenta uma fic\u00e7\u00e3o futurista em que a Terra se tornou um lugar imposs\u00edvel de se viver, for\u00e7ando os humanos a se adaptarem a morar em dirig\u00edveis flutuantes e considerar como seus novos lares, ou seja, uma nova realidade. Onde parte de uma sociedade tenta reorganizar a vida ap\u00f3s a destrui\u00e7\u00e3o da Terra.<\/p>\n<p>Atrav\u00e9s da imagina\u00e7\u00e3o, o autor prop\u00f5e uma leitura instigante sobre o futuro da humanidade &#8211; e, acima de tudo, sobre erros do presente que podem nos levar at\u00e9 l\u00e1.<\/p>\n<h2>Para quem \u00e9 essa leitura<\/h2>\n<p>Se voc\u00ea tem interesse por fixa\u00e7\u00e3o cient\u00edfica com alma, cr\u00edtica social embutida e hist\u00f3rias fora do convencional, este livro \u00e9 para voc\u00ea.<\/p>\n<p>Uma \u00f3tima porta de entrada para quem quer come\u00e7ar a ler Agualusa ou se aprofundar na literatura contempor\u00e2nea africana de l\u00edngua portuguesa.<\/p>\n<p><a href=\"http:\/\/Quarto de Despejo: o grito de uma voz invis\u00edvel\">http:\/\/Quarto de Despejo: o grito de uma voz invis\u00edvel<\/a><\/p>\n","protected":false},"excerpt":{"rendered":"<p>Uma aventura flutuante cheia de cr\u00edticas ao mundo em que vivemos<br \/>\nJ\u00e1 imaginou viver num mundo onde a Terra ficou inabit\u00e1vel e os seres humanos passaram a morar em dirig\u00edveis, voando &#8230;<\/p>\n","protected":false},"author":1,"featured_media":356,"comment_status":"open","ping_status":"open","sticky":false,"template":"","format":"standard","meta":{"footnotes":""},"categories":[1,3],"tags":[],"class_list":["post-313","post","type-post","status-publish","format-standard","has-post-thumbnail","hentry","category-blog","category-livros"],"yoast_head":"<!-- This site is optimized with the Yoast SEO plugin v27.5 - https:\/\/yoast.com\/product\/yoast-seo-wordpress\/ -->\n<title>A vida no C\u00e9u, de Jos\u00e9 Eduardo Agualusa - Cultura e Afins<\/title>\n<meta name=\"description\" content=\"J\u00e1 imaginou viver num mundo onde a Terra ficou inabit\u00e1vel e os seres humanos passaram a morar em dirig\u00edveis, voando pelos c\u00e9us?\" \/>\n<meta name=\"robots\" content=\"index, follow, max-snippet:-1, max-image-preview:large, max-video-preview:-1\" \/>\n<link rel=\"canonical\" href=\"https:\/\/culturaeafins.com\/index.php\/2025\/05\/17\/a-vida-no-ceu-de-jose-eduardo-agualusa\/\" \/>\n<meta property=\"og:locale\" content=\"en_US\" \/>\n<meta property=\"og:type\" content=\"article\" \/>\n<meta property=\"og:title\" content=\"A vida no C\u00e9u, de Jos\u00e9 Eduardo Agualusa - Cultura e Afins\" \/>\n<meta property=\"og:description\" content=\"J\u00e1 imaginou viver num mundo onde a Terra ficou inabit\u00e1vel e os seres humanos passaram a morar em dirig\u00edveis, voando pelos c\u00e9us?\" \/>\n<meta property=\"og:url\" content=\"https:\/\/culturaeafins.com\/index.php\/2025\/05\/17\/a-vida-no-ceu-de-jose-eduardo-agualusa\/\" \/>\n<meta property=\"og:site_name\" content=\"Cultura e Afins\" \/>\n<meta property=\"article:published_time\" content=\"2025-05-17T20:03:20+00:00\" \/>\n<meta property=\"article:modified_time\" content=\"2025-07-09T13:43:19+00:00\" \/>\n<meta property=\"og:image\" content=\"https:\/\/culturaeafins.com\/wp-content\/uploads\/2025\/05\/a-vida-no-ceu.jpg\" \/>\n\t<meta property=\"og:image:width\" content=\"352\" \/>\n\t<meta property=\"og:image:height\" content=\"500\" \/>\n\t<meta property=\"og:image:type\" content=\"image\/jpeg\" \/>\n<meta name=\"author\" content=\"Culturaeafins\" \/>\n<meta name=\"twitter:card\" content=\"summary_large_image\" \/>\n<meta name=\"twitter:label1\" content=\"Written by\" \/>\n\t<meta name=\"twitter:data1\" content=\"Culturaeafins\" \/>\n\t<meta name=\"twitter:label2\" content=\"Est. reading time\" \/>\n\t<meta name=\"twitter:data2\" content=\"4 minutes\" \/>\n<script type=\"application\/ld+json\" class=\"yoast-schema-graph\">{\"@context\":\"https:\\\/\\\/schema.org\",\"@graph\":[{\"@type\":\"Article\",\"@id\":\"https:\\\/\\\/culturaeafins.com\\\/index.php\\\/2025\\\/05\\\/17\\\/a-vida-no-ceu-de-jose-eduardo-agualusa\\\/#article\",\"isPartOf\":{\"@id\":\"https:\\\/\\\/culturaeafins.com\\\/index.php\\\/2025\\\/05\\\/17\\\/a-vida-no-ceu-de-jose-eduardo-agualusa\\\/\"},\"author\":{\"name\":\"Culturaeafins\",\"@id\":\"https:\\\/\\\/culturaeafins.com\\\/#\\\/schema\\\/person\\\/5d1d5a375a3d9d2034d1a175aae85702\"},\"headline\":\"A vida no C\u00e9u, de Jos\u00e9 Eduardo Agualusa\",\"datePublished\":\"2025-05-17T20:03:20+00:00\",\"dateModified\":\"2025-07-09T13:43:19+00:00\",\"mainEntityOfPage\":{\"@id\":\"https:\\\/\\\/culturaeafins.com\\\/index.php\\\/2025\\\/05\\\/17\\\/a-vida-no-ceu-de-jose-eduardo-agualusa\\\/\"},\"wordCount\":677,\"commentCount\":0,\"publisher\":{\"@id\":\"https:\\\/\\\/culturaeafins.com\\\/#organization\"},\"image\":{\"@id\":\"https:\\\/\\\/culturaeafins.com\\\/index.php\\\/2025\\\/05\\\/17\\\/a-vida-no-ceu-de-jose-eduardo-agualusa\\\/#primaryimage\"},\"thumbnailUrl\":\"https:\\\/\\\/culturaeafins.com\\\/wp-content\\\/uploads\\\/2025\\\/05\\\/a-vida-no-ceu.jpg\",\"articleSection\":[\"Blog\",\"Livros\"],\"inLanguage\":\"en-US\",\"potentialAction\":[{\"@type\":\"CommentAction\",\"name\":\"Comment\",\"target\":[\"https:\\\/\\\/culturaeafins.com\\\/index.php\\\/2025\\\/05\\\/17\\\/a-vida-no-ceu-de-jose-eduardo-agualusa\\\/#respond\"]}]},{\"@type\":\"WebPage\",\"@id\":\"https:\\\/\\\/culturaeafins.com\\\/index.php\\\/2025\\\/05\\\/17\\\/a-vida-no-ceu-de-jose-eduardo-agualusa\\\/\",\"url\":\"https:\\\/\\\/culturaeafins.com\\\/index.php\\\/2025\\\/05\\\/17\\\/a-vida-no-ceu-de-jose-eduardo-agualusa\\\/\",\"name\":\"A vida no C\u00e9u, de Jos\u00e9 Eduardo Agualusa - Cultura e Afins\",\"isPartOf\":{\"@id\":\"https:\\\/\\\/culturaeafins.com\\\/#website\"},\"primaryImageOfPage\":{\"@id\":\"https:\\\/\\\/culturaeafins.com\\\/index.php\\\/2025\\\/05\\\/17\\\/a-vida-no-ceu-de-jose-eduardo-agualusa\\\/#primaryimage\"},\"image\":{\"@id\":\"https:\\\/\\\/culturaeafins.com\\\/index.php\\\/2025\\\/05\\\/17\\\/a-vida-no-ceu-de-jose-eduardo-agualusa\\\/#primaryimage\"},\"thumbnailUrl\":\"https:\\\/\\\/culturaeafins.com\\\/wp-content\\\/uploads\\\/2025\\\/05\\\/a-vida-no-ceu.jpg\",\"datePublished\":\"2025-05-17T20:03:20+00:00\",\"dateModified\":\"2025-07-09T13:43:19+00:00\",\"description\":\"J\u00e1 imaginou viver num mundo onde a Terra ficou inabit\u00e1vel e os seres humanos passaram a morar em dirig\u00edveis, voando pelos c\u00e9us?\",\"breadcrumb\":{\"@id\":\"https:\\\/\\\/culturaeafins.com\\\/index.php\\\/2025\\\/05\\\/17\\\/a-vida-no-ceu-de-jose-eduardo-agualusa\\\/#breadcrumb\"},\"inLanguage\":\"en-US\",\"potentialAction\":[{\"@type\":\"ReadAction\",\"target\":[\"https:\\\/\\\/culturaeafins.com\\\/index.php\\\/2025\\\/05\\\/17\\\/a-vida-no-ceu-de-jose-eduardo-agualusa\\\/\"]}]},{\"@type\":\"ImageObject\",\"inLanguage\":\"en-US\",\"@id\":\"https:\\\/\\\/culturaeafins.com\\\/index.php\\\/2025\\\/05\\\/17\\\/a-vida-no-ceu-de-jose-eduardo-agualusa\\\/#primaryimage\",\"url\":\"https:\\\/\\\/culturaeafins.com\\\/wp-content\\\/uploads\\\/2025\\\/05\\\/a-vida-no-ceu.jpg\",\"contentUrl\":\"https:\\\/\\\/culturaeafins.com\\\/wp-content\\\/uploads\\\/2025\\\/05\\\/a-vida-no-ceu.jpg\",\"width\":352,\"height\":500},{\"@type\":\"BreadcrumbList\",\"@id\":\"https:\\\/\\\/culturaeafins.com\\\/index.php\\\/2025\\\/05\\\/17\\\/a-vida-no-ceu-de-jose-eduardo-agualusa\\\/#breadcrumb\",\"itemListElement\":[{\"@type\":\"ListItem\",\"position\":1,\"name\":\"In\u00edcio\",\"item\":\"https:\\\/\\\/culturaeafins.com\\\/\"},{\"@type\":\"ListItem\",\"position\":2,\"name\":\"A vida no C\u00e9u, de Jos\u00e9 Eduardo Agualusa\"}]},{\"@type\":\"WebSite\",\"@id\":\"https:\\\/\\\/culturaeafins.com\\\/#website\",\"url\":\"https:\\\/\\\/culturaeafins.com\\\/\",\"name\":\"Cultura e Afins\",\"description\":\"\",\"publisher\":{\"@id\":\"https:\\\/\\\/culturaeafins.com\\\/#organization\"},\"potentialAction\":[{\"@type\":\"SearchAction\",\"target\":{\"@type\":\"EntryPoint\",\"urlTemplate\":\"https:\\\/\\\/culturaeafins.com\\\/?s={search_term_string}\"},\"query-input\":{\"@type\":\"PropertyValueSpecification\",\"valueRequired\":true,\"valueName\":\"search_term_string\"}}],\"inLanguage\":\"en-US\"},{\"@type\":\"Organization\",\"@id\":\"https:\\\/\\\/culturaeafins.com\\\/#organization\",\"name\":\"Cultura e Afins\",\"url\":\"https:\\\/\\\/culturaeafins.com\\\/\",\"logo\":{\"@type\":\"ImageObject\",\"inLanguage\":\"en-US\",\"@id\":\"https:\\\/\\\/culturaeafins.com\\\/#\\\/schema\\\/logo\\\/image\\\/\",\"url\":\"https:\\\/\\\/culturaeafins.com\\\/wp-content\\\/uploads\\\/2024\\\/01\\\/15115497096_9efb16a648_o.jpg\",\"contentUrl\":\"https:\\\/\\\/culturaeafins.com\\\/wp-content\\\/uploads\\\/2024\\\/01\\\/15115497096_9efb16a648_o.jpg\",\"width\":690,\"height\":317,\"caption\":\"Cultura e Afins\"},\"image\":{\"@id\":\"https:\\\/\\\/culturaeafins.com\\\/#\\\/schema\\\/logo\\\/image\\\/\"}},{\"@type\":\"Person\",\"@id\":\"https:\\\/\\\/culturaeafins.com\\\/#\\\/schema\\\/person\\\/5d1d5a375a3d9d2034d1a175aae85702\",\"name\":\"Culturaeafins\",\"image\":{\"@type\":\"ImageObject\",\"inLanguage\":\"en-US\",\"@id\":\"https:\\\/\\\/secure.gravatar.com\\\/avatar\\\/c7eb1bc1ef2ef58f0ff3ae1db737bdc5c931e84e43d43ccb3478db5f65bd9d0a?s=96&d=mm&r=g\",\"url\":\"https:\\\/\\\/secure.gravatar.com\\\/avatar\\\/c7eb1bc1ef2ef58f0ff3ae1db737bdc5c931e84e43d43ccb3478db5f65bd9d0a?s=96&d=mm&r=g\",\"contentUrl\":\"https:\\\/\\\/secure.gravatar.com\\\/avatar\\\/c7eb1bc1ef2ef58f0ff3ae1db737bdc5c931e84e43d43ccb3478db5f65bd9d0a?s=96&d=mm&r=g\",\"caption\":\"Culturaeafins\"},\"sameAs\":[\"https:\\\/\\\/culturaeafins.com\"],\"url\":\"https:\\\/\\\/culturaeafins.com\\\/index.php\\\/author\\\/culturaeafins\\\/\"}]}<\/script>\n<!-- \/ Yoast SEO plugin. -->","yoast_head_json":{"title":"A vida no C\u00e9u, de Jos\u00e9 Eduardo Agualusa - Cultura e Afins","description":"J\u00e1 imaginou viver num mundo onde a Terra ficou inabit\u00e1vel e os seres humanos passaram a morar em dirig\u00edveis, voando pelos c\u00e9us?","robots":{"index":"index","follow":"follow","max-snippet":"max-snippet:-1","max-image-preview":"max-image-preview:large","max-video-preview":"max-video-preview:-1"},"canonical":"https:\/\/culturaeafins.com\/index.php\/2025\/05\/17\/a-vida-no-ceu-de-jose-eduardo-agualusa\/","og_locale":"en_US","og_type":"article","og_title":"A vida no C\u00e9u, de Jos\u00e9 Eduardo Agualusa - Cultura e Afins","og_description":"J\u00e1 imaginou viver num mundo onde a Terra ficou inabit\u00e1vel e os seres humanos passaram a morar em dirig\u00edveis, voando pelos c\u00e9us?","og_url":"https:\/\/culturaeafins.com\/index.php\/2025\/05\/17\/a-vida-no-ceu-de-jose-eduardo-agualusa\/","og_site_name":"Cultura e Afins","article_published_time":"2025-05-17T20:03:20+00:00","article_modified_time":"2025-07-09T13:43:19+00:00","og_image":[{"width":352,"height":500,"url":"https:\/\/culturaeafins.com\/wp-content\/uploads\/2025\/05\/a-vida-no-ceu.jpg","type":"image\/jpeg"}],"author":"Culturaeafins","twitter_card":"summary_large_image","twitter_misc":{"Written by":"Culturaeafins","Est. reading time":"4 minutes"},"schema":{"@context":"https:\/\/schema.org","@graph":[{"@type":"Article","@id":"https:\/\/culturaeafins.com\/index.php\/2025\/05\/17\/a-vida-no-ceu-de-jose-eduardo-agualusa\/#article","isPartOf":{"@id":"https:\/\/culturaeafins.com\/index.php\/2025\/05\/17\/a-vida-no-ceu-de-jose-eduardo-agualusa\/"},"author":{"name":"Culturaeafins","@id":"https:\/\/culturaeafins.com\/#\/schema\/person\/5d1d5a375a3d9d2034d1a175aae85702"},"headline":"A vida no C\u00e9u, de Jos\u00e9 Eduardo Agualusa","datePublished":"2025-05-17T20:03:20+00:00","dateModified":"2025-07-09T13:43:19+00:00","mainEntityOfPage":{"@id":"https:\/\/culturaeafins.com\/index.php\/2025\/05\/17\/a-vida-no-ceu-de-jose-eduardo-agualusa\/"},"wordCount":677,"commentCount":0,"publisher":{"@id":"https:\/\/culturaeafins.com\/#organization"},"image":{"@id":"https:\/\/culturaeafins.com\/index.php\/2025\/05\/17\/a-vida-no-ceu-de-jose-eduardo-agualusa\/#primaryimage"},"thumbnailUrl":"https:\/\/culturaeafins.com\/wp-content\/uploads\/2025\/05\/a-vida-no-ceu.jpg","articleSection":["Blog","Livros"],"inLanguage":"en-US","potentialAction":[{"@type":"CommentAction","name":"Comment","target":["https:\/\/culturaeafins.com\/index.php\/2025\/05\/17\/a-vida-no-ceu-de-jose-eduardo-agualusa\/#respond"]}]},{"@type":"WebPage","@id":"https:\/\/culturaeafins.com\/index.php\/2025\/05\/17\/a-vida-no-ceu-de-jose-eduardo-agualusa\/","url":"https:\/\/culturaeafins.com\/index.php\/2025\/05\/17\/a-vida-no-ceu-de-jose-eduardo-agualusa\/","name":"A vida no C\u00e9u, de Jos\u00e9 Eduardo Agualusa - Cultura e Afins","isPartOf":{"@id":"https:\/\/culturaeafins.com\/#website"},"primaryImageOfPage":{"@id":"https:\/\/culturaeafins.com\/index.php\/2025\/05\/17\/a-vida-no-ceu-de-jose-eduardo-agualusa\/#primaryimage"},"image":{"@id":"https:\/\/culturaeafins.com\/index.php\/2025\/05\/17\/a-vida-no-ceu-de-jose-eduardo-agualusa\/#primaryimage"},"thumbnailUrl":"https:\/\/culturaeafins.com\/wp-content\/uploads\/2025\/05\/a-vida-no-ceu.jpg","datePublished":"2025-05-17T20:03:20+00:00","dateModified":"2025-07-09T13:43:19+00:00","description":"J\u00e1 imaginou viver num mundo onde a Terra ficou inabit\u00e1vel e os seres humanos passaram a morar em dirig\u00edveis, voando pelos c\u00e9us?","breadcrumb":{"@id":"https:\/\/culturaeafins.com\/index.php\/2025\/05\/17\/a-vida-no-ceu-de-jose-eduardo-agualusa\/#breadcrumb"},"inLanguage":"en-US","potentialAction":[{"@type":"ReadAction","target":["https:\/\/culturaeafins.com\/index.php\/2025\/05\/17\/a-vida-no-ceu-de-jose-eduardo-agualusa\/"]}]},{"@type":"ImageObject","inLanguage":"en-US","@id":"https:\/\/culturaeafins.com\/index.php\/2025\/05\/17\/a-vida-no-ceu-de-jose-eduardo-agualusa\/#primaryimage","url":"https:\/\/culturaeafins.com\/wp-content\/uploads\/2025\/05\/a-vida-no-ceu.jpg","contentUrl":"https:\/\/culturaeafins.com\/wp-content\/uploads\/2025\/05\/a-vida-no-ceu.jpg","width":352,"height":500},{"@type":"BreadcrumbList","@id":"https:\/\/culturaeafins.com\/index.php\/2025\/05\/17\/a-vida-no-ceu-de-jose-eduardo-agualusa\/#breadcrumb","itemListElement":[{"@type":"ListItem","position":1,"name":"In\u00edcio","item":"https:\/\/culturaeafins.com\/"},{"@type":"ListItem","position":2,"name":"A vida no C\u00e9u, de Jos\u00e9 Eduardo Agualusa"}]},{"@type":"WebSite","@id":"https:\/\/culturaeafins.com\/#website","url":"https:\/\/culturaeafins.com\/","name":"Cultura e Afins","description":"","publisher":{"@id":"https:\/\/culturaeafins.com\/#organization"},"potentialAction":[{"@type":"SearchAction","target":{"@type":"EntryPoint","urlTemplate":"https:\/\/culturaeafins.com\/?s={search_term_string}"},"query-input":{"@type":"PropertyValueSpecification","valueRequired":true,"valueName":"search_term_string"}}],"inLanguage":"en-US"},{"@type":"Organization","@id":"https:\/\/culturaeafins.com\/#organization","name":"Cultura e Afins","url":"https:\/\/culturaeafins.com\/","logo":{"@type":"ImageObject","inLanguage":"en-US","@id":"https:\/\/culturaeafins.com\/#\/schema\/logo\/image\/","url":"https:\/\/culturaeafins.com\/wp-content\/uploads\/2024\/01\/15115497096_9efb16a648_o.jpg","contentUrl":"https:\/\/culturaeafins.com\/wp-content\/uploads\/2024\/01\/15115497096_9efb16a648_o.jpg","width":690,"height":317,"caption":"Cultura e Afins"},"image":{"@id":"https:\/\/culturaeafins.com\/#\/schema\/logo\/image\/"}},{"@type":"Person","@id":"https:\/\/culturaeafins.com\/#\/schema\/person\/5d1d5a375a3d9d2034d1a175aae85702","name":"Culturaeafins","image":{"@type":"ImageObject","inLanguage":"en-US","@id":"https:\/\/secure.gravatar.com\/avatar\/c7eb1bc1ef2ef58f0ff3ae1db737bdc5c931e84e43d43ccb3478db5f65bd9d0a?s=96&d=mm&r=g","url":"https:\/\/secure.gravatar.com\/avatar\/c7eb1bc1ef2ef58f0ff3ae1db737bdc5c931e84e43d43ccb3478db5f65bd9d0a?s=96&d=mm&r=g","contentUrl":"https:\/\/secure.gravatar.com\/avatar\/c7eb1bc1ef2ef58f0ff3ae1db737bdc5c931e84e43d43ccb3478db5f65bd9d0a?s=96&d=mm&r=g","caption":"Culturaeafins"},"sameAs":["https:\/\/culturaeafins.com"],"url":"https:\/\/culturaeafins.com\/index.php\/author\/culturaeafins\/"}]}},"_links":{"self":[{"href":"https:\/\/culturaeafins.com\/index.php\/wp-json\/wp\/v2\/posts\/313","targetHints":{"allow":["GET"]}}],"collection":[{"href":"https:\/\/culturaeafins.com\/index.php\/wp-json\/wp\/v2\/posts"}],"about":[{"href":"https:\/\/culturaeafins.com\/index.php\/wp-json\/wp\/v2\/types\/post"}],"author":[{"embeddable":true,"href":"https:\/\/culturaeafins.com\/index.php\/wp-json\/wp\/v2\/users\/1"}],"replies":[{"embeddable":true,"href":"https:\/\/culturaeafins.com\/index.php\/wp-json\/wp\/v2\/comments?post=313"}],"version-history":[{"count":9,"href":"https:\/\/culturaeafins.com\/index.php\/wp-json\/wp\/v2\/posts\/313\/revisions"}],"predecessor-version":[{"id":355,"href":"https:\/\/culturaeafins.com\/index.php\/wp-json\/wp\/v2\/posts\/313\/revisions\/355"}],"wp:featuredmedia":[{"embeddable":true,"href":"https:\/\/culturaeafins.com\/index.php\/wp-json\/wp\/v2\/media\/356"}],"wp:attachment":[{"href":"https:\/\/culturaeafins.com\/index.php\/wp-json\/wp\/v2\/media?parent=313"}],"wp:term":[{"taxonomy":"category","embeddable":true,"href":"https:\/\/culturaeafins.com\/index.php\/wp-json\/wp\/v2\/categories?post=313"},{"taxonomy":"post_tag","embeddable":true,"href":"https:\/\/culturaeafins.com\/index.php\/wp-json\/wp\/v2\/tags?post=313"}],"curies":[{"name":"wp","href":"https:\/\/api.w.org\/{rel}","templated":true}]}}