{"id":303,"date":"2025-05-11T17:18:45","date_gmt":"2025-05-11T20:18:45","guid":{"rendered":"https:\/\/culturaeafins.com\/?p=303"},"modified":"2025-07-09T10:43:03","modified_gmt":"2025-07-09T13:43:03","slug":"quarto-de-despejo-o-grito-de-uma-voz-invisivel","status":"publish","type":"post","link":"https:\/\/culturaeafins.com\/index.php\/2025\/05\/11\/quarto-de-despejo-o-grito-de-uma-voz-invisivel\/","title":{"rendered":"Quarto de Despejo: o grito de uma voz invis\u00edvel"},"content":{"rendered":"<p><span style=\"font-size: 14pt;\">Quarto de despejo: Di\u00e1rio de uma favelada, publicado pela primeira vez em 1960, \u00e9 uma obra impactante escrita por Carolina Maria de Jesus, uma mulher negra, pobre, catadora de papel e moradora da favela do Canind\u00e9, em S\u00e3o Paulo. Mais do que um di\u00e1rio, o livro \u00e9 um testemunho cru da mis\u00e9ria, da desigualdade e da luta por dignidade nas periferias urbanas do Brasil.<\/span><\/p>\n<p><span style=\"font-size: 14pt;\">Carolina registrava em cadernos que encontrava no lixo os acontecimentos de seu dia a dia, a fome constante, os conflitos com vizinhos e a busca por sustento para si e seus tr\u00eas filhos. Sua escrita \u00e9 direta, sincera e repleta de emo\u00e7\u00e3o.<\/span><\/p>\n<h2>O t\u00edtulo do livro e a percep\u00e7\u00e3o da favela como um lugar para onde s\u00e3o empurradas as pessoas consideradas indesejadas pela sociedade<\/h2>\n<p><span style=\"font-size: 14pt;\">O t\u00edtulo do livro remete \u00e0 percep\u00e7\u00e3o da favela como um &#8220;quarto de despejo&#8221; da cidade, um lugar para onde s\u00e3o empurradas as pessoas consideradas indesejadas pela sociedade. A imagem \u00e9 poderosa e resume o que Carolina vivia: exclus\u00e3o, invisibilidade e abandono. Apesar disso, ela nunca se mostra passiva. Pelo contr\u00e1rio, demonstra enorme for\u00e7a de vontade e uma profunda consci\u00eancia social e pol\u00edtica. Em v\u00e1rio trechos, dritica os pol\u00edticos, a corrup\u00e7\u00e3o e a hipocrisia da elite, mesmo sem ter acesso formal \u00e0 educa\u00e7\u00e3o.<\/span><\/p>\n<h3>Linguagem simples e carregada de intensidade<\/h3>\n<p><span style=\"font-size: 14pt;\">A linguagem de Carolina \u00e9 simples, mas carregada de intensidade. Ela n\u00e3o tenta embelezar a realidade; pelo contr\u00e1rio, a retrata com brutal honestidade.<\/span><\/p>\n<p><span style=\"font-size: 14pt;\">Fala abertamente sobre a fome que a fazia alimentar os filhos com cascas de frutas encontradas no lixo, sobre a humilha\u00e7\u00e3o de pedir comida, sobre o medo da viol\u00eancia e da doen\u00e7a. Ao mesmo tempo, o texto revela uma mulhersens\u00edvel, inteligente e com uma percep\u00e7\u00e3o agu\u00e7ada da realidade ao seu redor. Sua escrita mistura dor, indigna\u00e7\u00e3o e poesia.<\/span><\/p>\n<p><span style=\"font-size: 14pt;\">O impacto do livro foi imediato. Lan\u00e7ado com a ajuda do jornalista Aud\u00e1lio Dantas, que conheceu Carolina em uma reportagem sobre a favela, Quarto de Despejo teve grande repercuss\u00e3o no Brasil e no exterior. Foi traduzido para mais de 10 idiomas e elogiado por figuras importantes da literatura e do pensamento social. No entanto, o sucesso do livro n\u00e3o mudou profundamente a vida de Carolina, que continuou enfrentando dificuldades econ\u00f4micas e preconceito. Sua trajet\u00f3ria revela o quanto o racismo e a desigualdade s\u00e3o estruturais na sociedade brasileira.<\/span><\/p>\n<h3>Livro \u00e9 um documento hist\u00f3rico<\/h3>\n<p><span style=\"font-size: 14pt;\">Al\u00e9m do valor liter\u00e1rio, Quarto de Despejo \u00e9 um documento hist\u00f3rico. Ele rompe com a narrativa tradicional quw silenciava as vozes da favela e d\u00e1 protagonismo a uma mulher negra que, com sua pr\u00f3pria voz, denuncia o sistema que a marginaliza. Ao registrar o cotidiano da favela com seus pr\u00f3prios olhos, Carolina mostra que os moradores dessas regi\u00f5es n\u00e3o s\u00e3o apenas v\u00edtimas, mas sujeitos que resistem, refletem e t\u00eam muito a dizer.<\/span><\/p>\n<h3>Quarto de Despejo segue atual e necess\u00e1rio<\/h3>\n<p><span style=\"font-size: 14pt;\">Hoje, mais de seis d\u00e9cadas ap\u00f3s sua publica\u00e7\u00e3o, Quarto de Despejo segue atual e necess\u00e1rio. As quest\u00f5es levantadas por Carolina &#8211; fome, habita\u00e7\u00e3o prec\u00e1ria, exclus\u00e3o social e racismo &#8211; ainda fazem parte da realidade de milhoes de brasileiros. Ela \u00e9 um s\u00edmbolo de resist\u00eancia e de pot\u00eancia da palavra.<\/span><\/p>\n<p><span style=\"font-size: 14pt;\">A pobreza extrema \u00e9 o tema mais recorrente do livro. Carolina descreve o cotidiano de quem vive \u00e0 margem, onde a maior preocupa\u00e7\u00e3o \u00e9 garantir o que comer.<\/span><\/p>\n<p><span style=\"font-size: 14pt;\">Em resumo, Quarto de Despejo n\u00e3o \u00e9 apenas um livro. \u00c9 um grito. Um rito que sai de um barraco na favela e ecoa por todo o Brasil, denunciando as injusti\u00e7as e exigindo humanidade.<\/span><\/p>\n<p><span style=\"font-size: 14pt;\">Carolina Maria de Jesus, com sua escrita visceral, deu rosto, voz e alma a uma parcela esquecida da popula\u00e7\u00e3o. E, com isso, fez hist\u00f3ria.<\/span><\/p>\n<p><a href=\"http:\/\/Di\u00e1rio de Pilar no Egito: Uma aventura cultural e hist\u00f3rica\">http:\/\/Di\u00e1rio de Pilar no Egito: Uma aventura cultural e hist\u00f3rica<\/a><\/p>\n","protected":false},"excerpt":{"rendered":"<p>Quarto de despejo: Di\u00e1rio de uma favelada, publicado pela primeira vez em 1960, \u00e9 uma obra impactante escrita por Carolina Maria de Jesus, uma mulher negra, pobre, catadora de papel &#8230;<\/p>\n","protected":false},"author":1,"featured_media":312,"comment_status":"open","ping_status":"open","sticky":false,"template":"","format":"standard","meta":{"footnotes":""},"categories":[3],"tags":[],"class_list":["post-303","post","type-post","status-publish","format-standard","has-post-thumbnail","hentry","category-livros"],"yoast_head":"<!-- This site is optimized with the Yoast SEO plugin v27.5 - https:\/\/yoast.com\/product\/yoast-seo-wordpress\/ -->\n<title>Quarto de Despejo: o grito de uma voz invis\u00edvel - Cultura e Afins<\/title>\n<meta name=\"description\" content=\"Quarto de despejo: Di\u00e1rio de uma favelada, publicado pela primeira vez em 1960, \u00e9 uma obra impactante escrita por Carolina Maria de Jesus\" \/>\n<meta name=\"robots\" content=\"index, follow, max-snippet:-1, max-image-preview:large, max-video-preview:-1\" \/>\n<link rel=\"canonical\" href=\"https:\/\/culturaeafins.com\/index.php\/2025\/05\/11\/quarto-de-despejo-o-grito-de-uma-voz-invisivel\/\" \/>\n<meta property=\"og:locale\" content=\"en_US\" \/>\n<meta property=\"og:type\" content=\"article\" \/>\n<meta property=\"og:title\" content=\"Quarto de Despejo: o grito de uma voz invis\u00edvel - Cultura e Afins\" \/>\n<meta property=\"og:description\" content=\"Quarto de despejo: Di\u00e1rio de uma favelada, publicado pela primeira vez em 1960, \u00e9 uma obra impactante escrita por Carolina Maria de Jesus\" \/>\n<meta property=\"og:url\" content=\"https:\/\/culturaeafins.com\/index.php\/2025\/05\/11\/quarto-de-despejo-o-grito-de-uma-voz-invisivel\/\" \/>\n<meta property=\"og:site_name\" content=\"Cultura e Afins\" \/>\n<meta property=\"article:published_time\" content=\"2025-05-11T20:18:45+00:00\" \/>\n<meta property=\"article:modified_time\" content=\"2025-07-09T13:43:03+00:00\" \/>\n<meta property=\"og:image\" content=\"https:\/\/culturaeafins.com\/wp-content\/uploads\/2025\/05\/Quarto-de-despejo_-Carolina-Maria-de-Jesus-_3_3_3-_3_2.jpeg\" \/>\n\t<meta property=\"og:image:width\" content=\"638\" \/>\n\t<meta property=\"og:image:height\" content=\"903\" \/>\n\t<meta property=\"og:image:type\" content=\"image\/jpeg\" \/>\n<meta name=\"author\" content=\"Culturaeafins\" \/>\n<meta name=\"twitter:card\" content=\"summary_large_image\" \/>\n<meta name=\"twitter:label1\" content=\"Written by\" \/>\n\t<meta name=\"twitter:data1\" content=\"Culturaeafins\" \/>\n\t<meta name=\"twitter:label2\" content=\"Est. reading time\" \/>\n\t<meta name=\"twitter:data2\" content=\"4 minutes\" \/>\n<script type=\"application\/ld+json\" class=\"yoast-schema-graph\">{\"@context\":\"https:\\\/\\\/schema.org\",\"@graph\":[{\"@type\":\"Article\",\"@id\":\"https:\\\/\\\/culturaeafins.com\\\/index.php\\\/2025\\\/05\\\/11\\\/quarto-de-despejo-o-grito-de-uma-voz-invisivel\\\/#article\",\"isPartOf\":{\"@id\":\"https:\\\/\\\/culturaeafins.com\\\/index.php\\\/2025\\\/05\\\/11\\\/quarto-de-despejo-o-grito-de-uma-voz-invisivel\\\/\"},\"author\":{\"name\":\"Culturaeafins\",\"@id\":\"https:\\\/\\\/culturaeafins.com\\\/#\\\/schema\\\/person\\\/5d1d5a375a3d9d2034d1a175aae85702\"},\"headline\":\"Quarto de Despejo: o grito de uma voz invis\u00edvel\",\"datePublished\":\"2025-05-11T20:18:45+00:00\",\"dateModified\":\"2025-07-09T13:43:03+00:00\",\"mainEntityOfPage\":{\"@id\":\"https:\\\/\\\/culturaeafins.com\\\/index.php\\\/2025\\\/05\\\/11\\\/quarto-de-despejo-o-grito-de-uma-voz-invisivel\\\/\"},\"wordCount\":675,\"commentCount\":0,\"publisher\":{\"@id\":\"https:\\\/\\\/culturaeafins.com\\\/#organization\"},\"image\":{\"@id\":\"https:\\\/\\\/culturaeafins.com\\\/index.php\\\/2025\\\/05\\\/11\\\/quarto-de-despejo-o-grito-de-uma-voz-invisivel\\\/#primaryimage\"},\"thumbnailUrl\":\"https:\\\/\\\/culturaeafins.com\\\/wp-content\\\/uploads\\\/2025\\\/05\\\/Quarto-de-despejo_-Carolina-Maria-de-Jesus-_3_3_3-_3_2.jpeg\",\"articleSection\":[\"Livros\"],\"inLanguage\":\"en-US\",\"potentialAction\":[{\"@type\":\"CommentAction\",\"name\":\"Comment\",\"target\":[\"https:\\\/\\\/culturaeafins.com\\\/index.php\\\/2025\\\/05\\\/11\\\/quarto-de-despejo-o-grito-de-uma-voz-invisivel\\\/#respond\"]}]},{\"@type\":\"WebPage\",\"@id\":\"https:\\\/\\\/culturaeafins.com\\\/index.php\\\/2025\\\/05\\\/11\\\/quarto-de-despejo-o-grito-de-uma-voz-invisivel\\\/\",\"url\":\"https:\\\/\\\/culturaeafins.com\\\/index.php\\\/2025\\\/05\\\/11\\\/quarto-de-despejo-o-grito-de-uma-voz-invisivel\\\/\",\"name\":\"Quarto de Despejo: o grito de uma voz invis\u00edvel - Cultura e Afins\",\"isPartOf\":{\"@id\":\"https:\\\/\\\/culturaeafins.com\\\/#website\"},\"primaryImageOfPage\":{\"@id\":\"https:\\\/\\\/culturaeafins.com\\\/index.php\\\/2025\\\/05\\\/11\\\/quarto-de-despejo-o-grito-de-uma-voz-invisivel\\\/#primaryimage\"},\"image\":{\"@id\":\"https:\\\/\\\/culturaeafins.com\\\/index.php\\\/2025\\\/05\\\/11\\\/quarto-de-despejo-o-grito-de-uma-voz-invisivel\\\/#primaryimage\"},\"thumbnailUrl\":\"https:\\\/\\\/culturaeafins.com\\\/wp-content\\\/uploads\\\/2025\\\/05\\\/Quarto-de-despejo_-Carolina-Maria-de-Jesus-_3_3_3-_3_2.jpeg\",\"datePublished\":\"2025-05-11T20:18:45+00:00\",\"dateModified\":\"2025-07-09T13:43:03+00:00\",\"description\":\"Quarto de despejo: Di\u00e1rio de uma favelada, publicado pela primeira vez em 1960, \u00e9 uma obra impactante escrita por Carolina Maria de Jesus\",\"breadcrumb\":{\"@id\":\"https:\\\/\\\/culturaeafins.com\\\/index.php\\\/2025\\\/05\\\/11\\\/quarto-de-despejo-o-grito-de-uma-voz-invisivel\\\/#breadcrumb\"},\"inLanguage\":\"en-US\",\"potentialAction\":[{\"@type\":\"ReadAction\",\"target\":[\"https:\\\/\\\/culturaeafins.com\\\/index.php\\\/2025\\\/05\\\/11\\\/quarto-de-despejo-o-grito-de-uma-voz-invisivel\\\/\"]}]},{\"@type\":\"ImageObject\",\"inLanguage\":\"en-US\",\"@id\":\"https:\\\/\\\/culturaeafins.com\\\/index.php\\\/2025\\\/05\\\/11\\\/quarto-de-despejo-o-grito-de-uma-voz-invisivel\\\/#primaryimage\",\"url\":\"https:\\\/\\\/culturaeafins.com\\\/wp-content\\\/uploads\\\/2025\\\/05\\\/Quarto-de-despejo_-Carolina-Maria-de-Jesus-_3_3_3-_3_2.jpeg\",\"contentUrl\":\"https:\\\/\\\/culturaeafins.com\\\/wp-content\\\/uploads\\\/2025\\\/05\\\/Quarto-de-despejo_-Carolina-Maria-de-Jesus-_3_3_3-_3_2.jpeg\",\"width\":638,\"height\":903},{\"@type\":\"BreadcrumbList\",\"@id\":\"https:\\\/\\\/culturaeafins.com\\\/index.php\\\/2025\\\/05\\\/11\\\/quarto-de-despejo-o-grito-de-uma-voz-invisivel\\\/#breadcrumb\",\"itemListElement\":[{\"@type\":\"ListItem\",\"position\":1,\"name\":\"In\u00edcio\",\"item\":\"https:\\\/\\\/culturaeafins.com\\\/\"},{\"@type\":\"ListItem\",\"position\":2,\"name\":\"Quarto de Despejo: o grito de uma voz invis\u00edvel\"}]},{\"@type\":\"WebSite\",\"@id\":\"https:\\\/\\\/culturaeafins.com\\\/#website\",\"url\":\"https:\\\/\\\/culturaeafins.com\\\/\",\"name\":\"Cultura e Afins\",\"description\":\"\",\"publisher\":{\"@id\":\"https:\\\/\\\/culturaeafins.com\\\/#organization\"},\"potentialAction\":[{\"@type\":\"SearchAction\",\"target\":{\"@type\":\"EntryPoint\",\"urlTemplate\":\"https:\\\/\\\/culturaeafins.com\\\/?s={search_term_string}\"},\"query-input\":{\"@type\":\"PropertyValueSpecification\",\"valueRequired\":true,\"valueName\":\"search_term_string\"}}],\"inLanguage\":\"en-US\"},{\"@type\":\"Organization\",\"@id\":\"https:\\\/\\\/culturaeafins.com\\\/#organization\",\"name\":\"Cultura e Afins\",\"url\":\"https:\\\/\\\/culturaeafins.com\\\/\",\"logo\":{\"@type\":\"ImageObject\",\"inLanguage\":\"en-US\",\"@id\":\"https:\\\/\\\/culturaeafins.com\\\/#\\\/schema\\\/logo\\\/image\\\/\",\"url\":\"https:\\\/\\\/culturaeafins.com\\\/wp-content\\\/uploads\\\/2024\\\/01\\\/15115497096_9efb16a648_o.jpg\",\"contentUrl\":\"https:\\\/\\\/culturaeafins.com\\\/wp-content\\\/uploads\\\/2024\\\/01\\\/15115497096_9efb16a648_o.jpg\",\"width\":690,\"height\":317,\"caption\":\"Cultura e Afins\"},\"image\":{\"@id\":\"https:\\\/\\\/culturaeafins.com\\\/#\\\/schema\\\/logo\\\/image\\\/\"}},{\"@type\":\"Person\",\"@id\":\"https:\\\/\\\/culturaeafins.com\\\/#\\\/schema\\\/person\\\/5d1d5a375a3d9d2034d1a175aae85702\",\"name\":\"Culturaeafins\",\"image\":{\"@type\":\"ImageObject\",\"inLanguage\":\"en-US\",\"@id\":\"https:\\\/\\\/secure.gravatar.com\\\/avatar\\\/c7eb1bc1ef2ef58f0ff3ae1db737bdc5c931e84e43d43ccb3478db5f65bd9d0a?s=96&d=mm&r=g\",\"url\":\"https:\\\/\\\/secure.gravatar.com\\\/avatar\\\/c7eb1bc1ef2ef58f0ff3ae1db737bdc5c931e84e43d43ccb3478db5f65bd9d0a?s=96&d=mm&r=g\",\"contentUrl\":\"https:\\\/\\\/secure.gravatar.com\\\/avatar\\\/c7eb1bc1ef2ef58f0ff3ae1db737bdc5c931e84e43d43ccb3478db5f65bd9d0a?s=96&d=mm&r=g\",\"caption\":\"Culturaeafins\"},\"sameAs\":[\"https:\\\/\\\/culturaeafins.com\"],\"url\":\"https:\\\/\\\/culturaeafins.com\\\/index.php\\\/author\\\/culturaeafins\\\/\"}]}<\/script>\n<!-- \/ Yoast SEO plugin. -->","yoast_head_json":{"title":"Quarto de Despejo: o grito de uma voz invis\u00edvel - Cultura e Afins","description":"Quarto de despejo: Di\u00e1rio de uma favelada, publicado pela primeira vez em 1960, \u00e9 uma obra impactante escrita por Carolina Maria de Jesus","robots":{"index":"index","follow":"follow","max-snippet":"max-snippet:-1","max-image-preview":"max-image-preview:large","max-video-preview":"max-video-preview:-1"},"canonical":"https:\/\/culturaeafins.com\/index.php\/2025\/05\/11\/quarto-de-despejo-o-grito-de-uma-voz-invisivel\/","og_locale":"en_US","og_type":"article","og_title":"Quarto de Despejo: o grito de uma voz invis\u00edvel - Cultura e Afins","og_description":"Quarto de despejo: Di\u00e1rio de uma favelada, publicado pela primeira vez em 1960, \u00e9 uma obra impactante escrita por Carolina Maria de Jesus","og_url":"https:\/\/culturaeafins.com\/index.php\/2025\/05\/11\/quarto-de-despejo-o-grito-de-uma-voz-invisivel\/","og_site_name":"Cultura e Afins","article_published_time":"2025-05-11T20:18:45+00:00","article_modified_time":"2025-07-09T13:43:03+00:00","og_image":[{"width":638,"height":903,"url":"https:\/\/culturaeafins.com\/wp-content\/uploads\/2025\/05\/Quarto-de-despejo_-Carolina-Maria-de-Jesus-_3_3_3-_3_2.jpeg","type":"image\/jpeg"}],"author":"Culturaeafins","twitter_card":"summary_large_image","twitter_misc":{"Written by":"Culturaeafins","Est. reading time":"4 minutes"},"schema":{"@context":"https:\/\/schema.org","@graph":[{"@type":"Article","@id":"https:\/\/culturaeafins.com\/index.php\/2025\/05\/11\/quarto-de-despejo-o-grito-de-uma-voz-invisivel\/#article","isPartOf":{"@id":"https:\/\/culturaeafins.com\/index.php\/2025\/05\/11\/quarto-de-despejo-o-grito-de-uma-voz-invisivel\/"},"author":{"name":"Culturaeafins","@id":"https:\/\/culturaeafins.com\/#\/schema\/person\/5d1d5a375a3d9d2034d1a175aae85702"},"headline":"Quarto de Despejo: o grito de uma voz invis\u00edvel","datePublished":"2025-05-11T20:18:45+00:00","dateModified":"2025-07-09T13:43:03+00:00","mainEntityOfPage":{"@id":"https:\/\/culturaeafins.com\/index.php\/2025\/05\/11\/quarto-de-despejo-o-grito-de-uma-voz-invisivel\/"},"wordCount":675,"commentCount":0,"publisher":{"@id":"https:\/\/culturaeafins.com\/#organization"},"image":{"@id":"https:\/\/culturaeafins.com\/index.php\/2025\/05\/11\/quarto-de-despejo-o-grito-de-uma-voz-invisivel\/#primaryimage"},"thumbnailUrl":"https:\/\/culturaeafins.com\/wp-content\/uploads\/2025\/05\/Quarto-de-despejo_-Carolina-Maria-de-Jesus-_3_3_3-_3_2.jpeg","articleSection":["Livros"],"inLanguage":"en-US","potentialAction":[{"@type":"CommentAction","name":"Comment","target":["https:\/\/culturaeafins.com\/index.php\/2025\/05\/11\/quarto-de-despejo-o-grito-de-uma-voz-invisivel\/#respond"]}]},{"@type":"WebPage","@id":"https:\/\/culturaeafins.com\/index.php\/2025\/05\/11\/quarto-de-despejo-o-grito-de-uma-voz-invisivel\/","url":"https:\/\/culturaeafins.com\/index.php\/2025\/05\/11\/quarto-de-despejo-o-grito-de-uma-voz-invisivel\/","name":"Quarto de Despejo: o grito de uma voz invis\u00edvel - Cultura e Afins","isPartOf":{"@id":"https:\/\/culturaeafins.com\/#website"},"primaryImageOfPage":{"@id":"https:\/\/culturaeafins.com\/index.php\/2025\/05\/11\/quarto-de-despejo-o-grito-de-uma-voz-invisivel\/#primaryimage"},"image":{"@id":"https:\/\/culturaeafins.com\/index.php\/2025\/05\/11\/quarto-de-despejo-o-grito-de-uma-voz-invisivel\/#primaryimage"},"thumbnailUrl":"https:\/\/culturaeafins.com\/wp-content\/uploads\/2025\/05\/Quarto-de-despejo_-Carolina-Maria-de-Jesus-_3_3_3-_3_2.jpeg","datePublished":"2025-05-11T20:18:45+00:00","dateModified":"2025-07-09T13:43:03+00:00","description":"Quarto de despejo: Di\u00e1rio de uma favelada, publicado pela primeira vez em 1960, \u00e9 uma obra impactante escrita por Carolina Maria de Jesus","breadcrumb":{"@id":"https:\/\/culturaeafins.com\/index.php\/2025\/05\/11\/quarto-de-despejo-o-grito-de-uma-voz-invisivel\/#breadcrumb"},"inLanguage":"en-US","potentialAction":[{"@type":"ReadAction","target":["https:\/\/culturaeafins.com\/index.php\/2025\/05\/11\/quarto-de-despejo-o-grito-de-uma-voz-invisivel\/"]}]},{"@type":"ImageObject","inLanguage":"en-US","@id":"https:\/\/culturaeafins.com\/index.php\/2025\/05\/11\/quarto-de-despejo-o-grito-de-uma-voz-invisivel\/#primaryimage","url":"https:\/\/culturaeafins.com\/wp-content\/uploads\/2025\/05\/Quarto-de-despejo_-Carolina-Maria-de-Jesus-_3_3_3-_3_2.jpeg","contentUrl":"https:\/\/culturaeafins.com\/wp-content\/uploads\/2025\/05\/Quarto-de-despejo_-Carolina-Maria-de-Jesus-_3_3_3-_3_2.jpeg","width":638,"height":903},{"@type":"BreadcrumbList","@id":"https:\/\/culturaeafins.com\/index.php\/2025\/05\/11\/quarto-de-despejo-o-grito-de-uma-voz-invisivel\/#breadcrumb","itemListElement":[{"@type":"ListItem","position":1,"name":"In\u00edcio","item":"https:\/\/culturaeafins.com\/"},{"@type":"ListItem","position":2,"name":"Quarto de Despejo: o grito de uma voz invis\u00edvel"}]},{"@type":"WebSite","@id":"https:\/\/culturaeafins.com\/#website","url":"https:\/\/culturaeafins.com\/","name":"Cultura e Afins","description":"","publisher":{"@id":"https:\/\/culturaeafins.com\/#organization"},"potentialAction":[{"@type":"SearchAction","target":{"@type":"EntryPoint","urlTemplate":"https:\/\/culturaeafins.com\/?s={search_term_string}"},"query-input":{"@type":"PropertyValueSpecification","valueRequired":true,"valueName":"search_term_string"}}],"inLanguage":"en-US"},{"@type":"Organization","@id":"https:\/\/culturaeafins.com\/#organization","name":"Cultura e Afins","url":"https:\/\/culturaeafins.com\/","logo":{"@type":"ImageObject","inLanguage":"en-US","@id":"https:\/\/culturaeafins.com\/#\/schema\/logo\/image\/","url":"https:\/\/culturaeafins.com\/wp-content\/uploads\/2024\/01\/15115497096_9efb16a648_o.jpg","contentUrl":"https:\/\/culturaeafins.com\/wp-content\/uploads\/2024\/01\/15115497096_9efb16a648_o.jpg","width":690,"height":317,"caption":"Cultura e Afins"},"image":{"@id":"https:\/\/culturaeafins.com\/#\/schema\/logo\/image\/"}},{"@type":"Person","@id":"https:\/\/culturaeafins.com\/#\/schema\/person\/5d1d5a375a3d9d2034d1a175aae85702","name":"Culturaeafins","image":{"@type":"ImageObject","inLanguage":"en-US","@id":"https:\/\/secure.gravatar.com\/avatar\/c7eb1bc1ef2ef58f0ff3ae1db737bdc5c931e84e43d43ccb3478db5f65bd9d0a?s=96&d=mm&r=g","url":"https:\/\/secure.gravatar.com\/avatar\/c7eb1bc1ef2ef58f0ff3ae1db737bdc5c931e84e43d43ccb3478db5f65bd9d0a?s=96&d=mm&r=g","contentUrl":"https:\/\/secure.gravatar.com\/avatar\/c7eb1bc1ef2ef58f0ff3ae1db737bdc5c931e84e43d43ccb3478db5f65bd9d0a?s=96&d=mm&r=g","caption":"Culturaeafins"},"sameAs":["https:\/\/culturaeafins.com"],"url":"https:\/\/culturaeafins.com\/index.php\/author\/culturaeafins\/"}]}},"_links":{"self":[{"href":"https:\/\/culturaeafins.com\/index.php\/wp-json\/wp\/v2\/posts\/303","targetHints":{"allow":["GET"]}}],"collection":[{"href":"https:\/\/culturaeafins.com\/index.php\/wp-json\/wp\/v2\/posts"}],"about":[{"href":"https:\/\/culturaeafins.com\/index.php\/wp-json\/wp\/v2\/types\/post"}],"author":[{"embeddable":true,"href":"https:\/\/culturaeafins.com\/index.php\/wp-json\/wp\/v2\/users\/1"}],"replies":[{"embeddable":true,"href":"https:\/\/culturaeafins.com\/index.php\/wp-json\/wp\/v2\/comments?post=303"}],"version-history":[{"count":12,"href":"https:\/\/culturaeafins.com\/index.php\/wp-json\/wp\/v2\/posts\/303\/revisions"}],"predecessor-version":[{"id":348,"href":"https:\/\/culturaeafins.com\/index.php\/wp-json\/wp\/v2\/posts\/303\/revisions\/348"}],"wp:featuredmedia":[{"embeddable":true,"href":"https:\/\/culturaeafins.com\/index.php\/wp-json\/wp\/v2\/media\/312"}],"wp:attachment":[{"href":"https:\/\/culturaeafins.com\/index.php\/wp-json\/wp\/v2\/media?parent=303"}],"wp:term":[{"taxonomy":"category","embeddable":true,"href":"https:\/\/culturaeafins.com\/index.php\/wp-json\/wp\/v2\/categories?post=303"},{"taxonomy":"post_tag","embeddable":true,"href":"https:\/\/culturaeafins.com\/index.php\/wp-json\/wp\/v2\/tags?post=303"}],"curies":[{"name":"wp","href":"https:\/\/api.w.org\/{rel}","templated":true}]}}