{"id":292,"date":"2025-04-06T21:31:33","date_gmt":"2025-04-07T00:31:33","guid":{"rendered":"https:\/\/culturaeafins.com\/?p=292"},"modified":"2025-07-09T10:42:46","modified_gmt":"2025-07-09T13:42:46","slug":"diario-de-pilar-no-egito-uma-aventura-cultural-e-historica","status":"publish","type":"post","link":"https:\/\/culturaeafins.com\/index.php\/2025\/04\/06\/diario-de-pilar-no-egito-uma-aventura-cultural-e-historica\/","title":{"rendered":"Di\u00e1rio de Pilar no Egito: Uma aventura cultural e hist\u00f3rica"},"content":{"rendered":"<p>&#8220;Di\u00e1rio de Pilar no Egito&#8221; \u00e9 uma obra da autora Fl\u00e1via Lins e Silva, que faz parte da s\u00e9rie &#8220;Di\u00e1rio de Pilar&#8221;, voltada para o p\u00fablico infantojuvenil. O livro leva os leitores a uma verdadeira viagem ao Egito.<\/p>\n<p>Proporcionando uma imers\u00e3o em sua rica hist\u00f3ria, cultural e mist\u00e9rios, enquanto Pilar, a protagonista, vivencia uma aventura \u00fanica. Ao longo da trama, a autora consegue entrela\u00e7ar aprendizado e entretenimento.<\/p>\n<p>Permitindo que as crian\u00e7as e jovens se familiarizem com temas como arqueologia, mitologia eg\u00edpcia, e a import\u00e2ncia das civiliza\u00e7\u00f5es antigas para a humanidade.<\/p>\n<h2>Como a hist\u00f3ria come\u00e7a<\/h2>\n<p>A hist\u00f3ria come\u00e7a quando Pilar, uma garota curiosa e cheia de energia, gira a sua rede m\u00e1gica e vai parar no Egito com Breno, seu melhor amigo e seu gato Samba. Seu di\u00e1rio de viagem, no qual ela registra suas experi\u00eancias, reflex\u00f5es e descobertas, \u00e9 o ponto de partida para o enredo. O livro \u00e9 escrito de uma maneira acess\u00edvel, o que o torna atraente para o p\u00fablico infantil e jovem.<\/p>\n<p>Pilar tem uma enorme vontade de explorar o mundo e de aprender mais sobre os locais que visita. Atrav\u00e9s de seu olhar atento, o Egito se revela n\u00e3o apenas como um destino tur\u00edstico ex\u00f3tico, mas como uma terra de grandes enigmas e segredos milenares.<\/p>\n<h3>O Egito com sua cultura vasta completa<\/h3>\n<p>O Egito, com sua cultura vasta e complexa, \u00e9 uma cen\u00e1rio perfeito para uma hist\u00f3ria que mescla fic\u00e7\u00e3o e realidade. Pilar, como uma crian\u00e7a do s\u00e9culo XXI, encontra-se deslumbrada com as grandiosas pir\u00e2mides, o rio Nilo, as esfinges e os templos antigos.<\/p>\n<p>Os personagens n\u00e3o apenas visitam esses monumentos hist\u00f3ricos, mas tamb\u00e9m conhece figuras importantes da hist\u00f3ria eg\u00edpcia, como fara\u00f3s, deuses, escribas e a F\u00eanix. Acompanhados por Tutanc\u00e2mon, um fara\u00f3 que reinou ap\u00f3s a morte do pai, na XVIIIa. dinastia, que os levava aos lugares mais famosos do Egito antigo.<\/p>\n<h3>Estilo da narrativa<\/h3>\n<p>O estilo narrativo de Fl\u00e1via Lins e Silva, que utiliza o formato de di\u00e1rio, \u00e9 outro aspecto que torna a obra cativante. Pilar registra suas impress\u00f5es e descobertas no seu di\u00e1rio, o que cria uma conex\u00e3o direta entre protagonista e o leitor. Isso permite que o p\u00fablico infantil se identifique com as experi\u00eancias e curiosidades de Pilar, ampliando seu envolvimento com a trama e o aprendizado. Al\u00e9m disso, o di\u00e1rio serve como um recurso para explicar aspectos da cultura eg\u00edpcia de forma natural, sem que o texto se torne excessivamente informativo ou pedante.<\/p>\n<p>No decorrer da hist\u00f3ria, Pilar tem a oportunidade de visitar diferentes locais do Egito, como o Vale dos Reis e a Grande Pir\u00e2mide de Giz\u00e9. Esses locais hist\u00f3ricos, al\u00e9m de proporcionarem uma rica ambienta\u00e7\u00e3o para a hist\u00f3ria, tamb\u00e9m servem como pontos de partida para reflex\u00f5es, da preserva\u00e7\u00e3o cultural e da import\u00e2ncia do conhecimento. Pilar se impressiona com o legado dos antigos eg\u00edpcios e a imensid\u00e3o de seu impacto no mundo, reconhecendo a relev\u00e2ncia dessa cultura at\u00e9 os dias atuais.<\/p>\n<h3>Respeito pela cultura e preserva\u00e7\u00e3o do patrim\u00f4nio hist\u00f3rico<\/h3>\n<p>Outro ponto positivo do livro \u00e9 a forma como ele toca em quest\u00f5es importantes, como o respeito pelas culturas e a preserva\u00e7\u00e3o do patrim\u00f4nio hist\u00f3rico. Pilar, ao interagir figuras importantes da hist\u00f3ria, aprende sobre os cuidados necess\u00e1rios para proteger os vest\u00edgios do passado. O perigo que a destrui\u00e7\u00e3o do patrim\u00f4nio hist\u00f3rico e cultural para as gera\u00e7\u00f5es futuras.<\/p>\n<p>Em resumo, <em>Di\u00e1rio de Pilar no Egito <\/em>\u00e9 uma obra que combina aventura, cultura e aprendizado de maneira envolvente e acess\u00edvel. Atrav\u00e9s das experi\u00eancias de Pilar, o livro desperta o interesse dos jovens leitores pela hist\u00f3ria e pela cultura eg\u00edpcia, ao mesmo tempo em que os ensina sobre o valor da educa\u00e7\u00e3o e da preserva\u00e7\u00e3o do patrim\u00f4nio hist\u00f3rico. Ao ler o di\u00e1rio de Pilar, o leitor n\u00e3o apenas viaja para o Egito, mas tamb\u00e9m aprende a olhar para o mundo com curiosidade e respeito, tornando-se, assim, mais consciente do legado das civiliza\u00e7\u00f5es antigas e da import\u00e2ncia de preserv\u00e1-lo para o futuro.<\/p>\n<p><a href=\"http:\/\/Sobre o livro: Minha querida assombra\u00e7\u00e3o\">http:\/\/Sobre o livro: Minha querida assombra\u00e7\u00e3o<\/a><\/p>\n<p>&nbsp;<\/p>\n<p>&nbsp;<\/p>\n","protected":false},"excerpt":{"rendered":"<p>&#8220;Di\u00e1rio de Pilar no Egito&#8221; \u00e9 uma obra da autora Fl\u00e1via Lins e Silva, que faz parte da s\u00e9rie &#8220;Di\u00e1rio de Pilar&#8221;, voltada para o p\u00fablico infantojuvenil. O livro leva &#8230;<\/p>\n","protected":false},"author":1,"featured_media":299,"comment_status":"open","ping_status":"open","sticky":false,"template":"","format":"standard","meta":{"footnotes":""},"categories":[3],"tags":[],"class_list":["post-292","post","type-post","status-publish","format-standard","has-post-thumbnail","hentry","category-livros"],"yoast_head":"<!-- This site is optimized with the Yoast SEO plugin v27.5 - https:\/\/yoast.com\/product\/yoast-seo-wordpress\/ -->\n<title>Di\u00e1rio de Pilar no Egito: Uma aventura cultural e hist\u00f3rica - Cultura e Afins<\/title>\n<meta name=\"description\" content=\"Di\u00e1rio de Pilar no Egito&quot; \u00e9 uma obra da autora Fl\u00e1via Lins e Silva, que faz parte da s\u00e9rie &quot;Di\u00e1rio de Pilar&quot;\" \/>\n<meta name=\"robots\" content=\"index, follow, max-snippet:-1, max-image-preview:large, max-video-preview:-1\" \/>\n<link rel=\"canonical\" href=\"https:\/\/culturaeafins.com\/index.php\/2025\/04\/06\/diario-de-pilar-no-egito-uma-aventura-cultural-e-historica\/\" \/>\n<meta property=\"og:locale\" content=\"en_US\" \/>\n<meta property=\"og:type\" content=\"article\" \/>\n<meta property=\"og:title\" content=\"Di\u00e1rio de Pilar no Egito: Uma aventura cultural e hist\u00f3rica - Cultura e Afins\" \/>\n<meta property=\"og:description\" content=\"Di\u00e1rio de Pilar no Egito&quot; \u00e9 uma obra da autora Fl\u00e1via Lins e Silva, que faz parte da s\u00e9rie &quot;Di\u00e1rio de Pilar&quot;\" \/>\n<meta property=\"og:url\" content=\"https:\/\/culturaeafins.com\/index.php\/2025\/04\/06\/diario-de-pilar-no-egito-uma-aventura-cultural-e-historica\/\" \/>\n<meta property=\"og:site_name\" content=\"Cultura e Afins\" \/>\n<meta property=\"article:published_time\" content=\"2025-04-07T00:31:33+00:00\" \/>\n<meta property=\"article:modified_time\" content=\"2025-07-09T13:42:46+00:00\" \/>\n<meta property=\"og:image\" content=\"https:\/\/culturaeafins.com\/wp-content\/uploads\/2025\/04\/diario-de-pilar-no-egito-nova-edicao.jpg\" \/>\n\t<meta property=\"og:image:width\" content=\"461\" \/>\n\t<meta property=\"og:image:height\" content=\"650\" \/>\n\t<meta property=\"og:image:type\" content=\"image\/jpeg\" \/>\n<meta name=\"author\" content=\"Culturaeafins\" \/>\n<meta name=\"twitter:card\" content=\"summary_large_image\" \/>\n<meta name=\"twitter:label1\" content=\"Written by\" \/>\n\t<meta name=\"twitter:data1\" content=\"Culturaeafins\" \/>\n\t<meta name=\"twitter:label2\" content=\"Est. reading time\" \/>\n\t<meta name=\"twitter:data2\" content=\"4 minutes\" \/>\n<script type=\"application\/ld+json\" class=\"yoast-schema-graph\">{\"@context\":\"https:\\\/\\\/schema.org\",\"@graph\":[{\"@type\":\"Article\",\"@id\":\"https:\\\/\\\/culturaeafins.com\\\/index.php\\\/2025\\\/04\\\/06\\\/diario-de-pilar-no-egito-uma-aventura-cultural-e-historica\\\/#article\",\"isPartOf\":{\"@id\":\"https:\\\/\\\/culturaeafins.com\\\/index.php\\\/2025\\\/04\\\/06\\\/diario-de-pilar-no-egito-uma-aventura-cultural-e-historica\\\/\"},\"author\":{\"name\":\"Culturaeafins\",\"@id\":\"https:\\\/\\\/culturaeafins.com\\\/#\\\/schema\\\/person\\\/5d1d5a375a3d9d2034d1a175aae85702\"},\"headline\":\"Di\u00e1rio de Pilar no Egito: Uma aventura cultural e hist\u00f3rica\",\"datePublished\":\"2025-04-07T00:31:33+00:00\",\"dateModified\":\"2025-07-09T13:42:46+00:00\",\"mainEntityOfPage\":{\"@id\":\"https:\\\/\\\/culturaeafins.com\\\/index.php\\\/2025\\\/04\\\/06\\\/diario-de-pilar-no-egito-uma-aventura-cultural-e-historica\\\/\"},\"wordCount\":757,\"commentCount\":0,\"publisher\":{\"@id\":\"https:\\\/\\\/culturaeafins.com\\\/#organization\"},\"image\":{\"@id\":\"https:\\\/\\\/culturaeafins.com\\\/index.php\\\/2025\\\/04\\\/06\\\/diario-de-pilar-no-egito-uma-aventura-cultural-e-historica\\\/#primaryimage\"},\"thumbnailUrl\":\"https:\\\/\\\/culturaeafins.com\\\/wp-content\\\/uploads\\\/2025\\\/04\\\/diario-de-pilar-no-egito-nova-edicao.jpg\",\"articleSection\":[\"Livros\"],\"inLanguage\":\"en-US\",\"potentialAction\":[{\"@type\":\"CommentAction\",\"name\":\"Comment\",\"target\":[\"https:\\\/\\\/culturaeafins.com\\\/index.php\\\/2025\\\/04\\\/06\\\/diario-de-pilar-no-egito-uma-aventura-cultural-e-historica\\\/#respond\"]}]},{\"@type\":\"WebPage\",\"@id\":\"https:\\\/\\\/culturaeafins.com\\\/index.php\\\/2025\\\/04\\\/06\\\/diario-de-pilar-no-egito-uma-aventura-cultural-e-historica\\\/\",\"url\":\"https:\\\/\\\/culturaeafins.com\\\/index.php\\\/2025\\\/04\\\/06\\\/diario-de-pilar-no-egito-uma-aventura-cultural-e-historica\\\/\",\"name\":\"Di\u00e1rio de Pilar no Egito: Uma aventura cultural e hist\u00f3rica - Cultura e Afins\",\"isPartOf\":{\"@id\":\"https:\\\/\\\/culturaeafins.com\\\/#website\"},\"primaryImageOfPage\":{\"@id\":\"https:\\\/\\\/culturaeafins.com\\\/index.php\\\/2025\\\/04\\\/06\\\/diario-de-pilar-no-egito-uma-aventura-cultural-e-historica\\\/#primaryimage\"},\"image\":{\"@id\":\"https:\\\/\\\/culturaeafins.com\\\/index.php\\\/2025\\\/04\\\/06\\\/diario-de-pilar-no-egito-uma-aventura-cultural-e-historica\\\/#primaryimage\"},\"thumbnailUrl\":\"https:\\\/\\\/culturaeafins.com\\\/wp-content\\\/uploads\\\/2025\\\/04\\\/diario-de-pilar-no-egito-nova-edicao.jpg\",\"datePublished\":\"2025-04-07T00:31:33+00:00\",\"dateModified\":\"2025-07-09T13:42:46+00:00\",\"description\":\"Di\u00e1rio de Pilar no Egito\\\" \u00e9 uma obra da autora Fl\u00e1via Lins e Silva, que faz parte da s\u00e9rie \\\"Di\u00e1rio de Pilar\\\"\",\"breadcrumb\":{\"@id\":\"https:\\\/\\\/culturaeafins.com\\\/index.php\\\/2025\\\/04\\\/06\\\/diario-de-pilar-no-egito-uma-aventura-cultural-e-historica\\\/#breadcrumb\"},\"inLanguage\":\"en-US\",\"potentialAction\":[{\"@type\":\"ReadAction\",\"target\":[\"https:\\\/\\\/culturaeafins.com\\\/index.php\\\/2025\\\/04\\\/06\\\/diario-de-pilar-no-egito-uma-aventura-cultural-e-historica\\\/\"]}]},{\"@type\":\"ImageObject\",\"inLanguage\":\"en-US\",\"@id\":\"https:\\\/\\\/culturaeafins.com\\\/index.php\\\/2025\\\/04\\\/06\\\/diario-de-pilar-no-egito-uma-aventura-cultural-e-historica\\\/#primaryimage\",\"url\":\"https:\\\/\\\/culturaeafins.com\\\/wp-content\\\/uploads\\\/2025\\\/04\\\/diario-de-pilar-no-egito-nova-edicao.jpg\",\"contentUrl\":\"https:\\\/\\\/culturaeafins.com\\\/wp-content\\\/uploads\\\/2025\\\/04\\\/diario-de-pilar-no-egito-nova-edicao.jpg\",\"width\":461,\"height\":650},{\"@type\":\"BreadcrumbList\",\"@id\":\"https:\\\/\\\/culturaeafins.com\\\/index.php\\\/2025\\\/04\\\/06\\\/diario-de-pilar-no-egito-uma-aventura-cultural-e-historica\\\/#breadcrumb\",\"itemListElement\":[{\"@type\":\"ListItem\",\"position\":1,\"name\":\"In\u00edcio\",\"item\":\"https:\\\/\\\/culturaeafins.com\\\/\"},{\"@type\":\"ListItem\",\"position\":2,\"name\":\"Di\u00e1rio de Pilar no Egito: Uma aventura cultural e hist\u00f3rica\"}]},{\"@type\":\"WebSite\",\"@id\":\"https:\\\/\\\/culturaeafins.com\\\/#website\",\"url\":\"https:\\\/\\\/culturaeafins.com\\\/\",\"name\":\"Cultura e Afins\",\"description\":\"\",\"publisher\":{\"@id\":\"https:\\\/\\\/culturaeafins.com\\\/#organization\"},\"potentialAction\":[{\"@type\":\"SearchAction\",\"target\":{\"@type\":\"EntryPoint\",\"urlTemplate\":\"https:\\\/\\\/culturaeafins.com\\\/?s={search_term_string}\"},\"query-input\":{\"@type\":\"PropertyValueSpecification\",\"valueRequired\":true,\"valueName\":\"search_term_string\"}}],\"inLanguage\":\"en-US\"},{\"@type\":\"Organization\",\"@id\":\"https:\\\/\\\/culturaeafins.com\\\/#organization\",\"name\":\"Cultura e Afins\",\"url\":\"https:\\\/\\\/culturaeafins.com\\\/\",\"logo\":{\"@type\":\"ImageObject\",\"inLanguage\":\"en-US\",\"@id\":\"https:\\\/\\\/culturaeafins.com\\\/#\\\/schema\\\/logo\\\/image\\\/\",\"url\":\"https:\\\/\\\/culturaeafins.com\\\/wp-content\\\/uploads\\\/2024\\\/01\\\/15115497096_9efb16a648_o.jpg\",\"contentUrl\":\"https:\\\/\\\/culturaeafins.com\\\/wp-content\\\/uploads\\\/2024\\\/01\\\/15115497096_9efb16a648_o.jpg\",\"width\":690,\"height\":317,\"caption\":\"Cultura e Afins\"},\"image\":{\"@id\":\"https:\\\/\\\/culturaeafins.com\\\/#\\\/schema\\\/logo\\\/image\\\/\"}},{\"@type\":\"Person\",\"@id\":\"https:\\\/\\\/culturaeafins.com\\\/#\\\/schema\\\/person\\\/5d1d5a375a3d9d2034d1a175aae85702\",\"name\":\"Culturaeafins\",\"image\":{\"@type\":\"ImageObject\",\"inLanguage\":\"en-US\",\"@id\":\"https:\\\/\\\/secure.gravatar.com\\\/avatar\\\/c7eb1bc1ef2ef58f0ff3ae1db737bdc5c931e84e43d43ccb3478db5f65bd9d0a?s=96&d=mm&r=g\",\"url\":\"https:\\\/\\\/secure.gravatar.com\\\/avatar\\\/c7eb1bc1ef2ef58f0ff3ae1db737bdc5c931e84e43d43ccb3478db5f65bd9d0a?s=96&d=mm&r=g\",\"contentUrl\":\"https:\\\/\\\/secure.gravatar.com\\\/avatar\\\/c7eb1bc1ef2ef58f0ff3ae1db737bdc5c931e84e43d43ccb3478db5f65bd9d0a?s=96&d=mm&r=g\",\"caption\":\"Culturaeafins\"},\"sameAs\":[\"https:\\\/\\\/culturaeafins.com\"],\"url\":\"https:\\\/\\\/culturaeafins.com\\\/index.php\\\/author\\\/culturaeafins\\\/\"}]}<\/script>\n<!-- \/ Yoast SEO plugin. -->","yoast_head_json":{"title":"Di\u00e1rio de Pilar no Egito: Uma aventura cultural e hist\u00f3rica - Cultura e Afins","description":"Di\u00e1rio de Pilar no Egito\" \u00e9 uma obra da autora Fl\u00e1via Lins e Silva, que faz parte da s\u00e9rie \"Di\u00e1rio de Pilar\"","robots":{"index":"index","follow":"follow","max-snippet":"max-snippet:-1","max-image-preview":"max-image-preview:large","max-video-preview":"max-video-preview:-1"},"canonical":"https:\/\/culturaeafins.com\/index.php\/2025\/04\/06\/diario-de-pilar-no-egito-uma-aventura-cultural-e-historica\/","og_locale":"en_US","og_type":"article","og_title":"Di\u00e1rio de Pilar no Egito: Uma aventura cultural e hist\u00f3rica - Cultura e Afins","og_description":"Di\u00e1rio de Pilar no Egito\" \u00e9 uma obra da autora Fl\u00e1via Lins e Silva, que faz parte da s\u00e9rie \"Di\u00e1rio de Pilar\"","og_url":"https:\/\/culturaeafins.com\/index.php\/2025\/04\/06\/diario-de-pilar-no-egito-uma-aventura-cultural-e-historica\/","og_site_name":"Cultura e Afins","article_published_time":"2025-04-07T00:31:33+00:00","article_modified_time":"2025-07-09T13:42:46+00:00","og_image":[{"width":461,"height":650,"url":"https:\/\/culturaeafins.com\/wp-content\/uploads\/2025\/04\/diario-de-pilar-no-egito-nova-edicao.jpg","type":"image\/jpeg"}],"author":"Culturaeafins","twitter_card":"summary_large_image","twitter_misc":{"Written by":"Culturaeafins","Est. reading time":"4 minutes"},"schema":{"@context":"https:\/\/schema.org","@graph":[{"@type":"Article","@id":"https:\/\/culturaeafins.com\/index.php\/2025\/04\/06\/diario-de-pilar-no-egito-uma-aventura-cultural-e-historica\/#article","isPartOf":{"@id":"https:\/\/culturaeafins.com\/index.php\/2025\/04\/06\/diario-de-pilar-no-egito-uma-aventura-cultural-e-historica\/"},"author":{"name":"Culturaeafins","@id":"https:\/\/culturaeafins.com\/#\/schema\/person\/5d1d5a375a3d9d2034d1a175aae85702"},"headline":"Di\u00e1rio de Pilar no Egito: Uma aventura cultural e hist\u00f3rica","datePublished":"2025-04-07T00:31:33+00:00","dateModified":"2025-07-09T13:42:46+00:00","mainEntityOfPage":{"@id":"https:\/\/culturaeafins.com\/index.php\/2025\/04\/06\/diario-de-pilar-no-egito-uma-aventura-cultural-e-historica\/"},"wordCount":757,"commentCount":0,"publisher":{"@id":"https:\/\/culturaeafins.com\/#organization"},"image":{"@id":"https:\/\/culturaeafins.com\/index.php\/2025\/04\/06\/diario-de-pilar-no-egito-uma-aventura-cultural-e-historica\/#primaryimage"},"thumbnailUrl":"https:\/\/culturaeafins.com\/wp-content\/uploads\/2025\/04\/diario-de-pilar-no-egito-nova-edicao.jpg","articleSection":["Livros"],"inLanguage":"en-US","potentialAction":[{"@type":"CommentAction","name":"Comment","target":["https:\/\/culturaeafins.com\/index.php\/2025\/04\/06\/diario-de-pilar-no-egito-uma-aventura-cultural-e-historica\/#respond"]}]},{"@type":"WebPage","@id":"https:\/\/culturaeafins.com\/index.php\/2025\/04\/06\/diario-de-pilar-no-egito-uma-aventura-cultural-e-historica\/","url":"https:\/\/culturaeafins.com\/index.php\/2025\/04\/06\/diario-de-pilar-no-egito-uma-aventura-cultural-e-historica\/","name":"Di\u00e1rio de Pilar no Egito: Uma aventura cultural e hist\u00f3rica - Cultura e Afins","isPartOf":{"@id":"https:\/\/culturaeafins.com\/#website"},"primaryImageOfPage":{"@id":"https:\/\/culturaeafins.com\/index.php\/2025\/04\/06\/diario-de-pilar-no-egito-uma-aventura-cultural-e-historica\/#primaryimage"},"image":{"@id":"https:\/\/culturaeafins.com\/index.php\/2025\/04\/06\/diario-de-pilar-no-egito-uma-aventura-cultural-e-historica\/#primaryimage"},"thumbnailUrl":"https:\/\/culturaeafins.com\/wp-content\/uploads\/2025\/04\/diario-de-pilar-no-egito-nova-edicao.jpg","datePublished":"2025-04-07T00:31:33+00:00","dateModified":"2025-07-09T13:42:46+00:00","description":"Di\u00e1rio de Pilar no Egito\" \u00e9 uma obra da autora Fl\u00e1via Lins e Silva, que faz parte da s\u00e9rie \"Di\u00e1rio de Pilar\"","breadcrumb":{"@id":"https:\/\/culturaeafins.com\/index.php\/2025\/04\/06\/diario-de-pilar-no-egito-uma-aventura-cultural-e-historica\/#breadcrumb"},"inLanguage":"en-US","potentialAction":[{"@type":"ReadAction","target":["https:\/\/culturaeafins.com\/index.php\/2025\/04\/06\/diario-de-pilar-no-egito-uma-aventura-cultural-e-historica\/"]}]},{"@type":"ImageObject","inLanguage":"en-US","@id":"https:\/\/culturaeafins.com\/index.php\/2025\/04\/06\/diario-de-pilar-no-egito-uma-aventura-cultural-e-historica\/#primaryimage","url":"https:\/\/culturaeafins.com\/wp-content\/uploads\/2025\/04\/diario-de-pilar-no-egito-nova-edicao.jpg","contentUrl":"https:\/\/culturaeafins.com\/wp-content\/uploads\/2025\/04\/diario-de-pilar-no-egito-nova-edicao.jpg","width":461,"height":650},{"@type":"BreadcrumbList","@id":"https:\/\/culturaeafins.com\/index.php\/2025\/04\/06\/diario-de-pilar-no-egito-uma-aventura-cultural-e-historica\/#breadcrumb","itemListElement":[{"@type":"ListItem","position":1,"name":"In\u00edcio","item":"https:\/\/culturaeafins.com\/"},{"@type":"ListItem","position":2,"name":"Di\u00e1rio de Pilar no Egito: Uma aventura cultural e hist\u00f3rica"}]},{"@type":"WebSite","@id":"https:\/\/culturaeafins.com\/#website","url":"https:\/\/culturaeafins.com\/","name":"Cultura e Afins","description":"","publisher":{"@id":"https:\/\/culturaeafins.com\/#organization"},"potentialAction":[{"@type":"SearchAction","target":{"@type":"EntryPoint","urlTemplate":"https:\/\/culturaeafins.com\/?s={search_term_string}"},"query-input":{"@type":"PropertyValueSpecification","valueRequired":true,"valueName":"search_term_string"}}],"inLanguage":"en-US"},{"@type":"Organization","@id":"https:\/\/culturaeafins.com\/#organization","name":"Cultura e Afins","url":"https:\/\/culturaeafins.com\/","logo":{"@type":"ImageObject","inLanguage":"en-US","@id":"https:\/\/culturaeafins.com\/#\/schema\/logo\/image\/","url":"https:\/\/culturaeafins.com\/wp-content\/uploads\/2024\/01\/15115497096_9efb16a648_o.jpg","contentUrl":"https:\/\/culturaeafins.com\/wp-content\/uploads\/2024\/01\/15115497096_9efb16a648_o.jpg","width":690,"height":317,"caption":"Cultura e Afins"},"image":{"@id":"https:\/\/culturaeafins.com\/#\/schema\/logo\/image\/"}},{"@type":"Person","@id":"https:\/\/culturaeafins.com\/#\/schema\/person\/5d1d5a375a3d9d2034d1a175aae85702","name":"Culturaeafins","image":{"@type":"ImageObject","inLanguage":"en-US","@id":"https:\/\/secure.gravatar.com\/avatar\/c7eb1bc1ef2ef58f0ff3ae1db737bdc5c931e84e43d43ccb3478db5f65bd9d0a?s=96&d=mm&r=g","url":"https:\/\/secure.gravatar.com\/avatar\/c7eb1bc1ef2ef58f0ff3ae1db737bdc5c931e84e43d43ccb3478db5f65bd9d0a?s=96&d=mm&r=g","contentUrl":"https:\/\/secure.gravatar.com\/avatar\/c7eb1bc1ef2ef58f0ff3ae1db737bdc5c931e84e43d43ccb3478db5f65bd9d0a?s=96&d=mm&r=g","caption":"Culturaeafins"},"sameAs":["https:\/\/culturaeafins.com"],"url":"https:\/\/culturaeafins.com\/index.php\/author\/culturaeafins\/"}]}},"_links":{"self":[{"href":"https:\/\/culturaeafins.com\/index.php\/wp-json\/wp\/v2\/posts\/292","targetHints":{"allow":["GET"]}}],"collection":[{"href":"https:\/\/culturaeafins.com\/index.php\/wp-json\/wp\/v2\/posts"}],"about":[{"href":"https:\/\/culturaeafins.com\/index.php\/wp-json\/wp\/v2\/types\/post"}],"author":[{"embeddable":true,"href":"https:\/\/culturaeafins.com\/index.php\/wp-json\/wp\/v2\/users\/1"}],"replies":[{"embeddable":true,"href":"https:\/\/culturaeafins.com\/index.php\/wp-json\/wp\/v2\/comments?post=292"}],"version-history":[{"count":8,"href":"https:\/\/culturaeafins.com\/index.php\/wp-json\/wp\/v2\/posts\/292\/revisions"}],"predecessor-version":[{"id":458,"href":"https:\/\/culturaeafins.com\/index.php\/wp-json\/wp\/v2\/posts\/292\/revisions\/458"}],"wp:featuredmedia":[{"embeddable":true,"href":"https:\/\/culturaeafins.com\/index.php\/wp-json\/wp\/v2\/media\/299"}],"wp:attachment":[{"href":"https:\/\/culturaeafins.com\/index.php\/wp-json\/wp\/v2\/media?parent=292"}],"wp:term":[{"taxonomy":"category","embeddable":true,"href":"https:\/\/culturaeafins.com\/index.php\/wp-json\/wp\/v2\/categories?post=292"},{"taxonomy":"post_tag","embeddable":true,"href":"https:\/\/culturaeafins.com\/index.php\/wp-json\/wp\/v2\/tags?post=292"}],"curies":[{"name":"wp","href":"https:\/\/api.w.org\/{rel}","templated":true}]}}