{"id":29,"date":"2023-12-18T18:23:01","date_gmt":"2023-12-18T21:23:01","guid":{"rendered":"https:\/\/culturaeafins.com\/?p=29"},"modified":"2025-05-17T13:25:41","modified_gmt":"2025-05-17T16:25:41","slug":"resiliencia-por-que-e-tao-importante-desenvolvermos-esse-comportamento","status":"publish","type":"post","link":"https:\/\/culturaeafins.com\/index.php\/2023\/12\/18\/resiliencia-por-que-e-tao-importante-desenvolvermos-esse-comportamento\/","title":{"rendered":"Resili\u00eancia &#8211; Por que \u00e9 t\u00e3o importante desenvolvermos esse comportamento?"},"content":{"rendered":"<p><strong><span style=\"font-size: 14pt;\">Como voc\u00ea age diante das adversidades?<\/span><\/strong><\/p>\n<p><span style=\"font-size: 14pt;\">No decorrer de nossa vida, conforme crescemos, as exig\u00eancias sobre n\u00f3s tornam-se cada vez maiores em todos os \u00e2mbitos sociais.<\/span><\/p>\n<p><span style=\"font-size: 14pt;\">Come\u00e7ando pelas cobran\u00e7as durante a adolesc\u00eancia sobre como agir, o que vestir, qual profiss\u00e3o seguir e por a\u00ed vai. Somos guiados pela massa que dita o que devemos fazer, pensar ou comer.<\/span><\/p>\n<p><span style=\"font-size: 14pt;\">Uma lista de imposi\u00e7\u00f5es \u00e9 colocada \u00e0 nossa frente para que n\u00e3o fiquemos \u00e0 margem da sociedade. Estamos sujeitos a regras impostas por ela de tal maneira que n\u00e3o temos escolha. Ou seguimos esse intenso fluxo comportamental ou nos perdemos pelo caminho.<\/span><\/p>\n<p><span style=\"font-size: 14pt;\">Dessa forma, as press\u00f5es sociais podem tornar-se insuport\u00e1veis para alguns jovens, caso n\u00e3o consigam alcan\u00e7ar suas expectativas no prazo desejado ou da maneira que se planejou. Tornando-o depressivo ou tendo crises de ansiedade.<\/span><\/p>\n<p><span style=\"font-size: 14pt;\">E quando nos tornamos adultos a press\u00e3o continua, tanto o lado pessoal quanto o profissional \u00e9 exigido que saiamos da zona de conforto para encarar uma postura de lideran\u00e7a de si mesmo que nos levar\u00e1 \u00e0 realiza\u00e7\u00e3o de nossos sonhos.<\/span><\/p>\n<p><span style=\"font-size: 14pt;\">Por isso que em todas as idades devemos estar prontos para mudar o rumo das coisas ou encontrar formas de solucionar um problema antes que o sentimento de impot\u00eancia coloque-nos em uma posi\u00e7\u00e3o de derrota.<\/span><\/p>\n<p><span style=\"font-size: 14pt;\">Pois quando algo que planejamos n\u00e3o acontece da forma esperada, um sentimento de vazio interior pode instalar-se\u00a0 dentro de n\u00f3s.<\/span><\/p>\n<p><span style=\"font-size: 14pt;\">Tamb\u00e9m \u00e9 poss\u00edvel nossos sonhos serem interrompidos por conta do aparecimento de uma doen\u00e7a. Ent\u00e3o somos obrigados a parar para repensar a nossa vida.<\/span><\/p>\n<p><span style=\"font-size: 14pt;\">Nesses momentos de grandes problemas, \u00e9 hora de desenvolver a capacidade de enfrentamento e adaptar atitudes diante da adversidade.<\/span><\/p>\n<h2><span style=\"font-size: 14pt;\">Mas como isso \u00e9 poss\u00edvel?<\/span><\/h2>\n<p><span style=\"font-size: 14pt;\">Isso \u00e9 poss\u00edvel, primeiramente, manter a calma \u00e9 necess\u00e1rio para uma tomada de decis\u00e3o mais assertiva. Mas para isso, existe a necessidade de se autoconhecer. Ter a consci\u00eancia a respeito de suas limita\u00e7\u00f5es e conhecer seus pontos fracos e fortes.<\/span><\/p>\n<p><span style=\"font-size: 14pt;\">Ou seja, fazer uma reflex\u00e3o profunda interna at\u00e9 conhecer-se suficientemente para saber at\u00e9 onde se pode chegar, sem ultrapassar o limite mental e f\u00edsico.<\/span><\/p>\n<p><span style=\"font-size: 14pt;\"><a href=\"https:\/\/br.images.search.yahoo.com\/search\/images;_ylt=AwrirdkYXI1lj14ymqH16Qt.;_ylu=c2VjA3NlYXJjaARzbGsDYXNzaXN0;_ylc=X1MDMjExNDcxMDAwNQRfcgMyBGZyA21jYWZlZQRmcjIDc2EtZ3Atc2VhcmNoBGdwcmlkA2I1THl2QWdhUTNTTXVlYXBtcTFfUkEEbl9yc2x0AzAEbl9zdWdnAzQEb3JpZ2luA2JyLmltYWdlcy5zZWFyY2gueWFob28uY29tBHBvcwMxBHBxc3RyA2ltYWdlbSByZXNpbGllbnRlBHBxc3RybAMxNwRxc3RybAMyMARxdWVyeQNpbWFnZW0lMjBkZSUyMHJlc2lsaWVudGUEdF9zdG1wAzE3MDM3NjI5OTcEdXNlX2Nhc2UD?p=imagem+de+resiliente&amp;fr=mcafee&amp;fr2=sa-gp-search&amp;ei=UTF-8&amp;x=wrt&amp;type=E210BR91199G0#id=5&amp;iurl=https%3A%2F%2Fwww.historiasderesiliencia.com%2Fwp-content%2Fuploads%2F2020%2F05%2Fresiliencia.jpg&amp;action=click\">Desse modo<\/a>, as chances de efetivar a\u00e7\u00f5es bem sucedidas ser\u00e3o maiores pois agir\u00e3o dentro do limite de cada um.<\/span><\/p>\n<p><span style=\"font-size: 14pt;\">O autoconhecimento \u00e9 a porta aberta para o equil\u00edbrio de sentimentos que poder\u00e3o aflorar e deixar-nos inst\u00e1veis emocionalmente. Reconhecendo-os torna-se essencial para enxergarmos o que precisa ser feito. Pensarmos de forma construtiva, estaremos mais pr\u00f3ximos da solu\u00e7\u00e3o de um problema.<\/span><\/p>\n<p><span style=\"font-size: 14pt;\">Se ficarmos desanimados, tristes, sentindo-nos derrotados a situa\u00e7\u00e3o n\u00e3o ir\u00e1 mudar e n\u00e3o conseguiremos ver o que precisa ser mudado ou qual o pr\u00f3ximo passo a ser dado.<\/span><\/p>\n<p><span style=\"font-size: 14pt;\">Mente firme para encontrar a solu\u00e7\u00e3o ou realizar as a\u00e7\u00f5es necess\u00e1rias para converter um cen\u00e1rio vem de um desejo profundo do cora\u00e7\u00e3o de sair desse momento dif\u00edcil da vida.<\/span><\/p>\n<h3>Portanto, querer \u00e9 poder sim!<\/h3>\n<p><span style=\"font-size: 14pt;\">Ir atr\u00e1s dos nossos interesses \u00e9 viver de acordo com o que sonhamos para n\u00f3s, independente dos obst\u00e1culos que enfrentaremos durante a jornada.<\/span><\/p>\n<p><span style=\"font-size: 14pt;\">Eles servem para impulsionar a pessoa para frente, enfrentando e superando-os para seguir o caminho. E n\u00e3o para ficarmos paralisados e desistir de continuar. A vida \u00e9 como um jogo no videogame onde voc\u00ea deve ultrapassar as barreiras para mudar de fase.<\/span><\/p>\n<p><span style=\"font-size: 14pt;\">Ent\u00e3o, mudar de fase ser\u00e1 a nossa meta para chegarmos aos nossos objetivos. E a recompensa ser\u00e1 a satisfa\u00e7\u00e3o conosco mesmo por conseguirmos ganhar esse jogo!<\/span><\/p>\n<p><span style=\"font-size: 14pt;\">Aceitar as mudan\u00e7as tamb\u00e9m faz parte desse processo. Ser uma pessoa flex\u00edvel \u00e9 estar muito mais preparada para enfrentar situa\u00e7\u00f5es inesperadas, enxergando novas solu\u00e7\u00f5es para a resolu\u00e7\u00e3o de um problema.<\/span><\/p>\n<p><span style=\"font-size: 14pt;\">Sobretudo, entender nossos sentimentos e muitas vezes nossas rea\u00e7\u00f5es \u00e9 primordial para enfrentarmos situa\u00e7\u00f5es com um novo olhar para uma nova dire\u00e7\u00e3o, eliminando a culpa ou arrependimento que talvez sentiremos pelo caminho.<\/span><\/p>\n<p><span style=\"font-size: 14pt;\"><a href=\"https:\/\/culturaeafins.com\/index.php\/2023\/12\/15\/algumas-promessas-para-o-ano-novo\/\">https:\/\/culturaeafins.com\/index.php\/2023\/12\/15\/algumas-promessas-para-o-ano-novo\/<\/a><\/span><\/p>\n<p>&nbsp;<\/p>\n<p>&nbsp;<\/p>\n<p>&nbsp;<\/p>\n<p>&nbsp;<\/p>\n","protected":false},"excerpt":{"rendered":"<p>Como voc\u00ea age diante das adversidades?<br \/>\nNo decorrer de nossa vida, conforme crescemos, as exig\u00eancias sobre n\u00f3s tornam-se cada vez maiores em todos os \u00e2mbitos sociais.<br \/>\nCome\u00e7ando pelas cobran\u00e7as durante a adolesc\u00eancia &#8230;<\/p>\n","protected":false},"author":1,"featured_media":41,"comment_status":"open","ping_status":"open","sticky":false,"template":"","format":"standard","meta":{"footnotes":""},"categories":[4],"tags":[],"class_list":["post-29","post","type-post","status-publish","format-standard","has-post-thumbnail","hentry","category-arte-e-cultura"],"yoast_head":"<!-- This site is optimized with the Yoast SEO plugin v27.5 - https:\/\/yoast.com\/product\/yoast-seo-wordpress\/ -->\n<title>Resili\u00eancia - Por que \u00e9 t\u00e3o importante desenvolvermos esse comportamento? - Cultura e Afins<\/title>\n<meta name=\"description\" content=\"No decorrer de nossa vida, conforme crescemos, as exig\u00eancias sobre n\u00f3s tornam-se cada vez maiores em todos os \u00e2mbitos sociais.\" \/>\n<meta name=\"robots\" content=\"index, follow, max-snippet:-1, max-image-preview:large, max-video-preview:-1\" \/>\n<link rel=\"canonical\" href=\"https:\/\/culturaeafins.com\/index.php\/2023\/12\/18\/resiliencia-por-que-e-tao-importante-desenvolvermos-esse-comportamento\/\" \/>\n<meta property=\"og:locale\" content=\"en_US\" \/>\n<meta property=\"og:type\" content=\"article\" \/>\n<meta property=\"og:title\" content=\"Resili\u00eancia - Por que \u00e9 t\u00e3o importante desenvolvermos esse comportamento? - Cultura e Afins\" \/>\n<meta property=\"og:description\" content=\"No decorrer de nossa vida, conforme crescemos, as exig\u00eancias sobre n\u00f3s tornam-se cada vez maiores em todos os \u00e2mbitos sociais.\" \/>\n<meta property=\"og:url\" content=\"https:\/\/culturaeafins.com\/index.php\/2023\/12\/18\/resiliencia-por-que-e-tao-importante-desenvolvermos-esse-comportamento\/\" \/>\n<meta property=\"og:site_name\" content=\"Cultura e Afins\" \/>\n<meta property=\"article:published_time\" content=\"2023-12-18T21:23:01+00:00\" \/>\n<meta property=\"article:modified_time\" content=\"2025-05-17T16:25:41+00:00\" \/>\n<meta property=\"og:image\" content=\"https:\/\/culturaeafins.com\/wp-content\/uploads\/2023\/12\/resiliente-2023.jpg\" \/>\n\t<meta property=\"og:image:width\" content=\"1200\" \/>\n\t<meta property=\"og:image:height\" content=\"801\" \/>\n\t<meta property=\"og:image:type\" content=\"image\/jpeg\" \/>\n<meta name=\"author\" content=\"Culturaeafins\" \/>\n<meta name=\"twitter:card\" content=\"summary_large_image\" \/>\n<meta name=\"twitter:label1\" content=\"Written by\" \/>\n\t<meta name=\"twitter:data1\" content=\"Culturaeafins\" \/>\n\t<meta name=\"twitter:label2\" content=\"Est. reading time\" \/>\n\t<meta name=\"twitter:data2\" content=\"4 minutes\" \/>\n<script type=\"application\/ld+json\" class=\"yoast-schema-graph\">{\"@context\":\"https:\\\/\\\/schema.org\",\"@graph\":[{\"@type\":\"Article\",\"@id\":\"https:\\\/\\\/culturaeafins.com\\\/index.php\\\/2023\\\/12\\\/18\\\/resiliencia-por-que-e-tao-importante-desenvolvermos-esse-comportamento\\\/#article\",\"isPartOf\":{\"@id\":\"https:\\\/\\\/culturaeafins.com\\\/index.php\\\/2023\\\/12\\\/18\\\/resiliencia-por-que-e-tao-importante-desenvolvermos-esse-comportamento\\\/\"},\"author\":{\"name\":\"Culturaeafins\",\"@id\":\"https:\\\/\\\/culturaeafins.com\\\/#\\\/schema\\\/person\\\/5d1d5a375a3d9d2034d1a175aae85702\"},\"headline\":\"Resili\u00eancia &#8211; Por que \u00e9 t\u00e3o importante desenvolvermos esse comportamento?\",\"datePublished\":\"2023-12-18T21:23:01+00:00\",\"dateModified\":\"2025-05-17T16:25:41+00:00\",\"mainEntityOfPage\":{\"@id\":\"https:\\\/\\\/culturaeafins.com\\\/index.php\\\/2023\\\/12\\\/18\\\/resiliencia-por-que-e-tao-importante-desenvolvermos-esse-comportamento\\\/\"},\"wordCount\":684,\"commentCount\":0,\"publisher\":{\"@id\":\"https:\\\/\\\/culturaeafins.com\\\/#organization\"},\"image\":{\"@id\":\"https:\\\/\\\/culturaeafins.com\\\/index.php\\\/2023\\\/12\\\/18\\\/resiliencia-por-que-e-tao-importante-desenvolvermos-esse-comportamento\\\/#primaryimage\"},\"thumbnailUrl\":\"https:\\\/\\\/culturaeafins.com\\\/wp-content\\\/uploads\\\/2023\\\/12\\\/resiliente-2023.jpg\",\"articleSection\":[\"Arte e Cultura\"],\"inLanguage\":\"en-US\",\"potentialAction\":[{\"@type\":\"CommentAction\",\"name\":\"Comment\",\"target\":[\"https:\\\/\\\/culturaeafins.com\\\/index.php\\\/2023\\\/12\\\/18\\\/resiliencia-por-que-e-tao-importante-desenvolvermos-esse-comportamento\\\/#respond\"]}]},{\"@type\":\"WebPage\",\"@id\":\"https:\\\/\\\/culturaeafins.com\\\/index.php\\\/2023\\\/12\\\/18\\\/resiliencia-por-que-e-tao-importante-desenvolvermos-esse-comportamento\\\/\",\"url\":\"https:\\\/\\\/culturaeafins.com\\\/index.php\\\/2023\\\/12\\\/18\\\/resiliencia-por-que-e-tao-importante-desenvolvermos-esse-comportamento\\\/\",\"name\":\"Resili\u00eancia - Por que \u00e9 t\u00e3o importante desenvolvermos esse comportamento? - Cultura e Afins\",\"isPartOf\":{\"@id\":\"https:\\\/\\\/culturaeafins.com\\\/#website\"},\"primaryImageOfPage\":{\"@id\":\"https:\\\/\\\/culturaeafins.com\\\/index.php\\\/2023\\\/12\\\/18\\\/resiliencia-por-que-e-tao-importante-desenvolvermos-esse-comportamento\\\/#primaryimage\"},\"image\":{\"@id\":\"https:\\\/\\\/culturaeafins.com\\\/index.php\\\/2023\\\/12\\\/18\\\/resiliencia-por-que-e-tao-importante-desenvolvermos-esse-comportamento\\\/#primaryimage\"},\"thumbnailUrl\":\"https:\\\/\\\/culturaeafins.com\\\/wp-content\\\/uploads\\\/2023\\\/12\\\/resiliente-2023.jpg\",\"datePublished\":\"2023-12-18T21:23:01+00:00\",\"dateModified\":\"2025-05-17T16:25:41+00:00\",\"description\":\"No decorrer de nossa vida, conforme crescemos, as exig\u00eancias sobre n\u00f3s tornam-se cada vez maiores em todos os \u00e2mbitos sociais.\",\"breadcrumb\":{\"@id\":\"https:\\\/\\\/culturaeafins.com\\\/index.php\\\/2023\\\/12\\\/18\\\/resiliencia-por-que-e-tao-importante-desenvolvermos-esse-comportamento\\\/#breadcrumb\"},\"inLanguage\":\"en-US\",\"potentialAction\":[{\"@type\":\"ReadAction\",\"target\":[\"https:\\\/\\\/culturaeafins.com\\\/index.php\\\/2023\\\/12\\\/18\\\/resiliencia-por-que-e-tao-importante-desenvolvermos-esse-comportamento\\\/\"]}]},{\"@type\":\"ImageObject\",\"inLanguage\":\"en-US\",\"@id\":\"https:\\\/\\\/culturaeafins.com\\\/index.php\\\/2023\\\/12\\\/18\\\/resiliencia-por-que-e-tao-importante-desenvolvermos-esse-comportamento\\\/#primaryimage\",\"url\":\"https:\\\/\\\/culturaeafins.com\\\/wp-content\\\/uploads\\\/2023\\\/12\\\/resiliente-2023.jpg\",\"contentUrl\":\"https:\\\/\\\/culturaeafins.com\\\/wp-content\\\/uploads\\\/2023\\\/12\\\/resiliente-2023.jpg\",\"width\":1200,\"height\":801,\"caption\":\"Courage man jump through the gap between hill ,Business concept idea\"},{\"@type\":\"BreadcrumbList\",\"@id\":\"https:\\\/\\\/culturaeafins.com\\\/index.php\\\/2023\\\/12\\\/18\\\/resiliencia-por-que-e-tao-importante-desenvolvermos-esse-comportamento\\\/#breadcrumb\",\"itemListElement\":[{\"@type\":\"ListItem\",\"position\":1,\"name\":\"In\u00edcio\",\"item\":\"https:\\\/\\\/culturaeafins.com\\\/\"},{\"@type\":\"ListItem\",\"position\":2,\"name\":\"Resili\u00eancia &#8211; Por que \u00e9 t\u00e3o importante desenvolvermos esse comportamento?\"}]},{\"@type\":\"WebSite\",\"@id\":\"https:\\\/\\\/culturaeafins.com\\\/#website\",\"url\":\"https:\\\/\\\/culturaeafins.com\\\/\",\"name\":\"Cultura e Afins\",\"description\":\"\",\"publisher\":{\"@id\":\"https:\\\/\\\/culturaeafins.com\\\/#organization\"},\"potentialAction\":[{\"@type\":\"SearchAction\",\"target\":{\"@type\":\"EntryPoint\",\"urlTemplate\":\"https:\\\/\\\/culturaeafins.com\\\/?s={search_term_string}\"},\"query-input\":{\"@type\":\"PropertyValueSpecification\",\"valueRequired\":true,\"valueName\":\"search_term_string\"}}],\"inLanguage\":\"en-US\"},{\"@type\":\"Organization\",\"@id\":\"https:\\\/\\\/culturaeafins.com\\\/#organization\",\"name\":\"Cultura e Afins\",\"url\":\"https:\\\/\\\/culturaeafins.com\\\/\",\"logo\":{\"@type\":\"ImageObject\",\"inLanguage\":\"en-US\",\"@id\":\"https:\\\/\\\/culturaeafins.com\\\/#\\\/schema\\\/logo\\\/image\\\/\",\"url\":\"https:\\\/\\\/culturaeafins.com\\\/wp-content\\\/uploads\\\/2024\\\/01\\\/15115497096_9efb16a648_o.jpg\",\"contentUrl\":\"https:\\\/\\\/culturaeafins.com\\\/wp-content\\\/uploads\\\/2024\\\/01\\\/15115497096_9efb16a648_o.jpg\",\"width\":690,\"height\":317,\"caption\":\"Cultura e Afins\"},\"image\":{\"@id\":\"https:\\\/\\\/culturaeafins.com\\\/#\\\/schema\\\/logo\\\/image\\\/\"}},{\"@type\":\"Person\",\"@id\":\"https:\\\/\\\/culturaeafins.com\\\/#\\\/schema\\\/person\\\/5d1d5a375a3d9d2034d1a175aae85702\",\"name\":\"Culturaeafins\",\"image\":{\"@type\":\"ImageObject\",\"inLanguage\":\"en-US\",\"@id\":\"https:\\\/\\\/secure.gravatar.com\\\/avatar\\\/c7eb1bc1ef2ef58f0ff3ae1db737bdc5c931e84e43d43ccb3478db5f65bd9d0a?s=96&d=mm&r=g\",\"url\":\"https:\\\/\\\/secure.gravatar.com\\\/avatar\\\/c7eb1bc1ef2ef58f0ff3ae1db737bdc5c931e84e43d43ccb3478db5f65bd9d0a?s=96&d=mm&r=g\",\"contentUrl\":\"https:\\\/\\\/secure.gravatar.com\\\/avatar\\\/c7eb1bc1ef2ef58f0ff3ae1db737bdc5c931e84e43d43ccb3478db5f65bd9d0a?s=96&d=mm&r=g\",\"caption\":\"Culturaeafins\"},\"sameAs\":[\"https:\\\/\\\/culturaeafins.com\"],\"url\":\"https:\\\/\\\/culturaeafins.com\\\/index.php\\\/author\\\/culturaeafins\\\/\"}]}<\/script>\n<!-- \/ Yoast SEO plugin. -->","yoast_head_json":{"title":"Resili\u00eancia - Por que \u00e9 t\u00e3o importante desenvolvermos esse comportamento? - Cultura e Afins","description":"No decorrer de nossa vida, conforme crescemos, as exig\u00eancias sobre n\u00f3s tornam-se cada vez maiores em todos os \u00e2mbitos sociais.","robots":{"index":"index","follow":"follow","max-snippet":"max-snippet:-1","max-image-preview":"max-image-preview:large","max-video-preview":"max-video-preview:-1"},"canonical":"https:\/\/culturaeafins.com\/index.php\/2023\/12\/18\/resiliencia-por-que-e-tao-importante-desenvolvermos-esse-comportamento\/","og_locale":"en_US","og_type":"article","og_title":"Resili\u00eancia - Por que \u00e9 t\u00e3o importante desenvolvermos esse comportamento? - Cultura e Afins","og_description":"No decorrer de nossa vida, conforme crescemos, as exig\u00eancias sobre n\u00f3s tornam-se cada vez maiores em todos os \u00e2mbitos sociais.","og_url":"https:\/\/culturaeafins.com\/index.php\/2023\/12\/18\/resiliencia-por-que-e-tao-importante-desenvolvermos-esse-comportamento\/","og_site_name":"Cultura e Afins","article_published_time":"2023-12-18T21:23:01+00:00","article_modified_time":"2025-05-17T16:25:41+00:00","og_image":[{"width":1200,"height":801,"url":"https:\/\/culturaeafins.com\/wp-content\/uploads\/2023\/12\/resiliente-2023.jpg","type":"image\/jpeg"}],"author":"Culturaeafins","twitter_card":"summary_large_image","twitter_misc":{"Written by":"Culturaeafins","Est. reading time":"4 minutes"},"schema":{"@context":"https:\/\/schema.org","@graph":[{"@type":"Article","@id":"https:\/\/culturaeafins.com\/index.php\/2023\/12\/18\/resiliencia-por-que-e-tao-importante-desenvolvermos-esse-comportamento\/#article","isPartOf":{"@id":"https:\/\/culturaeafins.com\/index.php\/2023\/12\/18\/resiliencia-por-que-e-tao-importante-desenvolvermos-esse-comportamento\/"},"author":{"name":"Culturaeafins","@id":"https:\/\/culturaeafins.com\/#\/schema\/person\/5d1d5a375a3d9d2034d1a175aae85702"},"headline":"Resili\u00eancia &#8211; Por que \u00e9 t\u00e3o importante desenvolvermos esse comportamento?","datePublished":"2023-12-18T21:23:01+00:00","dateModified":"2025-05-17T16:25:41+00:00","mainEntityOfPage":{"@id":"https:\/\/culturaeafins.com\/index.php\/2023\/12\/18\/resiliencia-por-que-e-tao-importante-desenvolvermos-esse-comportamento\/"},"wordCount":684,"commentCount":0,"publisher":{"@id":"https:\/\/culturaeafins.com\/#organization"},"image":{"@id":"https:\/\/culturaeafins.com\/index.php\/2023\/12\/18\/resiliencia-por-que-e-tao-importante-desenvolvermos-esse-comportamento\/#primaryimage"},"thumbnailUrl":"https:\/\/culturaeafins.com\/wp-content\/uploads\/2023\/12\/resiliente-2023.jpg","articleSection":["Arte e Cultura"],"inLanguage":"en-US","potentialAction":[{"@type":"CommentAction","name":"Comment","target":["https:\/\/culturaeafins.com\/index.php\/2023\/12\/18\/resiliencia-por-que-e-tao-importante-desenvolvermos-esse-comportamento\/#respond"]}]},{"@type":"WebPage","@id":"https:\/\/culturaeafins.com\/index.php\/2023\/12\/18\/resiliencia-por-que-e-tao-importante-desenvolvermos-esse-comportamento\/","url":"https:\/\/culturaeafins.com\/index.php\/2023\/12\/18\/resiliencia-por-que-e-tao-importante-desenvolvermos-esse-comportamento\/","name":"Resili\u00eancia - Por que \u00e9 t\u00e3o importante desenvolvermos esse comportamento? - Cultura e Afins","isPartOf":{"@id":"https:\/\/culturaeafins.com\/#website"},"primaryImageOfPage":{"@id":"https:\/\/culturaeafins.com\/index.php\/2023\/12\/18\/resiliencia-por-que-e-tao-importante-desenvolvermos-esse-comportamento\/#primaryimage"},"image":{"@id":"https:\/\/culturaeafins.com\/index.php\/2023\/12\/18\/resiliencia-por-que-e-tao-importante-desenvolvermos-esse-comportamento\/#primaryimage"},"thumbnailUrl":"https:\/\/culturaeafins.com\/wp-content\/uploads\/2023\/12\/resiliente-2023.jpg","datePublished":"2023-12-18T21:23:01+00:00","dateModified":"2025-05-17T16:25:41+00:00","description":"No decorrer de nossa vida, conforme crescemos, as exig\u00eancias sobre n\u00f3s tornam-se cada vez maiores em todos os \u00e2mbitos sociais.","breadcrumb":{"@id":"https:\/\/culturaeafins.com\/index.php\/2023\/12\/18\/resiliencia-por-que-e-tao-importante-desenvolvermos-esse-comportamento\/#breadcrumb"},"inLanguage":"en-US","potentialAction":[{"@type":"ReadAction","target":["https:\/\/culturaeafins.com\/index.php\/2023\/12\/18\/resiliencia-por-que-e-tao-importante-desenvolvermos-esse-comportamento\/"]}]},{"@type":"ImageObject","inLanguage":"en-US","@id":"https:\/\/culturaeafins.com\/index.php\/2023\/12\/18\/resiliencia-por-que-e-tao-importante-desenvolvermos-esse-comportamento\/#primaryimage","url":"https:\/\/culturaeafins.com\/wp-content\/uploads\/2023\/12\/resiliente-2023.jpg","contentUrl":"https:\/\/culturaeafins.com\/wp-content\/uploads\/2023\/12\/resiliente-2023.jpg","width":1200,"height":801,"caption":"Courage man jump through the gap between hill ,Business concept idea"},{"@type":"BreadcrumbList","@id":"https:\/\/culturaeafins.com\/index.php\/2023\/12\/18\/resiliencia-por-que-e-tao-importante-desenvolvermos-esse-comportamento\/#breadcrumb","itemListElement":[{"@type":"ListItem","position":1,"name":"In\u00edcio","item":"https:\/\/culturaeafins.com\/"},{"@type":"ListItem","position":2,"name":"Resili\u00eancia &#8211; Por que \u00e9 t\u00e3o importante desenvolvermos esse comportamento?"}]},{"@type":"WebSite","@id":"https:\/\/culturaeafins.com\/#website","url":"https:\/\/culturaeafins.com\/","name":"Cultura e Afins","description":"","publisher":{"@id":"https:\/\/culturaeafins.com\/#organization"},"potentialAction":[{"@type":"SearchAction","target":{"@type":"EntryPoint","urlTemplate":"https:\/\/culturaeafins.com\/?s={search_term_string}"},"query-input":{"@type":"PropertyValueSpecification","valueRequired":true,"valueName":"search_term_string"}}],"inLanguage":"en-US"},{"@type":"Organization","@id":"https:\/\/culturaeafins.com\/#organization","name":"Cultura e Afins","url":"https:\/\/culturaeafins.com\/","logo":{"@type":"ImageObject","inLanguage":"en-US","@id":"https:\/\/culturaeafins.com\/#\/schema\/logo\/image\/","url":"https:\/\/culturaeafins.com\/wp-content\/uploads\/2024\/01\/15115497096_9efb16a648_o.jpg","contentUrl":"https:\/\/culturaeafins.com\/wp-content\/uploads\/2024\/01\/15115497096_9efb16a648_o.jpg","width":690,"height":317,"caption":"Cultura e Afins"},"image":{"@id":"https:\/\/culturaeafins.com\/#\/schema\/logo\/image\/"}},{"@type":"Person","@id":"https:\/\/culturaeafins.com\/#\/schema\/person\/5d1d5a375a3d9d2034d1a175aae85702","name":"Culturaeafins","image":{"@type":"ImageObject","inLanguage":"en-US","@id":"https:\/\/secure.gravatar.com\/avatar\/c7eb1bc1ef2ef58f0ff3ae1db737bdc5c931e84e43d43ccb3478db5f65bd9d0a?s=96&d=mm&r=g","url":"https:\/\/secure.gravatar.com\/avatar\/c7eb1bc1ef2ef58f0ff3ae1db737bdc5c931e84e43d43ccb3478db5f65bd9d0a?s=96&d=mm&r=g","contentUrl":"https:\/\/secure.gravatar.com\/avatar\/c7eb1bc1ef2ef58f0ff3ae1db737bdc5c931e84e43d43ccb3478db5f65bd9d0a?s=96&d=mm&r=g","caption":"Culturaeafins"},"sameAs":["https:\/\/culturaeafins.com"],"url":"https:\/\/culturaeafins.com\/index.php\/author\/culturaeafins\/"}]}},"_links":{"self":[{"href":"https:\/\/culturaeafins.com\/index.php\/wp-json\/wp\/v2\/posts\/29","targetHints":{"allow":["GET"]}}],"collection":[{"href":"https:\/\/culturaeafins.com\/index.php\/wp-json\/wp\/v2\/posts"}],"about":[{"href":"https:\/\/culturaeafins.com\/index.php\/wp-json\/wp\/v2\/types\/post"}],"author":[{"embeddable":true,"href":"https:\/\/culturaeafins.com\/index.php\/wp-json\/wp\/v2\/users\/1"}],"replies":[{"embeddable":true,"href":"https:\/\/culturaeafins.com\/index.php\/wp-json\/wp\/v2\/comments?post=29"}],"version-history":[{"count":37,"href":"https:\/\/culturaeafins.com\/index.php\/wp-json\/wp\/v2\/posts\/29\/revisions"}],"predecessor-version":[{"id":323,"href":"https:\/\/culturaeafins.com\/index.php\/wp-json\/wp\/v2\/posts\/29\/revisions\/323"}],"wp:featuredmedia":[{"embeddable":true,"href":"https:\/\/culturaeafins.com\/index.php\/wp-json\/wp\/v2\/media\/41"}],"wp:attachment":[{"href":"https:\/\/culturaeafins.com\/index.php\/wp-json\/wp\/v2\/media?parent=29"}],"wp:term":[{"taxonomy":"category","embeddable":true,"href":"https:\/\/culturaeafins.com\/index.php\/wp-json\/wp\/v2\/categories?post=29"},{"taxonomy":"post_tag","embeddable":true,"href":"https:\/\/culturaeafins.com\/index.php\/wp-json\/wp\/v2\/tags?post=29"}],"curies":[{"name":"wp","href":"https:\/\/api.w.org\/{rel}","templated":true}]}}