{"id":283,"date":"2025-03-04T17:37:47","date_gmt":"2025-03-04T20:37:47","guid":{"rendered":"https:\/\/culturaeafins.com\/?p=283"},"modified":"2025-05-17T15:35:07","modified_gmt":"2025-05-17T18:35:07","slug":"sobre-o-livro-minha-querida-assombracao","status":"publish","type":"post","link":"https:\/\/culturaeafins.com\/index.php\/2025\/03\/04\/sobre-o-livro-minha-querida-assombracao\/","title":{"rendered":"Sobre o livro: Minha querida assombra\u00e7\u00e3o"},"content":{"rendered":"<p>Ler o livro \u201cMinha querida assombra\u00e7\u00e3o, de Reginaldo Prandi, foi surpreendente. Apesar do t\u00edtulo ser pouco atrativo e assustador, pelo menos para quem n\u00e3o gosta desse tema, o desenvolvimento da hist\u00f3ria \u00e9 muito interessante e nos prende do come\u00e7o ao fim do livro. Esse livro \u00e9 recomendado para crian\u00e7as e adolescentes que, conforme disse o autor, tenham coragem de ler hist\u00f3rias de assombra\u00e7\u00f5es.<\/p>\n<p>O enredo se desenvolve em torno de uma fam\u00edlia que decide fazer uma viagem ao interior de S\u00e3o Paulo. O pai, chamado Paulo, e seus quatro filhos.<\/p>\n<p>Tendo trabalhado muito em seu \u00faltimo projeto, sabia que precisava ficar mais tempo com as crian\u00e7as ent\u00e3o programaram uma semana de f\u00e9rias em uma antiga fazendo e l\u00e1 acontecem fatos inusitados.<\/p>\n<p>A Fazenda Velha era de Dona Santa e Seu Juv\u00eancio e funcionava como um hotel-fazenda. Tudo l\u00e1 era tipicamente caipira, a comida vinha de suas planta\u00e7\u00f5es e da cria\u00e7\u00e3o dos porcos e o leite retirado da vaca.<\/p>\n<p>O que era tamb\u00e9m tipicamente caipira era a conta\u00e7\u00e3o de \u201ccausos\u201d de dona Santa. A hist\u00f3ria se desenrola a partir desses casos assustadores que ela contava \u00e0 fam\u00edlia ap\u00f3s o jantar.<\/p>\n<p>Depois de um dia repleto de atividades, como colher frutas das \u00e1rvores, brincar no riacho na companhia dos tr\u00eas c\u00e3es da fazenda, no final do dia, tomavam banho para jantar e logo ap\u00f3s, era a hora das hist\u00f3rias mais horripilantes que j\u00e1 escutaram na vida.<\/p>\n<p>Dona Santa conta seis hist\u00f3rias com final sobrenatural, uma em cada dia da semana.<\/p>\n<p>Abaixo um breve resumo de cada uma delas para voc\u00ea criar coragem e ler at\u00e9 o final.<\/p>\n<h3>A noiva da figueira<\/h3>\n<p>A primeira hist\u00f3ria contada por Dona Santa \u00e9 \u201cA noiva da figueira\u201d. Diziam que nessa figueira uma mo\u00e7a se enforcou porque se apaixonara por um homem sem recursos financeiros que o pai jamais permitiria que ela se casasse. E arranjou um noivo para ela, filho de um rico fazendeiro.<\/p>\n<p>Sem poder de escolha, Eva no dia de seu casamento, sumiu da festa para se entregar a um triste desfecho.<\/p>\n<h3>Os g\u00eameos no espelho<\/h3>\n<p>Dona Santa conta uma hist\u00f3ria de dois irm\u00e3os g\u00eameos, Pedro Paulo e Paulo Pedro.<\/p>\n<p>Eram id\u00eanticos na apar\u00eancia, por\u00e9m na alma eram muito diferentes. Pedro era um menino bom e o preferido do pai, tratava muito bem os animais. Diferente de Paulo que era um menino mau e o preferido da m\u00e3e, n\u00e3o gostava dos animais.<\/p>\n<p>Um dia, quando brincavam no paiol, Paulo Pedro p\u00f4s fogo enquanto estavam l\u00e1 dentro. O pai conseguiu tirar o menino bom, mas n\u00e3o deu tempo de tirar o menino mal que morreu com o telhado desabando em cima dele.<\/p>\n<h3>A volta da mula sem cabe\u00e7a<\/h3>\n<p>Essa \u00e9 a hist\u00f3ria de Beatriz, uma menina sem fam\u00edlia que acabou sendo adotada por um padre de nome Estev\u00e3o, pois n\u00e3o tinha onde morar.<\/p>\n<p>Quando ela cresceu, o Padre se apaixonou por ela, ent\u00e3o se entregaram um ao outro num amor de perdi\u00e7\u00e3o.<\/p>\n<h3>O po\u00e7o do destino<\/h3>\n<p>Em uma velha casa abandonada havia um po\u00e7o de tirar \u00e1gua com corda e balde. Ele era chamado de po\u00e7o do destino porque em noite de lua cheia as mo\u00e7as com inten\u00e7\u00e3o de se casar procuravam l\u00e1 embaixo no espelho d\u2019\u00e1gua a imagem de seu futuro marido. Por\u00e9m tinha que ter muita coragem para olhar, porque po\u00e7o tamb\u00e9m podia mostrar a sua pr\u00f3pria morte.<\/p>\n<p>Aqui \u00e9 contata a hist\u00f3ria do casal, Madalena e Luis\u00e3o que decidiram olhar o fundo do po\u00e7o antes de se casarem.<\/p>\n<h3>A prociss\u00e3o dos mortos<\/h3>\n<p>Dona Tina tinha herdado de sua m\u00e3e e av\u00f3 o dom de prever o futuro. Morava em uma rua que terminava num cemit\u00e9rio e, em certas noites, de sua janela, via sombrios espet\u00e1culos: uma prociss\u00e3o que passava em dire\u00e7\u00e3o ao cemit\u00e9rio.<\/p>\n<h3>O baile do caixeiro-viajante<\/h3>\n<p>Le\u00f4ncio era um caixeiro-viajante da capital que provinha de mercadorias as vendas do local.<\/p>\n<p>Um dia sua condu\u00e7\u00e3o deu problema e ele n\u00e3o conseguiu voltar para a cidade e teve que dormir l\u00e1 mesmo.<\/p>\n<p>Para se distrair foi ao baile que acontecia todo s\u00e1bado. L\u00e1 conheceu uma mo\u00e7a que dan\u00e7ou o baile todo e por quem se apaixonou.<\/p>\n<h3>A conclus\u00e3o<\/h3>\n<p>O final do livro \u00e9 inesperado e quando terminamos de ler, descobrimos que valeu a leitura, pois \u00e9 um excelente livro, de uma hist\u00f3ria muito envolvente. De aprendizados significativos sobre valores de uma \u00e9poca e costumes caipiras.<\/p>\n<p><a href=\"http:\/\/Um pouco da hist\u00f3ria do Carnaval\">http:\/\/Um pouco da hist\u00f3ria do Carnaval<\/a><\/p>\n","protected":false},"excerpt":{"rendered":"<p>Ler o livro \u201cMinha querida assombra\u00e7\u00e3o, de Reginaldo Prandi, foi surpreendente. Apesar do t\u00edtulo ser pouco atrativo e assustador, pelo menos para quem n\u00e3o gosta desse tema, o desenvolvimento da &#8230;<\/p>\n","protected":false},"author":1,"featured_media":290,"comment_status":"open","ping_status":"open","sticky":false,"template":"","format":"standard","meta":{"footnotes":""},"categories":[3],"tags":[],"class_list":["post-283","post","type-post","status-publish","format-standard","has-post-thumbnail","hentry","category-livros"],"yoast_head":"<!-- This site is optimized with the Yoast SEO plugin v27.5 - https:\/\/yoast.com\/product\/yoast-seo-wordpress\/ -->\n<title>Sobre o livro: Minha querida assombra\u00e7\u00e3o - Cultura e Afins<\/title>\n<meta name=\"description\" content=\"Ler o livro \u201cMinha querida assombra\u00e7\u00e3o, de Reginaldo Prandi, foi surpreendente. Apesar do t\u00edtulo ser pouco atrativo e assustador\" \/>\n<meta name=\"robots\" content=\"index, follow, max-snippet:-1, max-image-preview:large, max-video-preview:-1\" \/>\n<link rel=\"canonical\" href=\"https:\/\/culturaeafins.com\/index.php\/2025\/03\/04\/sobre-o-livro-minha-querida-assombracao\/\" \/>\n<meta property=\"og:locale\" content=\"en_US\" \/>\n<meta property=\"og:type\" content=\"article\" \/>\n<meta property=\"og:title\" content=\"Sobre o livro: Minha querida assombra\u00e7\u00e3o - Cultura e Afins\" \/>\n<meta property=\"og:description\" content=\"Ler o livro \u201cMinha querida assombra\u00e7\u00e3o, de Reginaldo Prandi, foi surpreendente. Apesar do t\u00edtulo ser pouco atrativo e assustador\" \/>\n<meta property=\"og:url\" content=\"https:\/\/culturaeafins.com\/index.php\/2025\/03\/04\/sobre-o-livro-minha-querida-assombracao\/\" \/>\n<meta property=\"og:site_name\" content=\"Cultura e Afins\" \/>\n<meta property=\"article:published_time\" content=\"2025-03-04T20:37:47+00:00\" \/>\n<meta property=\"article:modified_time\" content=\"2025-05-17T18:35:07+00:00\" \/>\n<meta property=\"og:image\" content=\"https:\/\/culturaeafins.com\/wp-content\/uploads\/2025\/03\/d4164ecf709bd144d19bd28b94ac31a6.jpg\" \/>\n\t<meta property=\"og:image:width\" content=\"236\" \/>\n\t<meta property=\"og:image:height\" content=\"360\" \/>\n\t<meta property=\"og:image:type\" content=\"image\/jpeg\" \/>\n<meta name=\"author\" content=\"Culturaeafins\" \/>\n<meta name=\"twitter:card\" content=\"summary_large_image\" \/>\n<meta name=\"twitter:label1\" content=\"Written by\" \/>\n\t<meta name=\"twitter:data1\" content=\"Culturaeafins\" \/>\n\t<meta name=\"twitter:label2\" content=\"Est. reading time\" \/>\n\t<meta name=\"twitter:data2\" content=\"5 minutes\" \/>\n<script type=\"application\/ld+json\" class=\"yoast-schema-graph\">{\"@context\":\"https:\\\/\\\/schema.org\",\"@graph\":[{\"@type\":\"Article\",\"@id\":\"https:\\\/\\\/culturaeafins.com\\\/index.php\\\/2025\\\/03\\\/04\\\/sobre-o-livro-minha-querida-assombracao\\\/#article\",\"isPartOf\":{\"@id\":\"https:\\\/\\\/culturaeafins.com\\\/index.php\\\/2025\\\/03\\\/04\\\/sobre-o-livro-minha-querida-assombracao\\\/\"},\"author\":{\"name\":\"Culturaeafins\",\"@id\":\"https:\\\/\\\/culturaeafins.com\\\/#\\\/schema\\\/person\\\/5d1d5a375a3d9d2034d1a175aae85702\"},\"headline\":\"Sobre o livro: Minha querida assombra\u00e7\u00e3o\",\"datePublished\":\"2025-03-04T20:37:47+00:00\",\"dateModified\":\"2025-05-17T18:35:07+00:00\",\"mainEntityOfPage\":{\"@id\":\"https:\\\/\\\/culturaeafins.com\\\/index.php\\\/2025\\\/03\\\/04\\\/sobre-o-livro-minha-querida-assombracao\\\/\"},\"wordCount\":803,\"commentCount\":0,\"publisher\":{\"@id\":\"https:\\\/\\\/culturaeafins.com\\\/#organization\"},\"image\":{\"@id\":\"https:\\\/\\\/culturaeafins.com\\\/index.php\\\/2025\\\/03\\\/04\\\/sobre-o-livro-minha-querida-assombracao\\\/#primaryimage\"},\"thumbnailUrl\":\"https:\\\/\\\/culturaeafins.com\\\/wp-content\\\/uploads\\\/2025\\\/03\\\/d4164ecf709bd144d19bd28b94ac31a6.jpg\",\"articleSection\":[\"Livros\"],\"inLanguage\":\"en-US\",\"potentialAction\":[{\"@type\":\"CommentAction\",\"name\":\"Comment\",\"target\":[\"https:\\\/\\\/culturaeafins.com\\\/index.php\\\/2025\\\/03\\\/04\\\/sobre-o-livro-minha-querida-assombracao\\\/#respond\"]}]},{\"@type\":\"WebPage\",\"@id\":\"https:\\\/\\\/culturaeafins.com\\\/index.php\\\/2025\\\/03\\\/04\\\/sobre-o-livro-minha-querida-assombracao\\\/\",\"url\":\"https:\\\/\\\/culturaeafins.com\\\/index.php\\\/2025\\\/03\\\/04\\\/sobre-o-livro-minha-querida-assombracao\\\/\",\"name\":\"Sobre o livro: Minha querida assombra\u00e7\u00e3o - Cultura e Afins\",\"isPartOf\":{\"@id\":\"https:\\\/\\\/culturaeafins.com\\\/#website\"},\"primaryImageOfPage\":{\"@id\":\"https:\\\/\\\/culturaeafins.com\\\/index.php\\\/2025\\\/03\\\/04\\\/sobre-o-livro-minha-querida-assombracao\\\/#primaryimage\"},\"image\":{\"@id\":\"https:\\\/\\\/culturaeafins.com\\\/index.php\\\/2025\\\/03\\\/04\\\/sobre-o-livro-minha-querida-assombracao\\\/#primaryimage\"},\"thumbnailUrl\":\"https:\\\/\\\/culturaeafins.com\\\/wp-content\\\/uploads\\\/2025\\\/03\\\/d4164ecf709bd144d19bd28b94ac31a6.jpg\",\"datePublished\":\"2025-03-04T20:37:47+00:00\",\"dateModified\":\"2025-05-17T18:35:07+00:00\",\"description\":\"Ler o livro \u201cMinha querida assombra\u00e7\u00e3o, de Reginaldo Prandi, foi surpreendente. Apesar do t\u00edtulo ser pouco atrativo e assustador\",\"breadcrumb\":{\"@id\":\"https:\\\/\\\/culturaeafins.com\\\/index.php\\\/2025\\\/03\\\/04\\\/sobre-o-livro-minha-querida-assombracao\\\/#breadcrumb\"},\"inLanguage\":\"en-US\",\"potentialAction\":[{\"@type\":\"ReadAction\",\"target\":[\"https:\\\/\\\/culturaeafins.com\\\/index.php\\\/2025\\\/03\\\/04\\\/sobre-o-livro-minha-querida-assombracao\\\/\"]}]},{\"@type\":\"ImageObject\",\"inLanguage\":\"en-US\",\"@id\":\"https:\\\/\\\/culturaeafins.com\\\/index.php\\\/2025\\\/03\\\/04\\\/sobre-o-livro-minha-querida-assombracao\\\/#primaryimage\",\"url\":\"https:\\\/\\\/culturaeafins.com\\\/wp-content\\\/uploads\\\/2025\\\/03\\\/d4164ecf709bd144d19bd28b94ac31a6.jpg\",\"contentUrl\":\"https:\\\/\\\/culturaeafins.com\\\/wp-content\\\/uploads\\\/2025\\\/03\\\/d4164ecf709bd144d19bd28b94ac31a6.jpg\",\"width\":236,\"height\":360},{\"@type\":\"BreadcrumbList\",\"@id\":\"https:\\\/\\\/culturaeafins.com\\\/index.php\\\/2025\\\/03\\\/04\\\/sobre-o-livro-minha-querida-assombracao\\\/#breadcrumb\",\"itemListElement\":[{\"@type\":\"ListItem\",\"position\":1,\"name\":\"In\u00edcio\",\"item\":\"https:\\\/\\\/culturaeafins.com\\\/\"},{\"@type\":\"ListItem\",\"position\":2,\"name\":\"Sobre o livro: Minha querida assombra\u00e7\u00e3o\"}]},{\"@type\":\"WebSite\",\"@id\":\"https:\\\/\\\/culturaeafins.com\\\/#website\",\"url\":\"https:\\\/\\\/culturaeafins.com\\\/\",\"name\":\"Cultura e Afins\",\"description\":\"\",\"publisher\":{\"@id\":\"https:\\\/\\\/culturaeafins.com\\\/#organization\"},\"potentialAction\":[{\"@type\":\"SearchAction\",\"target\":{\"@type\":\"EntryPoint\",\"urlTemplate\":\"https:\\\/\\\/culturaeafins.com\\\/?s={search_term_string}\"},\"query-input\":{\"@type\":\"PropertyValueSpecification\",\"valueRequired\":true,\"valueName\":\"search_term_string\"}}],\"inLanguage\":\"en-US\"},{\"@type\":\"Organization\",\"@id\":\"https:\\\/\\\/culturaeafins.com\\\/#organization\",\"name\":\"Cultura e Afins\",\"url\":\"https:\\\/\\\/culturaeafins.com\\\/\",\"logo\":{\"@type\":\"ImageObject\",\"inLanguage\":\"en-US\",\"@id\":\"https:\\\/\\\/culturaeafins.com\\\/#\\\/schema\\\/logo\\\/image\\\/\",\"url\":\"https:\\\/\\\/culturaeafins.com\\\/wp-content\\\/uploads\\\/2024\\\/01\\\/15115497096_9efb16a648_o.jpg\",\"contentUrl\":\"https:\\\/\\\/culturaeafins.com\\\/wp-content\\\/uploads\\\/2024\\\/01\\\/15115497096_9efb16a648_o.jpg\",\"width\":690,\"height\":317,\"caption\":\"Cultura e Afins\"},\"image\":{\"@id\":\"https:\\\/\\\/culturaeafins.com\\\/#\\\/schema\\\/logo\\\/image\\\/\"}},{\"@type\":\"Person\",\"@id\":\"https:\\\/\\\/culturaeafins.com\\\/#\\\/schema\\\/person\\\/5d1d5a375a3d9d2034d1a175aae85702\",\"name\":\"Culturaeafins\",\"image\":{\"@type\":\"ImageObject\",\"inLanguage\":\"en-US\",\"@id\":\"https:\\\/\\\/secure.gravatar.com\\\/avatar\\\/c7eb1bc1ef2ef58f0ff3ae1db737bdc5c931e84e43d43ccb3478db5f65bd9d0a?s=96&d=mm&r=g\",\"url\":\"https:\\\/\\\/secure.gravatar.com\\\/avatar\\\/c7eb1bc1ef2ef58f0ff3ae1db737bdc5c931e84e43d43ccb3478db5f65bd9d0a?s=96&d=mm&r=g\",\"contentUrl\":\"https:\\\/\\\/secure.gravatar.com\\\/avatar\\\/c7eb1bc1ef2ef58f0ff3ae1db737bdc5c931e84e43d43ccb3478db5f65bd9d0a?s=96&d=mm&r=g\",\"caption\":\"Culturaeafins\"},\"sameAs\":[\"https:\\\/\\\/culturaeafins.com\"],\"url\":\"https:\\\/\\\/culturaeafins.com\\\/index.php\\\/author\\\/culturaeafins\\\/\"}]}<\/script>\n<!-- \/ Yoast SEO plugin. -->","yoast_head_json":{"title":"Sobre o livro: Minha querida assombra\u00e7\u00e3o - Cultura e Afins","description":"Ler o livro \u201cMinha querida assombra\u00e7\u00e3o, de Reginaldo Prandi, foi surpreendente. Apesar do t\u00edtulo ser pouco atrativo e assustador","robots":{"index":"index","follow":"follow","max-snippet":"max-snippet:-1","max-image-preview":"max-image-preview:large","max-video-preview":"max-video-preview:-1"},"canonical":"https:\/\/culturaeafins.com\/index.php\/2025\/03\/04\/sobre-o-livro-minha-querida-assombracao\/","og_locale":"en_US","og_type":"article","og_title":"Sobre o livro: Minha querida assombra\u00e7\u00e3o - Cultura e Afins","og_description":"Ler o livro \u201cMinha querida assombra\u00e7\u00e3o, de Reginaldo Prandi, foi surpreendente. Apesar do t\u00edtulo ser pouco atrativo e assustador","og_url":"https:\/\/culturaeafins.com\/index.php\/2025\/03\/04\/sobre-o-livro-minha-querida-assombracao\/","og_site_name":"Cultura e Afins","article_published_time":"2025-03-04T20:37:47+00:00","article_modified_time":"2025-05-17T18:35:07+00:00","og_image":[{"width":236,"height":360,"url":"https:\/\/culturaeafins.com\/wp-content\/uploads\/2025\/03\/d4164ecf709bd144d19bd28b94ac31a6.jpg","type":"image\/jpeg"}],"author":"Culturaeafins","twitter_card":"summary_large_image","twitter_misc":{"Written by":"Culturaeafins","Est. reading time":"5 minutes"},"schema":{"@context":"https:\/\/schema.org","@graph":[{"@type":"Article","@id":"https:\/\/culturaeafins.com\/index.php\/2025\/03\/04\/sobre-o-livro-minha-querida-assombracao\/#article","isPartOf":{"@id":"https:\/\/culturaeafins.com\/index.php\/2025\/03\/04\/sobre-o-livro-minha-querida-assombracao\/"},"author":{"name":"Culturaeafins","@id":"https:\/\/culturaeafins.com\/#\/schema\/person\/5d1d5a375a3d9d2034d1a175aae85702"},"headline":"Sobre o livro: Minha querida assombra\u00e7\u00e3o","datePublished":"2025-03-04T20:37:47+00:00","dateModified":"2025-05-17T18:35:07+00:00","mainEntityOfPage":{"@id":"https:\/\/culturaeafins.com\/index.php\/2025\/03\/04\/sobre-o-livro-minha-querida-assombracao\/"},"wordCount":803,"commentCount":0,"publisher":{"@id":"https:\/\/culturaeafins.com\/#organization"},"image":{"@id":"https:\/\/culturaeafins.com\/index.php\/2025\/03\/04\/sobre-o-livro-minha-querida-assombracao\/#primaryimage"},"thumbnailUrl":"https:\/\/culturaeafins.com\/wp-content\/uploads\/2025\/03\/d4164ecf709bd144d19bd28b94ac31a6.jpg","articleSection":["Livros"],"inLanguage":"en-US","potentialAction":[{"@type":"CommentAction","name":"Comment","target":["https:\/\/culturaeafins.com\/index.php\/2025\/03\/04\/sobre-o-livro-minha-querida-assombracao\/#respond"]}]},{"@type":"WebPage","@id":"https:\/\/culturaeafins.com\/index.php\/2025\/03\/04\/sobre-o-livro-minha-querida-assombracao\/","url":"https:\/\/culturaeafins.com\/index.php\/2025\/03\/04\/sobre-o-livro-minha-querida-assombracao\/","name":"Sobre o livro: Minha querida assombra\u00e7\u00e3o - Cultura e Afins","isPartOf":{"@id":"https:\/\/culturaeafins.com\/#website"},"primaryImageOfPage":{"@id":"https:\/\/culturaeafins.com\/index.php\/2025\/03\/04\/sobre-o-livro-minha-querida-assombracao\/#primaryimage"},"image":{"@id":"https:\/\/culturaeafins.com\/index.php\/2025\/03\/04\/sobre-o-livro-minha-querida-assombracao\/#primaryimage"},"thumbnailUrl":"https:\/\/culturaeafins.com\/wp-content\/uploads\/2025\/03\/d4164ecf709bd144d19bd28b94ac31a6.jpg","datePublished":"2025-03-04T20:37:47+00:00","dateModified":"2025-05-17T18:35:07+00:00","description":"Ler o livro \u201cMinha querida assombra\u00e7\u00e3o, de Reginaldo Prandi, foi surpreendente. Apesar do t\u00edtulo ser pouco atrativo e assustador","breadcrumb":{"@id":"https:\/\/culturaeafins.com\/index.php\/2025\/03\/04\/sobre-o-livro-minha-querida-assombracao\/#breadcrumb"},"inLanguage":"en-US","potentialAction":[{"@type":"ReadAction","target":["https:\/\/culturaeafins.com\/index.php\/2025\/03\/04\/sobre-o-livro-minha-querida-assombracao\/"]}]},{"@type":"ImageObject","inLanguage":"en-US","@id":"https:\/\/culturaeafins.com\/index.php\/2025\/03\/04\/sobre-o-livro-minha-querida-assombracao\/#primaryimage","url":"https:\/\/culturaeafins.com\/wp-content\/uploads\/2025\/03\/d4164ecf709bd144d19bd28b94ac31a6.jpg","contentUrl":"https:\/\/culturaeafins.com\/wp-content\/uploads\/2025\/03\/d4164ecf709bd144d19bd28b94ac31a6.jpg","width":236,"height":360},{"@type":"BreadcrumbList","@id":"https:\/\/culturaeafins.com\/index.php\/2025\/03\/04\/sobre-o-livro-minha-querida-assombracao\/#breadcrumb","itemListElement":[{"@type":"ListItem","position":1,"name":"In\u00edcio","item":"https:\/\/culturaeafins.com\/"},{"@type":"ListItem","position":2,"name":"Sobre o livro: Minha querida assombra\u00e7\u00e3o"}]},{"@type":"WebSite","@id":"https:\/\/culturaeafins.com\/#website","url":"https:\/\/culturaeafins.com\/","name":"Cultura e Afins","description":"","publisher":{"@id":"https:\/\/culturaeafins.com\/#organization"},"potentialAction":[{"@type":"SearchAction","target":{"@type":"EntryPoint","urlTemplate":"https:\/\/culturaeafins.com\/?s={search_term_string}"},"query-input":{"@type":"PropertyValueSpecification","valueRequired":true,"valueName":"search_term_string"}}],"inLanguage":"en-US"},{"@type":"Organization","@id":"https:\/\/culturaeafins.com\/#organization","name":"Cultura e Afins","url":"https:\/\/culturaeafins.com\/","logo":{"@type":"ImageObject","inLanguage":"en-US","@id":"https:\/\/culturaeafins.com\/#\/schema\/logo\/image\/","url":"https:\/\/culturaeafins.com\/wp-content\/uploads\/2024\/01\/15115497096_9efb16a648_o.jpg","contentUrl":"https:\/\/culturaeafins.com\/wp-content\/uploads\/2024\/01\/15115497096_9efb16a648_o.jpg","width":690,"height":317,"caption":"Cultura e Afins"},"image":{"@id":"https:\/\/culturaeafins.com\/#\/schema\/logo\/image\/"}},{"@type":"Person","@id":"https:\/\/culturaeafins.com\/#\/schema\/person\/5d1d5a375a3d9d2034d1a175aae85702","name":"Culturaeafins","image":{"@type":"ImageObject","inLanguage":"en-US","@id":"https:\/\/secure.gravatar.com\/avatar\/c7eb1bc1ef2ef58f0ff3ae1db737bdc5c931e84e43d43ccb3478db5f65bd9d0a?s=96&d=mm&r=g","url":"https:\/\/secure.gravatar.com\/avatar\/c7eb1bc1ef2ef58f0ff3ae1db737bdc5c931e84e43d43ccb3478db5f65bd9d0a?s=96&d=mm&r=g","contentUrl":"https:\/\/secure.gravatar.com\/avatar\/c7eb1bc1ef2ef58f0ff3ae1db737bdc5c931e84e43d43ccb3478db5f65bd9d0a?s=96&d=mm&r=g","caption":"Culturaeafins"},"sameAs":["https:\/\/culturaeafins.com"],"url":"https:\/\/culturaeafins.com\/index.php\/author\/culturaeafins\/"}]}},"_links":{"self":[{"href":"https:\/\/culturaeafins.com\/index.php\/wp-json\/wp\/v2\/posts\/283","targetHints":{"allow":["GET"]}}],"collection":[{"href":"https:\/\/culturaeafins.com\/index.php\/wp-json\/wp\/v2\/posts"}],"about":[{"href":"https:\/\/culturaeafins.com\/index.php\/wp-json\/wp\/v2\/types\/post"}],"author":[{"embeddable":true,"href":"https:\/\/culturaeafins.com\/index.php\/wp-json\/wp\/v2\/users\/1"}],"replies":[{"embeddable":true,"href":"https:\/\/culturaeafins.com\/index.php\/wp-json\/wp\/v2\/comments?post=283"}],"version-history":[{"count":4,"href":"https:\/\/culturaeafins.com\/index.php\/wp-json\/wp\/v2\/posts\/283\/revisions"}],"predecessor-version":[{"id":347,"href":"https:\/\/culturaeafins.com\/index.php\/wp-json\/wp\/v2\/posts\/283\/revisions\/347"}],"wp:featuredmedia":[{"embeddable":true,"href":"https:\/\/culturaeafins.com\/index.php\/wp-json\/wp\/v2\/media\/290"}],"wp:attachment":[{"href":"https:\/\/culturaeafins.com\/index.php\/wp-json\/wp\/v2\/media?parent=283"}],"wp:term":[{"taxonomy":"category","embeddable":true,"href":"https:\/\/culturaeafins.com\/index.php\/wp-json\/wp\/v2\/categories?post=283"},{"taxonomy":"post_tag","embeddable":true,"href":"https:\/\/culturaeafins.com\/index.php\/wp-json\/wp\/v2\/tags?post=283"}],"curies":[{"name":"wp","href":"https:\/\/api.w.org\/{rel}","templated":true}]}}