{"id":276,"date":"2025-03-01T11:58:40","date_gmt":"2025-03-01T14:58:40","guid":{"rendered":"https:\/\/culturaeafins.com\/?p=276"},"modified":"2025-07-09T10:41:40","modified_gmt":"2025-07-09T13:41:40","slug":"um-pouco-da-historia-do-carnaval","status":"publish","type":"post","link":"https:\/\/culturaeafins.com\/index.php\/2025\/03\/01\/um-pouco-da-historia-do-carnaval\/","title":{"rendered":"Um pouco da hist\u00f3ria do Carnaval"},"content":{"rendered":"<p>Pensar no Carnaval \u00e9 recordar dos grandes bailes e das marchinhas com muito humor em suas letras. \u00c9 recordar da criatividade de seus foli\u00f5es com suas fantasias, das brincadeiras, dos desfiles das escolas de samba e dos blocos pelas ruas de todas as regi\u00f5es do pa\u00eds. E acima de tudo, da <a href=\"https:\/\/culturaeafins.com\/index.php\/2025\/02\/01\/comunicacao-nao-violenta\/\">alegria<\/a> que contagia as pessoas nessa \u00e9poca do ano.<\/p>\n<p>Mas nem sempre foi assim, a hist\u00f3ria do Carnaval \u00e9 mais antiga do que imaginamos. Dizem que esta comemora\u00e7\u00e3o surgiu por volta de 10 mil anos antes de Cristo, com o prop\u00f3sito de afastar os dem\u00f4nios da m\u00e1 colheita. Com esse intuito, homens e mulheres com a cara pintada de preto, cobertos de pele ou de plumas, em cortejo, invadiam as casas gritando.<\/p>\n<p>J\u00e1 outros autores, dizem que a origem do Carnaval aconteceu na idade m\u00e9dia, com as \u201cfestas da fertilidade\u201d para garantir boas colheitas.<\/p>\n<p>Tratava-se de uma festa pag\u00e3 no Egito, Gr\u00e9cia e Roma quando se adoravam os deuses da fecundidade, do crescimento, da colheita e da abund\u00e2ncia. E por esse motivo, at\u00e9 o s\u00e9culo XV, a Igreja Cat\u00f3lica se opunha a esses festejos. Foi o Papa Paulo II que conseguiu regulamentar o Carnaval em Roma, tomando as ruas silenciosas e desertas com corrida de cavalos, carros aleg\u00f3ricos, confetes, lan\u00e7amentos de ovos e outras brincadeiras. Mesmo o Catolicismo aceitando o Carnaval, permaneceram as dan\u00e7as, m\u00e1scaras e fantasias.<\/p>\n<h2>Origem da palavra carnaval<\/h2>\n<p>\u201cCarrum novalis\u201d \u00e9 a origem da palavra carnaval, imputada por alguns autores, que seria o carro que os romanos abriam os desfiles. Outros dizem que tem a ver com a P\u00e1scoa, de origem italiana \u201ccarnelevale\u201d que tem como significado \u201ctirar a carne\u201d, pois termina na noite anterior \u00e0 Quarta-Feira de Cinzas, in\u00edcio da Quaresma crist\u00e3 e n\u00e3o se come carne.<\/p>\n<h3>Como o Carnaval iniciou no Brasil<\/h3>\n<p>O Carnaval iniciou no Brasil a partir do s\u00e9culo XVII, trazida pelos portugueses, essa festa era muito alegre que envolvia brincadeiras como andar pelas ruas jogando \u00e1gua, farinha, barro, fuligem e at\u00e9 urina nas pessoas. Com o tempo as brincadeiras foram ficando mais suaves e usava-se borrachas com \u00e1gua perfumada.<\/p>\n<h4>S\u00e9culo XIX \u2013 O in\u00edcio do Carnaval de rua no Brasil<\/h4>\n<p>Em meados do s\u00e9culo XIX, o Carnaval no Brasil j\u00e1 come\u00e7a a se parecer com o Carnaval que conhecemos hoje. De bailes carnavalescos em clubes a escolas de samba, foli\u00f5es se agrupavam para sair \u00e0s ruas em cortejo.<\/p>\n<p>Os bailes de m\u00e1scaras deram in\u00edcio em 1840, no Rio de Janeiro, a partir da\u00ed foram se espalhando e popularizando.<\/p>\n<p>Cronistas dos jornais da \u00e9poca incentivavam mulheres e homens a se fantasiarem, pois davam destaque \u00e0s fantasias com suas descri\u00e7\u00f5es detalhadas.<\/p>\n<p>Os clubes carnavalescos ou chamados tamb\u00e9m de sociedade tem boa parte no enriquecimento da cultura do carnaval, promovendo bailes de m\u00e1scaras e uma banda de m\u00fasica que animavam seus s\u00f3cios.<\/p>\n<h4>Tipos de agrupamento do Carnaval de rua<\/h4>\n<p>O \u201ccord\u00e3o\u201d se tratava de grupos de mascarados que saiam \u00e0s ruas conduzidos por um mestre com um apito que deviam ser obedecido pelos foli\u00f5es. Acompanhados por um conjunto de instrumento de percuss\u00e3o, cantavam marchas ritmadas.<\/p>\n<p>Os \u201cranchos\u201d substitu\u00edram os \u201ccord\u00f5es\u201d em 1911, derivados dos pastoris, dan\u00e7a dram\u00e1tica, onde participavam mulheres e o conjunto instrumental que n\u00e3o era s\u00f3 percuss\u00e3o, mas tamb\u00e9m usavam viol\u00f5es, cavaquinho, flautas e clarinetas. Havia um porta-estandarte e tr\u00eas mestres: de harmonia para a orquestra, de canto para o coro e o mestre-sala para a coreografia. Seu enredo era com base na mitologia.<\/p>\n<p>Os \u201cblocos carnavalescos\u201d, surgiram no Rio de Janeiro, organizado por amigos, conhecidos e pessoas que chegavam sozinhas \u00e0 rua e se juntavam para dan\u00e7ar, pular e cantar m\u00fasicas carnavalescas acompanhadas de instrumentos como cavaquinho, viol\u00e3o, pandeiro e reco-reco.<\/p>\n<p>Os blocos organizados que saiam fantasiados, com conjuntos musicais, sem enredo espec\u00edfico.<\/p>\n<h4>Personagens que simbolizam o Carnaval.<\/h4>\n<p>As principais personagens que simbolizam o Carnaval s\u00e3o: Momo, Colombina, Arlequim e Pierr\u00f4.<\/p>\n<p>O Momo \u00e9 um ser mitol\u00f3gico, Deus da zombaria e foi expulso do Olimpo porque ridicularizava outros deuses. No Carnaval um escravo era escolhido para simbolizar Momo. Representava um rei debochado que tinha poder na festividade, depois era morto e sacrificado ao rei Saturno.<\/p>\n<p>A Colombina, assim como o Pierr\u00f4 e o Arlequim, \u00e9 personagem da Com\u00e9dia italiana que se instalou na Fran\u00e7a, entre os s\u00e9culos XVI e XVIII para divulgar a Commedia dell\u2019Arte (teatro com textos improvisados). \u00a0Amante de Arlequim vestia-se com roupas coloridas como a do seu amante, era uma criada esperta, sedutora e vol\u00favel.<\/p>\n<p>Rival de Pierr\u00f4 pelo amor de Colombina, Arlequim se vestia de retalhos triangulares e coloridos. Representava o palha\u00e7o farsante e c\u00f4mico.<\/p>\n<p>Pierr\u00f4 era um personagem sentimental e ing\u00eanuo.<\/p>\n<p>At\u00e9 os dias atuais, o Carnaval \u00e9 considerado uma festa onde as pessoas expressam sua alegria, rindo, pulando e cantando, n\u00e3o importa sua condi\u00e7\u00e3o social e econ\u00f4mica, a cor da pele, cren\u00e7as, g\u00eanero e idade. O importante \u00e9 preservar o intuito da festa que \u00e9 trazer mais alegria a todas as pessoas uma vez que o mundo precisa dessa motiva\u00e7\u00e3o.<\/p>\n<p><a href=\"http:\/\/Comunica\u00e7\u00e3o n\u00e3o-violenta \u2013 habilidade de se comunicar de forma assertiva\">http:\/\/Comunica\u00e7\u00e3o n\u00e3o-violenta \u2013 habilidade de se comunicar de forma assertiva<\/a><\/p>\n","protected":false},"excerpt":{"rendered":"<p>Pensar no Carnaval \u00e9 recordar dos grandes bailes e das marchinhas com muito humor em suas letras. \u00c9 recordar da criatividade de seus foli\u00f5es com suas fantasias, das brincadeiras, dos &#8230;<\/p>\n","protected":false},"author":1,"featured_media":278,"comment_status":"open","ping_status":"open","sticky":false,"template":"","format":"standard","meta":{"footnotes":""},"categories":[1],"tags":[],"class_list":["post-276","post","type-post","status-publish","format-standard","has-post-thumbnail","hentry","category-blog"],"yoast_head":"<!-- This site is optimized with the Yoast SEO plugin v27.5 - https:\/\/yoast.com\/product\/yoast-seo-wordpress\/ -->\n<title>Um pouco da hist\u00f3ria do Carnaval - Cultura e Afins<\/title>\n<meta name=\"description\" content=\"a hist\u00f3ria do Carnaval \u00e9 mais antiga do que imaginamos. Dizem que esta comemora\u00e7\u00e3o surgiu por volta de 10 mil anos antes de Cristo\" \/>\n<meta name=\"robots\" content=\"index, follow, max-snippet:-1, max-image-preview:large, max-video-preview:-1\" \/>\n<link rel=\"canonical\" href=\"https:\/\/culturaeafins.com\/index.php\/2025\/03\/01\/um-pouco-da-historia-do-carnaval\/\" \/>\n<meta property=\"og:locale\" content=\"en_US\" \/>\n<meta property=\"og:type\" content=\"article\" \/>\n<meta property=\"og:title\" content=\"Um pouco da hist\u00f3ria do Carnaval - Cultura e Afins\" \/>\n<meta property=\"og:description\" content=\"a hist\u00f3ria do Carnaval \u00e9 mais antiga do que imaginamos. Dizem que esta comemora\u00e7\u00e3o surgiu por volta de 10 mil anos antes de Cristo\" \/>\n<meta property=\"og:url\" content=\"https:\/\/culturaeafins.com\/index.php\/2025\/03\/01\/um-pouco-da-historia-do-carnaval\/\" \/>\n<meta property=\"og:site_name\" content=\"Cultura e Afins\" \/>\n<meta property=\"article:published_time\" content=\"2025-03-01T14:58:40+00:00\" \/>\n<meta property=\"article:modified_time\" content=\"2025-07-09T13:41:40+00:00\" \/>\n<meta property=\"og:image\" content=\"https:\/\/culturaeafins.com\/wp-content\/uploads\/2025\/03\/4632f579-7a51-4d01-9085-76156e098dad.png\" \/>\n\t<meta property=\"og:image:width\" content=\"626\" \/>\n\t<meta property=\"og:image:height\" content=\"417\" \/>\n\t<meta property=\"og:image:type\" content=\"image\/png\" \/>\n<meta name=\"author\" content=\"Culturaeafins\" \/>\n<meta name=\"twitter:card\" content=\"summary_large_image\" \/>\n<meta name=\"twitter:label1\" content=\"Written by\" \/>\n\t<meta name=\"twitter:data1\" content=\"Culturaeafins\" \/>\n\t<meta name=\"twitter:label2\" content=\"Est. reading time\" \/>\n\t<meta name=\"twitter:data2\" content=\"5 minutes\" \/>\n<script type=\"application\/ld+json\" class=\"yoast-schema-graph\">{\"@context\":\"https:\\\/\\\/schema.org\",\"@graph\":[{\"@type\":\"Article\",\"@id\":\"https:\\\/\\\/culturaeafins.com\\\/index.php\\\/2025\\\/03\\\/01\\\/um-pouco-da-historia-do-carnaval\\\/#article\",\"isPartOf\":{\"@id\":\"https:\\\/\\\/culturaeafins.com\\\/index.php\\\/2025\\\/03\\\/01\\\/um-pouco-da-historia-do-carnaval\\\/\"},\"author\":{\"name\":\"Culturaeafins\",\"@id\":\"https:\\\/\\\/culturaeafins.com\\\/#\\\/schema\\\/person\\\/5d1d5a375a3d9d2034d1a175aae85702\"},\"headline\":\"Um pouco da hist\u00f3ria do Carnaval\",\"datePublished\":\"2025-03-01T14:58:40+00:00\",\"dateModified\":\"2025-07-09T13:41:40+00:00\",\"mainEntityOfPage\":{\"@id\":\"https:\\\/\\\/culturaeafins.com\\\/index.php\\\/2025\\\/03\\\/01\\\/um-pouco-da-historia-do-carnaval\\\/\"},\"wordCount\":893,\"commentCount\":0,\"publisher\":{\"@id\":\"https:\\\/\\\/culturaeafins.com\\\/#organization\"},\"image\":{\"@id\":\"https:\\\/\\\/culturaeafins.com\\\/index.php\\\/2025\\\/03\\\/01\\\/um-pouco-da-historia-do-carnaval\\\/#primaryimage\"},\"thumbnailUrl\":\"https:\\\/\\\/culturaeafins.com\\\/wp-content\\\/uploads\\\/2025\\\/03\\\/4632f579-7a51-4d01-9085-76156e098dad.png\",\"articleSection\":[\"Blog\"],\"inLanguage\":\"en-US\",\"potentialAction\":[{\"@type\":\"CommentAction\",\"name\":\"Comment\",\"target\":[\"https:\\\/\\\/culturaeafins.com\\\/index.php\\\/2025\\\/03\\\/01\\\/um-pouco-da-historia-do-carnaval\\\/#respond\"]}]},{\"@type\":\"WebPage\",\"@id\":\"https:\\\/\\\/culturaeafins.com\\\/index.php\\\/2025\\\/03\\\/01\\\/um-pouco-da-historia-do-carnaval\\\/\",\"url\":\"https:\\\/\\\/culturaeafins.com\\\/index.php\\\/2025\\\/03\\\/01\\\/um-pouco-da-historia-do-carnaval\\\/\",\"name\":\"Um pouco da hist\u00f3ria do Carnaval - Cultura e Afins\",\"isPartOf\":{\"@id\":\"https:\\\/\\\/culturaeafins.com\\\/#website\"},\"primaryImageOfPage\":{\"@id\":\"https:\\\/\\\/culturaeafins.com\\\/index.php\\\/2025\\\/03\\\/01\\\/um-pouco-da-historia-do-carnaval\\\/#primaryimage\"},\"image\":{\"@id\":\"https:\\\/\\\/culturaeafins.com\\\/index.php\\\/2025\\\/03\\\/01\\\/um-pouco-da-historia-do-carnaval\\\/#primaryimage\"},\"thumbnailUrl\":\"https:\\\/\\\/culturaeafins.com\\\/wp-content\\\/uploads\\\/2025\\\/03\\\/4632f579-7a51-4d01-9085-76156e098dad.png\",\"datePublished\":\"2025-03-01T14:58:40+00:00\",\"dateModified\":\"2025-07-09T13:41:40+00:00\",\"description\":\"a hist\u00f3ria do Carnaval \u00e9 mais antiga do que imaginamos. Dizem que esta comemora\u00e7\u00e3o surgiu por volta de 10 mil anos antes de Cristo\",\"breadcrumb\":{\"@id\":\"https:\\\/\\\/culturaeafins.com\\\/index.php\\\/2025\\\/03\\\/01\\\/um-pouco-da-historia-do-carnaval\\\/#breadcrumb\"},\"inLanguage\":\"en-US\",\"potentialAction\":[{\"@type\":\"ReadAction\",\"target\":[\"https:\\\/\\\/culturaeafins.com\\\/index.php\\\/2025\\\/03\\\/01\\\/um-pouco-da-historia-do-carnaval\\\/\"]}]},{\"@type\":\"ImageObject\",\"inLanguage\":\"en-US\",\"@id\":\"https:\\\/\\\/culturaeafins.com\\\/index.php\\\/2025\\\/03\\\/01\\\/um-pouco-da-historia-do-carnaval\\\/#primaryimage\",\"url\":\"https:\\\/\\\/culturaeafins.com\\\/wp-content\\\/uploads\\\/2025\\\/03\\\/4632f579-7a51-4d01-9085-76156e098dad.png\",\"contentUrl\":\"https:\\\/\\\/culturaeafins.com\\\/wp-content\\\/uploads\\\/2025\\\/03\\\/4632f579-7a51-4d01-9085-76156e098dad.png\",\"width\":626,\"height\":417},{\"@type\":\"BreadcrumbList\",\"@id\":\"https:\\\/\\\/culturaeafins.com\\\/index.php\\\/2025\\\/03\\\/01\\\/um-pouco-da-historia-do-carnaval\\\/#breadcrumb\",\"itemListElement\":[{\"@type\":\"ListItem\",\"position\":1,\"name\":\"In\u00edcio\",\"item\":\"https:\\\/\\\/culturaeafins.com\\\/\"},{\"@type\":\"ListItem\",\"position\":2,\"name\":\"Um pouco da hist\u00f3ria do Carnaval\"}]},{\"@type\":\"WebSite\",\"@id\":\"https:\\\/\\\/culturaeafins.com\\\/#website\",\"url\":\"https:\\\/\\\/culturaeafins.com\\\/\",\"name\":\"Cultura e Afins\",\"description\":\"\",\"publisher\":{\"@id\":\"https:\\\/\\\/culturaeafins.com\\\/#organization\"},\"potentialAction\":[{\"@type\":\"SearchAction\",\"target\":{\"@type\":\"EntryPoint\",\"urlTemplate\":\"https:\\\/\\\/culturaeafins.com\\\/?s={search_term_string}\"},\"query-input\":{\"@type\":\"PropertyValueSpecification\",\"valueRequired\":true,\"valueName\":\"search_term_string\"}}],\"inLanguage\":\"en-US\"},{\"@type\":\"Organization\",\"@id\":\"https:\\\/\\\/culturaeafins.com\\\/#organization\",\"name\":\"Cultura e Afins\",\"url\":\"https:\\\/\\\/culturaeafins.com\\\/\",\"logo\":{\"@type\":\"ImageObject\",\"inLanguage\":\"en-US\",\"@id\":\"https:\\\/\\\/culturaeafins.com\\\/#\\\/schema\\\/logo\\\/image\\\/\",\"url\":\"https:\\\/\\\/culturaeafins.com\\\/wp-content\\\/uploads\\\/2024\\\/01\\\/15115497096_9efb16a648_o.jpg\",\"contentUrl\":\"https:\\\/\\\/culturaeafins.com\\\/wp-content\\\/uploads\\\/2024\\\/01\\\/15115497096_9efb16a648_o.jpg\",\"width\":690,\"height\":317,\"caption\":\"Cultura e Afins\"},\"image\":{\"@id\":\"https:\\\/\\\/culturaeafins.com\\\/#\\\/schema\\\/logo\\\/image\\\/\"}},{\"@type\":\"Person\",\"@id\":\"https:\\\/\\\/culturaeafins.com\\\/#\\\/schema\\\/person\\\/5d1d5a375a3d9d2034d1a175aae85702\",\"name\":\"Culturaeafins\",\"image\":{\"@type\":\"ImageObject\",\"inLanguage\":\"en-US\",\"@id\":\"https:\\\/\\\/secure.gravatar.com\\\/avatar\\\/c7eb1bc1ef2ef58f0ff3ae1db737bdc5c931e84e43d43ccb3478db5f65bd9d0a?s=96&d=mm&r=g\",\"url\":\"https:\\\/\\\/secure.gravatar.com\\\/avatar\\\/c7eb1bc1ef2ef58f0ff3ae1db737bdc5c931e84e43d43ccb3478db5f65bd9d0a?s=96&d=mm&r=g\",\"contentUrl\":\"https:\\\/\\\/secure.gravatar.com\\\/avatar\\\/c7eb1bc1ef2ef58f0ff3ae1db737bdc5c931e84e43d43ccb3478db5f65bd9d0a?s=96&d=mm&r=g\",\"caption\":\"Culturaeafins\"},\"sameAs\":[\"https:\\\/\\\/culturaeafins.com\"],\"url\":\"https:\\\/\\\/culturaeafins.com\\\/index.php\\\/author\\\/culturaeafins\\\/\"}]}<\/script>\n<!-- \/ Yoast SEO plugin. -->","yoast_head_json":{"title":"Um pouco da hist\u00f3ria do Carnaval - Cultura e Afins","description":"a hist\u00f3ria do Carnaval \u00e9 mais antiga do que imaginamos. Dizem que esta comemora\u00e7\u00e3o surgiu por volta de 10 mil anos antes de Cristo","robots":{"index":"index","follow":"follow","max-snippet":"max-snippet:-1","max-image-preview":"max-image-preview:large","max-video-preview":"max-video-preview:-1"},"canonical":"https:\/\/culturaeafins.com\/index.php\/2025\/03\/01\/um-pouco-da-historia-do-carnaval\/","og_locale":"en_US","og_type":"article","og_title":"Um pouco da hist\u00f3ria do Carnaval - Cultura e Afins","og_description":"a hist\u00f3ria do Carnaval \u00e9 mais antiga do que imaginamos. Dizem que esta comemora\u00e7\u00e3o surgiu por volta de 10 mil anos antes de Cristo","og_url":"https:\/\/culturaeafins.com\/index.php\/2025\/03\/01\/um-pouco-da-historia-do-carnaval\/","og_site_name":"Cultura e Afins","article_published_time":"2025-03-01T14:58:40+00:00","article_modified_time":"2025-07-09T13:41:40+00:00","og_image":[{"width":626,"height":417,"url":"https:\/\/culturaeafins.com\/wp-content\/uploads\/2025\/03\/4632f579-7a51-4d01-9085-76156e098dad.png","type":"image\/png"}],"author":"Culturaeafins","twitter_card":"summary_large_image","twitter_misc":{"Written by":"Culturaeafins","Est. reading time":"5 minutes"},"schema":{"@context":"https:\/\/schema.org","@graph":[{"@type":"Article","@id":"https:\/\/culturaeafins.com\/index.php\/2025\/03\/01\/um-pouco-da-historia-do-carnaval\/#article","isPartOf":{"@id":"https:\/\/culturaeafins.com\/index.php\/2025\/03\/01\/um-pouco-da-historia-do-carnaval\/"},"author":{"name":"Culturaeafins","@id":"https:\/\/culturaeafins.com\/#\/schema\/person\/5d1d5a375a3d9d2034d1a175aae85702"},"headline":"Um pouco da hist\u00f3ria do Carnaval","datePublished":"2025-03-01T14:58:40+00:00","dateModified":"2025-07-09T13:41:40+00:00","mainEntityOfPage":{"@id":"https:\/\/culturaeafins.com\/index.php\/2025\/03\/01\/um-pouco-da-historia-do-carnaval\/"},"wordCount":893,"commentCount":0,"publisher":{"@id":"https:\/\/culturaeafins.com\/#organization"},"image":{"@id":"https:\/\/culturaeafins.com\/index.php\/2025\/03\/01\/um-pouco-da-historia-do-carnaval\/#primaryimage"},"thumbnailUrl":"https:\/\/culturaeafins.com\/wp-content\/uploads\/2025\/03\/4632f579-7a51-4d01-9085-76156e098dad.png","articleSection":["Blog"],"inLanguage":"en-US","potentialAction":[{"@type":"CommentAction","name":"Comment","target":["https:\/\/culturaeafins.com\/index.php\/2025\/03\/01\/um-pouco-da-historia-do-carnaval\/#respond"]}]},{"@type":"WebPage","@id":"https:\/\/culturaeafins.com\/index.php\/2025\/03\/01\/um-pouco-da-historia-do-carnaval\/","url":"https:\/\/culturaeafins.com\/index.php\/2025\/03\/01\/um-pouco-da-historia-do-carnaval\/","name":"Um pouco da hist\u00f3ria do Carnaval - Cultura e Afins","isPartOf":{"@id":"https:\/\/culturaeafins.com\/#website"},"primaryImageOfPage":{"@id":"https:\/\/culturaeafins.com\/index.php\/2025\/03\/01\/um-pouco-da-historia-do-carnaval\/#primaryimage"},"image":{"@id":"https:\/\/culturaeafins.com\/index.php\/2025\/03\/01\/um-pouco-da-historia-do-carnaval\/#primaryimage"},"thumbnailUrl":"https:\/\/culturaeafins.com\/wp-content\/uploads\/2025\/03\/4632f579-7a51-4d01-9085-76156e098dad.png","datePublished":"2025-03-01T14:58:40+00:00","dateModified":"2025-07-09T13:41:40+00:00","description":"a hist\u00f3ria do Carnaval \u00e9 mais antiga do que imaginamos. Dizem que esta comemora\u00e7\u00e3o surgiu por volta de 10 mil anos antes de Cristo","breadcrumb":{"@id":"https:\/\/culturaeafins.com\/index.php\/2025\/03\/01\/um-pouco-da-historia-do-carnaval\/#breadcrumb"},"inLanguage":"en-US","potentialAction":[{"@type":"ReadAction","target":["https:\/\/culturaeafins.com\/index.php\/2025\/03\/01\/um-pouco-da-historia-do-carnaval\/"]}]},{"@type":"ImageObject","inLanguage":"en-US","@id":"https:\/\/culturaeafins.com\/index.php\/2025\/03\/01\/um-pouco-da-historia-do-carnaval\/#primaryimage","url":"https:\/\/culturaeafins.com\/wp-content\/uploads\/2025\/03\/4632f579-7a51-4d01-9085-76156e098dad.png","contentUrl":"https:\/\/culturaeafins.com\/wp-content\/uploads\/2025\/03\/4632f579-7a51-4d01-9085-76156e098dad.png","width":626,"height":417},{"@type":"BreadcrumbList","@id":"https:\/\/culturaeafins.com\/index.php\/2025\/03\/01\/um-pouco-da-historia-do-carnaval\/#breadcrumb","itemListElement":[{"@type":"ListItem","position":1,"name":"In\u00edcio","item":"https:\/\/culturaeafins.com\/"},{"@type":"ListItem","position":2,"name":"Um pouco da hist\u00f3ria do Carnaval"}]},{"@type":"WebSite","@id":"https:\/\/culturaeafins.com\/#website","url":"https:\/\/culturaeafins.com\/","name":"Cultura e Afins","description":"","publisher":{"@id":"https:\/\/culturaeafins.com\/#organization"},"potentialAction":[{"@type":"SearchAction","target":{"@type":"EntryPoint","urlTemplate":"https:\/\/culturaeafins.com\/?s={search_term_string}"},"query-input":{"@type":"PropertyValueSpecification","valueRequired":true,"valueName":"search_term_string"}}],"inLanguage":"en-US"},{"@type":"Organization","@id":"https:\/\/culturaeafins.com\/#organization","name":"Cultura e Afins","url":"https:\/\/culturaeafins.com\/","logo":{"@type":"ImageObject","inLanguage":"en-US","@id":"https:\/\/culturaeafins.com\/#\/schema\/logo\/image\/","url":"https:\/\/culturaeafins.com\/wp-content\/uploads\/2024\/01\/15115497096_9efb16a648_o.jpg","contentUrl":"https:\/\/culturaeafins.com\/wp-content\/uploads\/2024\/01\/15115497096_9efb16a648_o.jpg","width":690,"height":317,"caption":"Cultura e Afins"},"image":{"@id":"https:\/\/culturaeafins.com\/#\/schema\/logo\/image\/"}},{"@type":"Person","@id":"https:\/\/culturaeafins.com\/#\/schema\/person\/5d1d5a375a3d9d2034d1a175aae85702","name":"Culturaeafins","image":{"@type":"ImageObject","inLanguage":"en-US","@id":"https:\/\/secure.gravatar.com\/avatar\/c7eb1bc1ef2ef58f0ff3ae1db737bdc5c931e84e43d43ccb3478db5f65bd9d0a?s=96&d=mm&r=g","url":"https:\/\/secure.gravatar.com\/avatar\/c7eb1bc1ef2ef58f0ff3ae1db737bdc5c931e84e43d43ccb3478db5f65bd9d0a?s=96&d=mm&r=g","contentUrl":"https:\/\/secure.gravatar.com\/avatar\/c7eb1bc1ef2ef58f0ff3ae1db737bdc5c931e84e43d43ccb3478db5f65bd9d0a?s=96&d=mm&r=g","caption":"Culturaeafins"},"sameAs":["https:\/\/culturaeafins.com"],"url":"https:\/\/culturaeafins.com\/index.php\/author\/culturaeafins\/"}]}},"_links":{"self":[{"href":"https:\/\/culturaeafins.com\/index.php\/wp-json\/wp\/v2\/posts\/276","targetHints":{"allow":["GET"]}}],"collection":[{"href":"https:\/\/culturaeafins.com\/index.php\/wp-json\/wp\/v2\/posts"}],"about":[{"href":"https:\/\/culturaeafins.com\/index.php\/wp-json\/wp\/v2\/types\/post"}],"author":[{"embeddable":true,"href":"https:\/\/culturaeafins.com\/index.php\/wp-json\/wp\/v2\/users\/1"}],"replies":[{"embeddable":true,"href":"https:\/\/culturaeafins.com\/index.php\/wp-json\/wp\/v2\/comments?post=276"}],"version-history":[{"count":6,"href":"https:\/\/culturaeafins.com\/index.php\/wp-json\/wp\/v2\/posts\/276\/revisions"}],"predecessor-version":[{"id":346,"href":"https:\/\/culturaeafins.com\/index.php\/wp-json\/wp\/v2\/posts\/276\/revisions\/346"}],"wp:featuredmedia":[{"embeddable":true,"href":"https:\/\/culturaeafins.com\/index.php\/wp-json\/wp\/v2\/media\/278"}],"wp:attachment":[{"href":"https:\/\/culturaeafins.com\/index.php\/wp-json\/wp\/v2\/media?parent=276"}],"wp:term":[{"taxonomy":"category","embeddable":true,"href":"https:\/\/culturaeafins.com\/index.php\/wp-json\/wp\/v2\/categories?post=276"},{"taxonomy":"post_tag","embeddable":true,"href":"https:\/\/culturaeafins.com\/index.php\/wp-json\/wp\/v2\/tags?post=276"}],"curies":[{"name":"wp","href":"https:\/\/api.w.org\/{rel}","templated":true}]}}