{"id":270,"date":"2025-02-01T17:56:51","date_gmt":"2025-02-01T20:56:51","guid":{"rendered":"https:\/\/culturaeafins.com\/?p=270"},"modified":"2025-07-09T10:41:24","modified_gmt":"2025-07-09T13:41:24","slug":"comunicacao-nao-violenta","status":"publish","type":"post","link":"https:\/\/culturaeafins.com\/index.php\/2025\/02\/01\/comunicacao-nao-violenta\/","title":{"rendered":"Comunica\u00e7\u00e3o n\u00e3o-violenta \u2013 habilidade de se comunicar de forma assertiva"},"content":{"rendered":"<p>Comunica\u00e7\u00e3o n\u00e3o-violenta \u00e9 uma habilidade de se comunicar de forma assertiva, ou seja, olhar para a situa\u00e7\u00e3o e para o seu pr\u00f3ximo com compaix\u00e3o, respeito, aten\u00e7\u00e3o e empatia.<\/p>\n<p>Como disse Mohandas Karamchand Gandhi \u201cNos tornemos a mudan\u00e7a que desejamos ver acontecer no mundo\u201d. O que ele estava dizendo ao mundo \u00e9 simplesmente sobre a nossa responsabilidade para com o seu semelhante; de estarmos cientes dos nossos deveres dentro de uma sociedade e cumpri-los antes de pensarmos em nossos direitos.<\/p>\n<p>No livro \u201cComunica\u00e7\u00e3o N\u00e3o-Violenta\u201d (CNV), de Marshall B. Rosenberg, explica as t\u00e9cnicas desenvolvidas por ele que se baseiam na empatia e na compreens\u00e3o m\u00fatua. Essa abordagem busca promover conex\u00f5es mais aut\u00eanticas e respeitosas entre as pessoas, evitando julgamentos e agress\u00f5es verbais.<\/p>\n<p>\u00c9 fundamental que desenvolvamos essa habilidade uma vez que todas as nossas rela\u00e7\u00f5es se d\u00e3o atrav\u00e9s da comunica\u00e7\u00e3o e, portanto, far\u00e1 toda a diferen\u00e7a nas nossas rela\u00e7\u00f5es.<\/p>\n<p>Marshall explica que devemos nos expressar de forma honesta pelos quatro elementos da comunica\u00e7\u00e3o n\u00e3o-violenta e receber com empatia com os quatro elementos tamb\u00e9m. Veja a seguir quais s\u00e3o.<\/p>\n<h2><strong>Os Quatro Componentes da CNV<\/strong><\/h2>\n<p>Quais s\u00e3o os quatro componentes principais da CNV: 1. Observa\u00e7\u00e3o; 2. sentimento; 3. necessidades; 4. pedido.<\/p>\n<ol>\n<li>Observa\u00e7\u00e3o: Descrever uma situa\u00e7\u00e3o sem fazer julgamento. Observar o que os outros est\u00e3o dizendo ou fazendo sem nenhum tipo de avalia\u00e7\u00e3o.<\/li>\n<li>Sentimento: Ap\u00f3s a observa\u00e7\u00e3o, identificar sentimentos gerados ao contemplar aquela situa\u00e7\u00e3o. Exemplo: Como eu me sinto em rela\u00e7\u00e3o a essa situa\u00e7\u00e3o.<\/li>\n<li>Necessidades: Reconhecer as pr\u00f3prias necessidades que levam aos sentimentos identificados. Exemplo: A necessidade \u00e9 minha e por isso gerou um sentimento. Ent\u00e3o n\u00e3o devemos culpar o outro por nos sentirmos assim.<\/li>\n<li>Pedido: Fazer o pedido claramente do que espera ou gostaria.<\/li>\n<\/ol>\n<p>O livro cita um exemplo bem comum de uma m\u00e3e que expressa os quatro componentes de forma clara e objetiva, dizendo ao filho que quando ela v\u00ea duas bolas de meias sujas embaixo da mesinha, e outras perto da tv, fica irritada porque precisa de mais ordem e pede que coloque as meias na lavadora.<\/p>\n<h3><strong>O processo da CNV<\/strong><\/h3>\n<p>Normalmente, as pessoas, em suas rela\u00e7\u00f5es com os demais, se comunicam de forma que o outro \u00e9 que deve entender o que queremos.<\/p>\n<p>J\u00e1 nesse processo da CNV, o objetivo \u00e9 despertar compaix\u00e3o entre as pessoas. Em que cada um pode compreender mais o outro.<\/p>\n<p>Assim, devemos nos expressar honestamente por meio desses quatro elementos e receber com empatia com esses quatro elementos.<\/p>\n<p>Os benef\u00edcios dessa abordagem \u00e9 nos comunicarmos de maneira eficaz na resolu\u00e7\u00e3o de conflitos em diversas situa\u00e7\u00f5es como nas rela\u00e7\u00f5es \u00edntimas, na fam\u00edlia, na escola, no trabalho etc.<\/p>\n<h4>Um olhar filos\u00f3fico na arte de se comunicar<\/h4>\n<p>Segundo Ana Beatriz Pignataro, n\u00e3o s\u00f3 para evitar conflitos a comunica\u00e7\u00e3o n\u00e3o-violenta serve, mas tamb\u00e9m para caminharmos em dire\u00e7\u00e3o \u00e0 evolu\u00e7\u00e3o pessoal. Pois quanto mais nos capacitamos em compreender as pessoas e seus pontos de vista, maior a nossa sabedoria em lidar com elas e com as situa\u00e7\u00f5es cotidianas.<\/p>\n<p>A nossa vis\u00e3o da vida se aprofunda conforme n\u00f3s compreendemos as opini\u00f5es dos outros. Levando em considera\u00e7\u00e3o a experi\u00eancia de cada ser humano \u00e9 rica e importante dentro das diferen\u00e7as que temos um do outro.<\/p>\n<p>Quando recebemos com empatia as ideias alheias, tiramos grandes li\u00e7\u00f5es disso. Por esse motivo a conviv\u00eancia com os demais \u00e9 essencial para termos acesso a esses conhecimentos que do contr\u00e1rio n\u00e3o ter\u00edamos. S\u00f3 assim conseguiremos ampliar a nossa vis\u00e3o da realidade.<\/p>\n<h4>A comunica\u00e7\u00e3o que bloqueia a compaix\u00e3o<\/h4>\n<p>Marshall aponta algumas formas espec\u00edficas de linguagem, que ele chama de comunica\u00e7\u00e3o alienante, que nos aproximam do comportamento violento em rela\u00e7\u00e3o a outra pessoa.<\/p>\n<p><strong>Julgamentos moralizadores<\/strong><\/p>\n<p>Quando julgamos, rotulamos, criticamos os demais, tendo como preocupa\u00e7\u00e3o maior o erro que o outro pode ter cometido.<\/p>\n<p>Essa forma de agir s\u00e3o express\u00f5es da nossa pr\u00f3pria necessidade que o outro n\u00e3o satisfez, ent\u00e3o e partimos para a agress\u00e3o.<\/p>\n<p><strong>Compara\u00e7\u00f5es<\/strong><\/p>\n<p>Quando comparamos as pessoas, cometemos o erro de avaliarmos o outro sob o nosso ponto de vista ilus\u00f3rio; porque enxergarmos do aspecto de onde ele est\u00e1 inserido e n\u00e3o dele pr\u00f3prio. Portanto toda compara\u00e7\u00e3o impede de conhecermos as pessoas como elas s\u00e3o.<\/p>\n<p><strong>Nega\u00e7\u00e3o das responsabilidades<\/strong><\/p>\n<p>Cada ser humano \u00e9 respons\u00e1vel pelos seus pr\u00f3prios sentimentos, portanto devemos aprender a control\u00e1-los. \u00c9 importante tamb\u00e9m sabermos olhar uma situa\u00e7\u00e3o de maneira que n\u00e3o nos sintamos mal.<\/p>\n<p>O que ir\u00e1 determinar o que iremos viver e sentir \u00e9 a escolha de como vamos olhar para uma situa\u00e7\u00e3o.<\/p>\n<p>Devemos entender que a felicidade de cada um s\u00f3 depende dele mesmo e n\u00e3o dos outros e das circunst\u00e2ncias.<\/p>\n<p>O ser humano deve entender essa maneira de pensar para uma comunica\u00e7\u00e3o eficaz com os demais. Pois somos respons\u00e1veis pelo que sentimos, por como eu penso e atuo. Em vez de responsabilizar e culpar o outro, procuramos um \u00e2ngulo de vis\u00e3o mais adequado a cada experi\u00eancia.<\/p>\n<p>Dessa forma, enfraquecemos a raiz da nossa viol\u00eancia com as pessoas.<\/p>\n<p><a href=\"http:\/\/Feng Shui - Como podemos nos beneficiar com essa ferramenta de autoconhecimento\">Feng Shui &#8211; Como podemos nos beneficiar com essa ferramenta de autoconhecimento<\/a><\/p>\n","protected":false},"excerpt":{"rendered":"<p>Comunica\u00e7\u00e3o n\u00e3o-violenta \u00e9 uma habilidade de se comunicar de forma assertiva, ou seja, olhar para a situa\u00e7\u00e3o e para o seu pr\u00f3ximo com compaix\u00e3o, respeito, aten\u00e7\u00e3o e empatia.<br \/>\nComo disse Mohandas &#8230;<\/p>\n","protected":false},"author":1,"featured_media":272,"comment_status":"open","ping_status":"open","sticky":false,"template":"","format":"standard","meta":{"footnotes":""},"categories":[1,3],"tags":[],"class_list":["post-270","post","type-post","status-publish","format-standard","has-post-thumbnail","hentry","category-blog","category-livros"],"yoast_head":"<!-- This site is optimized with the Yoast SEO plugin v27.5 - https:\/\/yoast.com\/product\/yoast-seo-wordpress\/ -->\n<title>Comunica\u00e7\u00e3o n\u00e3o-violenta \u2013 habilidade de se comunicar de forma assertiva - Cultura e Afins<\/title>\n<meta name=\"description\" content=\"Comunica\u00e7\u00e3o n\u00e3o-violenta \u00e9 uma habilidade de se comunicar de forma assertiva, ou seja, olhar para a situa\u00e7\u00e3o e para o seu pr\u00f3ximo\" \/>\n<meta name=\"robots\" content=\"index, follow, max-snippet:-1, max-image-preview:large, max-video-preview:-1\" \/>\n<link rel=\"canonical\" href=\"https:\/\/culturaeafins.com\/index.php\/2025\/02\/01\/comunicacao-nao-violenta\/\" \/>\n<meta property=\"og:locale\" content=\"en_US\" \/>\n<meta property=\"og:type\" content=\"article\" \/>\n<meta property=\"og:title\" content=\"Comunica\u00e7\u00e3o n\u00e3o-violenta \u2013 habilidade de se comunicar de forma assertiva - Cultura e Afins\" \/>\n<meta property=\"og:description\" content=\"Comunica\u00e7\u00e3o n\u00e3o-violenta \u00e9 uma habilidade de se comunicar de forma assertiva, ou seja, olhar para a situa\u00e7\u00e3o e para o seu pr\u00f3ximo\" \/>\n<meta property=\"og:url\" content=\"https:\/\/culturaeafins.com\/index.php\/2025\/02\/01\/comunicacao-nao-violenta\/\" \/>\n<meta property=\"og:site_name\" content=\"Cultura e Afins\" \/>\n<meta property=\"article:published_time\" content=\"2025-02-01T20:56:51+00:00\" \/>\n<meta property=\"article:modified_time\" content=\"2025-07-09T13:41:24+00:00\" \/>\n<meta property=\"og:image\" content=\"https:\/\/culturaeafins.com\/wp-content\/uploads\/2025\/02\/img_3e00e09378661876fe818c5dc1626592246753.jpg\" \/>\n\t<meta property=\"og:image:width\" content=\"650\" \/>\n\t<meta property=\"og:image:height\" content=\"341\" \/>\n\t<meta property=\"og:image:type\" content=\"image\/jpeg\" \/>\n<meta name=\"author\" content=\"Culturaeafins\" \/>\n<meta name=\"twitter:card\" content=\"summary_large_image\" \/>\n<meta name=\"twitter:label1\" content=\"Written by\" \/>\n\t<meta name=\"twitter:data1\" content=\"Culturaeafins\" \/>\n\t<meta name=\"twitter:label2\" content=\"Est. reading time\" \/>\n\t<meta name=\"twitter:data2\" content=\"5 minutes\" \/>\n<script type=\"application\/ld+json\" class=\"yoast-schema-graph\">{\"@context\":\"https:\\\/\\\/schema.org\",\"@graph\":[{\"@type\":\"Article\",\"@id\":\"https:\\\/\\\/culturaeafins.com\\\/index.php\\\/2025\\\/02\\\/01\\\/comunicacao-nao-violenta\\\/#article\",\"isPartOf\":{\"@id\":\"https:\\\/\\\/culturaeafins.com\\\/index.php\\\/2025\\\/02\\\/01\\\/comunicacao-nao-violenta\\\/\"},\"author\":{\"name\":\"Culturaeafins\",\"@id\":\"https:\\\/\\\/culturaeafins.com\\\/#\\\/schema\\\/person\\\/5d1d5a375a3d9d2034d1a175aae85702\"},\"headline\":\"Comunica\u00e7\u00e3o n\u00e3o-violenta \u2013 habilidade de se comunicar de forma assertiva\",\"datePublished\":\"2025-02-01T20:56:51+00:00\",\"dateModified\":\"2025-07-09T13:41:24+00:00\",\"mainEntityOfPage\":{\"@id\":\"https:\\\/\\\/culturaeafins.com\\\/index.php\\\/2025\\\/02\\\/01\\\/comunicacao-nao-violenta\\\/\"},\"wordCount\":910,\"commentCount\":2,\"publisher\":{\"@id\":\"https:\\\/\\\/culturaeafins.com\\\/#organization\"},\"image\":{\"@id\":\"https:\\\/\\\/culturaeafins.com\\\/index.php\\\/2025\\\/02\\\/01\\\/comunicacao-nao-violenta\\\/#primaryimage\"},\"thumbnailUrl\":\"https:\\\/\\\/culturaeafins.com\\\/wp-content\\\/uploads\\\/2025\\\/02\\\/img_3e00e09378661876fe818c5dc1626592246753.jpg\",\"articleSection\":[\"Blog\",\"Livros\"],\"inLanguage\":\"en-US\",\"potentialAction\":[{\"@type\":\"CommentAction\",\"name\":\"Comment\",\"target\":[\"https:\\\/\\\/culturaeafins.com\\\/index.php\\\/2025\\\/02\\\/01\\\/comunicacao-nao-violenta\\\/#respond\"]}]},{\"@type\":\"WebPage\",\"@id\":\"https:\\\/\\\/culturaeafins.com\\\/index.php\\\/2025\\\/02\\\/01\\\/comunicacao-nao-violenta\\\/\",\"url\":\"https:\\\/\\\/culturaeafins.com\\\/index.php\\\/2025\\\/02\\\/01\\\/comunicacao-nao-violenta\\\/\",\"name\":\"Comunica\u00e7\u00e3o n\u00e3o-violenta \u2013 habilidade de se comunicar de forma assertiva - Cultura e Afins\",\"isPartOf\":{\"@id\":\"https:\\\/\\\/culturaeafins.com\\\/#website\"},\"primaryImageOfPage\":{\"@id\":\"https:\\\/\\\/culturaeafins.com\\\/index.php\\\/2025\\\/02\\\/01\\\/comunicacao-nao-violenta\\\/#primaryimage\"},\"image\":{\"@id\":\"https:\\\/\\\/culturaeafins.com\\\/index.php\\\/2025\\\/02\\\/01\\\/comunicacao-nao-violenta\\\/#primaryimage\"},\"thumbnailUrl\":\"https:\\\/\\\/culturaeafins.com\\\/wp-content\\\/uploads\\\/2025\\\/02\\\/img_3e00e09378661876fe818c5dc1626592246753.jpg\",\"datePublished\":\"2025-02-01T20:56:51+00:00\",\"dateModified\":\"2025-07-09T13:41:24+00:00\",\"description\":\"Comunica\u00e7\u00e3o n\u00e3o-violenta \u00e9 uma habilidade de se comunicar de forma assertiva, ou seja, olhar para a situa\u00e7\u00e3o e para o seu pr\u00f3ximo\",\"breadcrumb\":{\"@id\":\"https:\\\/\\\/culturaeafins.com\\\/index.php\\\/2025\\\/02\\\/01\\\/comunicacao-nao-violenta\\\/#breadcrumb\"},\"inLanguage\":\"en-US\",\"potentialAction\":[{\"@type\":\"ReadAction\",\"target\":[\"https:\\\/\\\/culturaeafins.com\\\/index.php\\\/2025\\\/02\\\/01\\\/comunicacao-nao-violenta\\\/\"]}]},{\"@type\":\"ImageObject\",\"inLanguage\":\"en-US\",\"@id\":\"https:\\\/\\\/culturaeafins.com\\\/index.php\\\/2025\\\/02\\\/01\\\/comunicacao-nao-violenta\\\/#primaryimage\",\"url\":\"https:\\\/\\\/culturaeafins.com\\\/wp-content\\\/uploads\\\/2025\\\/02\\\/img_3e00e09378661876fe818c5dc1626592246753.jpg\",\"contentUrl\":\"https:\\\/\\\/culturaeafins.com\\\/wp-content\\\/uploads\\\/2025\\\/02\\\/img_3e00e09378661876fe818c5dc1626592246753.jpg\",\"width\":650,\"height\":341},{\"@type\":\"BreadcrumbList\",\"@id\":\"https:\\\/\\\/culturaeafins.com\\\/index.php\\\/2025\\\/02\\\/01\\\/comunicacao-nao-violenta\\\/#breadcrumb\",\"itemListElement\":[{\"@type\":\"ListItem\",\"position\":1,\"name\":\"In\u00edcio\",\"item\":\"https:\\\/\\\/culturaeafins.com\\\/\"},{\"@type\":\"ListItem\",\"position\":2,\"name\":\"Comunica\u00e7\u00e3o n\u00e3o-violenta \u2013 habilidade de se comunicar de forma assertiva\"}]},{\"@type\":\"WebSite\",\"@id\":\"https:\\\/\\\/culturaeafins.com\\\/#website\",\"url\":\"https:\\\/\\\/culturaeafins.com\\\/\",\"name\":\"Cultura e Afins\",\"description\":\"\",\"publisher\":{\"@id\":\"https:\\\/\\\/culturaeafins.com\\\/#organization\"},\"potentialAction\":[{\"@type\":\"SearchAction\",\"target\":{\"@type\":\"EntryPoint\",\"urlTemplate\":\"https:\\\/\\\/culturaeafins.com\\\/?s={search_term_string}\"},\"query-input\":{\"@type\":\"PropertyValueSpecification\",\"valueRequired\":true,\"valueName\":\"search_term_string\"}}],\"inLanguage\":\"en-US\"},{\"@type\":\"Organization\",\"@id\":\"https:\\\/\\\/culturaeafins.com\\\/#organization\",\"name\":\"Cultura e Afins\",\"url\":\"https:\\\/\\\/culturaeafins.com\\\/\",\"logo\":{\"@type\":\"ImageObject\",\"inLanguage\":\"en-US\",\"@id\":\"https:\\\/\\\/culturaeafins.com\\\/#\\\/schema\\\/logo\\\/image\\\/\",\"url\":\"https:\\\/\\\/culturaeafins.com\\\/wp-content\\\/uploads\\\/2024\\\/01\\\/15115497096_9efb16a648_o.jpg\",\"contentUrl\":\"https:\\\/\\\/culturaeafins.com\\\/wp-content\\\/uploads\\\/2024\\\/01\\\/15115497096_9efb16a648_o.jpg\",\"width\":690,\"height\":317,\"caption\":\"Cultura e Afins\"},\"image\":{\"@id\":\"https:\\\/\\\/culturaeafins.com\\\/#\\\/schema\\\/logo\\\/image\\\/\"}},{\"@type\":\"Person\",\"@id\":\"https:\\\/\\\/culturaeafins.com\\\/#\\\/schema\\\/person\\\/5d1d5a375a3d9d2034d1a175aae85702\",\"name\":\"Culturaeafins\",\"image\":{\"@type\":\"ImageObject\",\"inLanguage\":\"en-US\",\"@id\":\"https:\\\/\\\/secure.gravatar.com\\\/avatar\\\/c7eb1bc1ef2ef58f0ff3ae1db737bdc5c931e84e43d43ccb3478db5f65bd9d0a?s=96&d=mm&r=g\",\"url\":\"https:\\\/\\\/secure.gravatar.com\\\/avatar\\\/c7eb1bc1ef2ef58f0ff3ae1db737bdc5c931e84e43d43ccb3478db5f65bd9d0a?s=96&d=mm&r=g\",\"contentUrl\":\"https:\\\/\\\/secure.gravatar.com\\\/avatar\\\/c7eb1bc1ef2ef58f0ff3ae1db737bdc5c931e84e43d43ccb3478db5f65bd9d0a?s=96&d=mm&r=g\",\"caption\":\"Culturaeafins\"},\"sameAs\":[\"https:\\\/\\\/culturaeafins.com\"],\"url\":\"https:\\\/\\\/culturaeafins.com\\\/index.php\\\/author\\\/culturaeafins\\\/\"}]}<\/script>\n<!-- \/ Yoast SEO plugin. -->","yoast_head_json":{"title":"Comunica\u00e7\u00e3o n\u00e3o-violenta \u2013 habilidade de se comunicar de forma assertiva - Cultura e Afins","description":"Comunica\u00e7\u00e3o n\u00e3o-violenta \u00e9 uma habilidade de se comunicar de forma assertiva, ou seja, olhar para a situa\u00e7\u00e3o e para o seu pr\u00f3ximo","robots":{"index":"index","follow":"follow","max-snippet":"max-snippet:-1","max-image-preview":"max-image-preview:large","max-video-preview":"max-video-preview:-1"},"canonical":"https:\/\/culturaeafins.com\/index.php\/2025\/02\/01\/comunicacao-nao-violenta\/","og_locale":"en_US","og_type":"article","og_title":"Comunica\u00e7\u00e3o n\u00e3o-violenta \u2013 habilidade de se comunicar de forma assertiva - Cultura e Afins","og_description":"Comunica\u00e7\u00e3o n\u00e3o-violenta \u00e9 uma habilidade de se comunicar de forma assertiva, ou seja, olhar para a situa\u00e7\u00e3o e para o seu pr\u00f3ximo","og_url":"https:\/\/culturaeafins.com\/index.php\/2025\/02\/01\/comunicacao-nao-violenta\/","og_site_name":"Cultura e Afins","article_published_time":"2025-02-01T20:56:51+00:00","article_modified_time":"2025-07-09T13:41:24+00:00","og_image":[{"width":650,"height":341,"url":"https:\/\/culturaeafins.com\/wp-content\/uploads\/2025\/02\/img_3e00e09378661876fe818c5dc1626592246753.jpg","type":"image\/jpeg"}],"author":"Culturaeafins","twitter_card":"summary_large_image","twitter_misc":{"Written by":"Culturaeafins","Est. reading time":"5 minutes"},"schema":{"@context":"https:\/\/schema.org","@graph":[{"@type":"Article","@id":"https:\/\/culturaeafins.com\/index.php\/2025\/02\/01\/comunicacao-nao-violenta\/#article","isPartOf":{"@id":"https:\/\/culturaeafins.com\/index.php\/2025\/02\/01\/comunicacao-nao-violenta\/"},"author":{"name":"Culturaeafins","@id":"https:\/\/culturaeafins.com\/#\/schema\/person\/5d1d5a375a3d9d2034d1a175aae85702"},"headline":"Comunica\u00e7\u00e3o n\u00e3o-violenta \u2013 habilidade de se comunicar de forma assertiva","datePublished":"2025-02-01T20:56:51+00:00","dateModified":"2025-07-09T13:41:24+00:00","mainEntityOfPage":{"@id":"https:\/\/culturaeafins.com\/index.php\/2025\/02\/01\/comunicacao-nao-violenta\/"},"wordCount":910,"commentCount":2,"publisher":{"@id":"https:\/\/culturaeafins.com\/#organization"},"image":{"@id":"https:\/\/culturaeafins.com\/index.php\/2025\/02\/01\/comunicacao-nao-violenta\/#primaryimage"},"thumbnailUrl":"https:\/\/culturaeafins.com\/wp-content\/uploads\/2025\/02\/img_3e00e09378661876fe818c5dc1626592246753.jpg","articleSection":["Blog","Livros"],"inLanguage":"en-US","potentialAction":[{"@type":"CommentAction","name":"Comment","target":["https:\/\/culturaeafins.com\/index.php\/2025\/02\/01\/comunicacao-nao-violenta\/#respond"]}]},{"@type":"WebPage","@id":"https:\/\/culturaeafins.com\/index.php\/2025\/02\/01\/comunicacao-nao-violenta\/","url":"https:\/\/culturaeafins.com\/index.php\/2025\/02\/01\/comunicacao-nao-violenta\/","name":"Comunica\u00e7\u00e3o n\u00e3o-violenta \u2013 habilidade de se comunicar de forma assertiva - Cultura e Afins","isPartOf":{"@id":"https:\/\/culturaeafins.com\/#website"},"primaryImageOfPage":{"@id":"https:\/\/culturaeafins.com\/index.php\/2025\/02\/01\/comunicacao-nao-violenta\/#primaryimage"},"image":{"@id":"https:\/\/culturaeafins.com\/index.php\/2025\/02\/01\/comunicacao-nao-violenta\/#primaryimage"},"thumbnailUrl":"https:\/\/culturaeafins.com\/wp-content\/uploads\/2025\/02\/img_3e00e09378661876fe818c5dc1626592246753.jpg","datePublished":"2025-02-01T20:56:51+00:00","dateModified":"2025-07-09T13:41:24+00:00","description":"Comunica\u00e7\u00e3o n\u00e3o-violenta \u00e9 uma habilidade de se comunicar de forma assertiva, ou seja, olhar para a situa\u00e7\u00e3o e para o seu pr\u00f3ximo","breadcrumb":{"@id":"https:\/\/culturaeafins.com\/index.php\/2025\/02\/01\/comunicacao-nao-violenta\/#breadcrumb"},"inLanguage":"en-US","potentialAction":[{"@type":"ReadAction","target":["https:\/\/culturaeafins.com\/index.php\/2025\/02\/01\/comunicacao-nao-violenta\/"]}]},{"@type":"ImageObject","inLanguage":"en-US","@id":"https:\/\/culturaeafins.com\/index.php\/2025\/02\/01\/comunicacao-nao-violenta\/#primaryimage","url":"https:\/\/culturaeafins.com\/wp-content\/uploads\/2025\/02\/img_3e00e09378661876fe818c5dc1626592246753.jpg","contentUrl":"https:\/\/culturaeafins.com\/wp-content\/uploads\/2025\/02\/img_3e00e09378661876fe818c5dc1626592246753.jpg","width":650,"height":341},{"@type":"BreadcrumbList","@id":"https:\/\/culturaeafins.com\/index.php\/2025\/02\/01\/comunicacao-nao-violenta\/#breadcrumb","itemListElement":[{"@type":"ListItem","position":1,"name":"In\u00edcio","item":"https:\/\/culturaeafins.com\/"},{"@type":"ListItem","position":2,"name":"Comunica\u00e7\u00e3o n\u00e3o-violenta \u2013 habilidade de se comunicar de forma assertiva"}]},{"@type":"WebSite","@id":"https:\/\/culturaeafins.com\/#website","url":"https:\/\/culturaeafins.com\/","name":"Cultura e Afins","description":"","publisher":{"@id":"https:\/\/culturaeafins.com\/#organization"},"potentialAction":[{"@type":"SearchAction","target":{"@type":"EntryPoint","urlTemplate":"https:\/\/culturaeafins.com\/?s={search_term_string}"},"query-input":{"@type":"PropertyValueSpecification","valueRequired":true,"valueName":"search_term_string"}}],"inLanguage":"en-US"},{"@type":"Organization","@id":"https:\/\/culturaeafins.com\/#organization","name":"Cultura e Afins","url":"https:\/\/culturaeafins.com\/","logo":{"@type":"ImageObject","inLanguage":"en-US","@id":"https:\/\/culturaeafins.com\/#\/schema\/logo\/image\/","url":"https:\/\/culturaeafins.com\/wp-content\/uploads\/2024\/01\/15115497096_9efb16a648_o.jpg","contentUrl":"https:\/\/culturaeafins.com\/wp-content\/uploads\/2024\/01\/15115497096_9efb16a648_o.jpg","width":690,"height":317,"caption":"Cultura e Afins"},"image":{"@id":"https:\/\/culturaeafins.com\/#\/schema\/logo\/image\/"}},{"@type":"Person","@id":"https:\/\/culturaeafins.com\/#\/schema\/person\/5d1d5a375a3d9d2034d1a175aae85702","name":"Culturaeafins","image":{"@type":"ImageObject","inLanguage":"en-US","@id":"https:\/\/secure.gravatar.com\/avatar\/c7eb1bc1ef2ef58f0ff3ae1db737bdc5c931e84e43d43ccb3478db5f65bd9d0a?s=96&d=mm&r=g","url":"https:\/\/secure.gravatar.com\/avatar\/c7eb1bc1ef2ef58f0ff3ae1db737bdc5c931e84e43d43ccb3478db5f65bd9d0a?s=96&d=mm&r=g","contentUrl":"https:\/\/secure.gravatar.com\/avatar\/c7eb1bc1ef2ef58f0ff3ae1db737bdc5c931e84e43d43ccb3478db5f65bd9d0a?s=96&d=mm&r=g","caption":"Culturaeafins"},"sameAs":["https:\/\/culturaeafins.com"],"url":"https:\/\/culturaeafins.com\/index.php\/author\/culturaeafins\/"}]}},"_links":{"self":[{"href":"https:\/\/culturaeafins.com\/index.php\/wp-json\/wp\/v2\/posts\/270","targetHints":{"allow":["GET"]}}],"collection":[{"href":"https:\/\/culturaeafins.com\/index.php\/wp-json\/wp\/v2\/posts"}],"about":[{"href":"https:\/\/culturaeafins.com\/index.php\/wp-json\/wp\/v2\/types\/post"}],"author":[{"embeddable":true,"href":"https:\/\/culturaeafins.com\/index.php\/wp-json\/wp\/v2\/users\/1"}],"replies":[{"embeddable":true,"href":"https:\/\/culturaeafins.com\/index.php\/wp-json\/wp\/v2\/comments?post=270"}],"version-history":[{"count":5,"href":"https:\/\/culturaeafins.com\/index.php\/wp-json\/wp\/v2\/posts\/270\/revisions"}],"predecessor-version":[{"id":345,"href":"https:\/\/culturaeafins.com\/index.php\/wp-json\/wp\/v2\/posts\/270\/revisions\/345"}],"wp:featuredmedia":[{"embeddable":true,"href":"https:\/\/culturaeafins.com\/index.php\/wp-json\/wp\/v2\/media\/272"}],"wp:attachment":[{"href":"https:\/\/culturaeafins.com\/index.php\/wp-json\/wp\/v2\/media?parent=270"}],"wp:term":[{"taxonomy":"category","embeddable":true,"href":"https:\/\/culturaeafins.com\/index.php\/wp-json\/wp\/v2\/categories?post=270"},{"taxonomy":"post_tag","embeddable":true,"href":"https:\/\/culturaeafins.com\/index.php\/wp-json\/wp\/v2\/tags?post=270"}],"curies":[{"name":"wp","href":"https:\/\/api.w.org\/{rel}","templated":true}]}}