{"id":227,"date":"2024-07-09T18:26:28","date_gmt":"2024-07-09T21:26:28","guid":{"rendered":"https:\/\/culturaeafins.com\/?p=227"},"modified":"2025-07-09T10:40:18","modified_gmt":"2025-07-09T13:40:18","slug":"por-que-nao-devemos-parar-de-ler","status":"publish","type":"post","link":"https:\/\/culturaeafins.com\/index.php\/2024\/07\/09\/por-que-nao-devemos-parar-de-ler\/","title":{"rendered":"Por que n\u00e3o devemos parar de ler?"},"content":{"rendered":"<h2>Os avan\u00e7os da tecnologia digital fizeram com que as pessoas mudassem seus h\u00e1bitos.<\/h2>\n<p>Nos \u00faltimos anos, os avan\u00e7os da tecnologia digital fizeram com que as pessoas mudassem seus h\u00e1bitos e comportamentos di\u00e1rios. Novas formas de viver, de consumir, de trabalhar e estudar tamb\u00e9m foram adquirindo espa\u00e7o.<\/p>\n<p>Mais intensamente na pandemia com o covid-19, o isolamento social fez a maioria mudar sua forma de trabalho para adaptar-se a trabalhar em casa, compras de supermercado e tudo que envolvia sair de sua casa teria que ser feito on line.<\/p>\n<p>O modo como adquirimos conhecimento seja nos estudos ou entretenimento mudou. Hoje podemos fazer uma faculdade atrav\u00e9s de plataformas. Pesquisas feitas utilizando a intelig\u00eancia artificial.<\/p>\n<p>Usamos streaming para assistirmos a filmes e s\u00e9ries. Se quisermos ler um livro, temos hoje a op\u00e7\u00e3o do audiobook, caso n\u00e3o tenhamos tempo necess\u00e1rio para a leitura. Ou podemos substituir por um filme ou v\u00eddeos que resumem a obra.<\/p>\n<h3><strong>Mas, quando falamos de aprendizagem, ser\u00e1 essa facilidade \u00e9 saud\u00e1vel?<\/strong><\/h3>\n<p>Quando falamos de aprendizagem, essa facilidade n\u00e3o \u00e9 saud\u00e1vel para a nossa sa\u00fade mental.<\/p>\n<p>Pois \u00e9 atrav\u00e9s da leitura de um livro que exercitamos o c\u00e9rebro, essa atividade estimula v\u00e1rias partes dele, garantindo a imagina\u00e7\u00e3o, a memoriza\u00e7\u00e3o e o aprendizado.<\/p>\n<p>Segundo an\u00e1lises feitas pela m\u00e9dica neurologista, <a href=\"https:\/\/r.search.yahoo.com\/_ylt=AwrEpNeLqo1mxAQAlz7z6Qt.;_ylu=Y29sbwNiZjEEcG9zAzIEdnRpZAMEc2VjA3Ny\/RV=2\/RE=1721769867\/RO=10\/RU=https%3a%2f%2fwww.aneteguimaraes.com%2f\/RK=2\/RS=wr9dQBDd0BrdyAb5Cm8QMdCyw9k-\">Dra. Anete Guimar\u00e3es<\/a>, ela diz que quando lemos um livro, especificamente, aquele que descreve lugares ou momentos, o exerc\u00edcio mental, a descri\u00e7\u00e3o, o vocabul\u00e1rio aumentam o espectro cultural, exercitando a visualiza\u00e7\u00e3o descritiva.<\/p>\n<p>Al\u00e9m disso, a doutora fala que uma imagem \u00e9 mais r\u00e1pida de ser entendida, entretanto no que diz respeito \u00e0 aprendizagem, a memoriza\u00e7\u00e3o n\u00e3o se faz efetivamente. \u00a0A leitura \u00e9 mais eficiente para que se entenda, guarde e aplique o que foi estudado. O c\u00e9rebro registra a informa\u00e7\u00e3o passando por esse processo cerebral.<\/p>\n<p>A m\u00e9dica afirma que o ato de ler, ativa vinte e sete \u00e1reas cerebrais, esses lugares fazem com que memorizemos o que aprendemos. A leitura aumenta as chances de entendimento atrav\u00e9s de associa\u00e7\u00f5es, cria-se links e conex\u00f5es neurais. Portanto, as chances de um conhecimento permanecer em nossa mem\u00f3ria s\u00e3o maiores quando lemos um livro e tentamos criar uma imagem, desenvolvemos a criatividade muito mais do que se v\u00edssemos um v\u00eddeo.<\/p>\n<h4><strong>O h\u00e1bito de ler auxilia na preven\u00e7\u00e3o e no tratamento de doen\u00e7as graves como a dem\u00eancia. <\/strong><\/h4>\n<p>Estudos feitos pela Organiza\u00e7\u00e3o mundial de sa\u00fade (OMS) comprovam que o h\u00e1bito de ler auxilia na preven\u00e7\u00e3o de doen\u00e7as neurol\u00f3gicas e no tratamento de doen\u00e7as graves como a dem\u00eancia, retardando sintomas.<\/p>\n<p>Na sa\u00fade emocional, a leitura igualmente ajuda a reduzir n\u00edveis de estresse e ansiedade. Pois ler um bom livro melhora a qualidade de vida e traz bem-estar.<\/p>\n<h5><strong>Os benef\u00edcios de ler por prazer<\/strong><\/h5>\n<p>Uma pesquisa conduzida pela Quick Reads, em parceria com o Centro de Pesquisa em Leitura, Literatura e Sociedade na Universidade de Liverpool, comprovou que existem benef\u00edcios de ler por prazer.<\/p>\n<p>Fizeram uma enquete com 14 perguntas realizada com 4.164 adultos igualmente dividido entre leitores e n\u00e3o leitores para suscitar a percep\u00e7\u00e3o dos participantes sobre seu estado geral de humor e bem-estar, n\u00edveis de intera\u00e7\u00e3o social, capacidade de tomada de decis\u00e3o e empatia, tamb\u00e9m estabelecer h\u00e1bitos de leitura em rela\u00e7\u00e3o a outras formas de lazer, como assistir tv e usar as m\u00eddias sociais.<\/p>\n<p>O relat\u00f3rio concluiu que pouco mais da metade da popula\u00e7\u00e3o adulto do Reino Unido l\u00ea regularmente por prazer. Mais da metade dos leitores t\u00eam o h\u00e1bito de ler antes de dormir, afirmando que essa pr\u00e1tica os ajuda a dormir melhor.<\/p>\n<p>Aqueles que leem por prazer tem n\u00edveis mais elevados de autoestima e maior capacidade de lidar com situa\u00e7\u00f5es dif\u00edceis.<\/p>\n<p>Sentem se mais pr\u00f3ximas de seus amigos do que aqueles que n\u00e3o leem ou que deixaram de ler. A pr\u00e1tica da leitura produz uma maior compreens\u00e3o e empatia com os outros. Al\u00e9m de uma consci\u00eancia mais forte e mais engajada sobre quest\u00f5es sociais e diversidade cultural do que n\u00e3o leitores.<\/p>\n<p>O estudo concluiu e recomenda que leitores se sentem mais felizes com eles mesmos e com suas vidas, produzem maior satisfa\u00e7\u00e3o com a vida, aumenta a conex\u00e3o social e o senso de esp\u00edrito comunit\u00e1rio. Ajuda a proteger e at\u00e9 mesmo a se preparar para as dificuldades da vida.<\/p>\n<p><a href=\"http:\/\/Arte e cultura da civiliza\u00e7\u00e3o celta\">http:\/\/Arte e cultura da civiliza\u00e7\u00e3o celta<\/a><\/p>\n","protected":false},"excerpt":{"rendered":"<p>Os avan\u00e7os da tecnologia digital fizeram com que as pessoas mudassem seus h\u00e1bitos.<br \/>\nNos \u00faltimos anos, os avan\u00e7os da tecnologia digital fizeram com que as pessoas mudassem seus h\u00e1bitos e comportamentos &#8230;<\/p>\n","protected":false},"author":1,"featured_media":230,"comment_status":"open","ping_status":"open","sticky":false,"template":"","format":"standard","meta":{"footnotes":""},"categories":[4,1],"tags":[],"class_list":["post-227","post","type-post","status-publish","format-standard","has-post-thumbnail","hentry","category-arte-e-cultura","category-blog"],"yoast_head":"<!-- This site is optimized with the Yoast SEO plugin v27.5 - https:\/\/yoast.com\/product\/yoast-seo-wordpress\/ -->\n<title>Por que n\u00e3o devemos parar de ler? - Cultura e Afins<\/title>\n<meta name=\"description\" content=\"Nos \u00faltimos anos, os avan\u00e7os da tecnologia digital fizeram com que as pessoas mudassem seus h\u00e1bitos e comportamentos di\u00e1rios.\" \/>\n<meta name=\"robots\" content=\"index, follow, max-snippet:-1, max-image-preview:large, max-video-preview:-1\" \/>\n<link rel=\"canonical\" href=\"https:\/\/culturaeafins.com\/index.php\/2024\/07\/09\/por-que-nao-devemos-parar-de-ler\/\" \/>\n<meta property=\"og:locale\" content=\"en_US\" \/>\n<meta property=\"og:type\" content=\"article\" \/>\n<meta property=\"og:title\" content=\"Por que n\u00e3o devemos parar de ler? - Cultura e Afins\" \/>\n<meta property=\"og:description\" content=\"Nos \u00faltimos anos, os avan\u00e7os da tecnologia digital fizeram com que as pessoas mudassem seus h\u00e1bitos e comportamentos di\u00e1rios.\" \/>\n<meta property=\"og:url\" content=\"https:\/\/culturaeafins.com\/index.php\/2024\/07\/09\/por-que-nao-devemos-parar-de-ler\/\" \/>\n<meta property=\"og:site_name\" content=\"Cultura e Afins\" \/>\n<meta property=\"article:published_time\" content=\"2024-07-09T21:26:28+00:00\" \/>\n<meta property=\"article:modified_time\" content=\"2025-07-09T13:40:18+00:00\" \/>\n<meta property=\"og:image\" content=\"https:\/\/culturaeafins.com\/wp-content\/uploads\/2024\/05\/menino-lendo.jpg\" \/>\n\t<meta property=\"og:image:width\" content=\"626\" \/>\n\t<meta property=\"og:image:height\" content=\"626\" \/>\n\t<meta property=\"og:image:type\" content=\"image\/jpeg\" \/>\n<meta name=\"author\" content=\"Culturaeafins\" \/>\n<meta name=\"twitter:card\" content=\"summary_large_image\" \/>\n<meta name=\"twitter:label1\" content=\"Written by\" \/>\n\t<meta name=\"twitter:data1\" content=\"Culturaeafins\" \/>\n\t<meta name=\"twitter:label2\" content=\"Est. reading time\" \/>\n\t<meta name=\"twitter:data2\" content=\"5 minutes\" \/>\n<script type=\"application\/ld+json\" class=\"yoast-schema-graph\">{\"@context\":\"https:\\\/\\\/schema.org\",\"@graph\":[{\"@type\":\"Article\",\"@id\":\"https:\\\/\\\/culturaeafins.com\\\/index.php\\\/2024\\\/07\\\/09\\\/por-que-nao-devemos-parar-de-ler\\\/#article\",\"isPartOf\":{\"@id\":\"https:\\\/\\\/culturaeafins.com\\\/index.php\\\/2024\\\/07\\\/09\\\/por-que-nao-devemos-parar-de-ler\\\/\"},\"author\":{\"name\":\"Culturaeafins\",\"@id\":\"https:\\\/\\\/culturaeafins.com\\\/#\\\/schema\\\/person\\\/5d1d5a375a3d9d2034d1a175aae85702\"},\"headline\":\"Por que n\u00e3o devemos parar de ler?\",\"datePublished\":\"2024-07-09T21:26:28+00:00\",\"dateModified\":\"2025-07-09T13:40:18+00:00\",\"mainEntityOfPage\":{\"@id\":\"https:\\\/\\\/culturaeafins.com\\\/index.php\\\/2024\\\/07\\\/09\\\/por-que-nao-devemos-parar-de-ler\\\/\"},\"wordCount\":788,\"commentCount\":1,\"publisher\":{\"@id\":\"https:\\\/\\\/culturaeafins.com\\\/#organization\"},\"image\":{\"@id\":\"https:\\\/\\\/culturaeafins.com\\\/index.php\\\/2024\\\/07\\\/09\\\/por-que-nao-devemos-parar-de-ler\\\/#primaryimage\"},\"thumbnailUrl\":\"https:\\\/\\\/culturaeafins.com\\\/wp-content\\\/uploads\\\/2024\\\/05\\\/menino-lendo.jpg\",\"articleSection\":[\"Arte e Cultura\",\"Blog\"],\"inLanguage\":\"en-US\",\"potentialAction\":[{\"@type\":\"CommentAction\",\"name\":\"Comment\",\"target\":[\"https:\\\/\\\/culturaeafins.com\\\/index.php\\\/2024\\\/07\\\/09\\\/por-que-nao-devemos-parar-de-ler\\\/#respond\"]}]},{\"@type\":\"WebPage\",\"@id\":\"https:\\\/\\\/culturaeafins.com\\\/index.php\\\/2024\\\/07\\\/09\\\/por-que-nao-devemos-parar-de-ler\\\/\",\"url\":\"https:\\\/\\\/culturaeafins.com\\\/index.php\\\/2024\\\/07\\\/09\\\/por-que-nao-devemos-parar-de-ler\\\/\",\"name\":\"Por que n\u00e3o devemos parar de ler? - Cultura e Afins\",\"isPartOf\":{\"@id\":\"https:\\\/\\\/culturaeafins.com\\\/#website\"},\"primaryImageOfPage\":{\"@id\":\"https:\\\/\\\/culturaeafins.com\\\/index.php\\\/2024\\\/07\\\/09\\\/por-que-nao-devemos-parar-de-ler\\\/#primaryimage\"},\"image\":{\"@id\":\"https:\\\/\\\/culturaeafins.com\\\/index.php\\\/2024\\\/07\\\/09\\\/por-que-nao-devemos-parar-de-ler\\\/#primaryimage\"},\"thumbnailUrl\":\"https:\\\/\\\/culturaeafins.com\\\/wp-content\\\/uploads\\\/2024\\\/05\\\/menino-lendo.jpg\",\"datePublished\":\"2024-07-09T21:26:28+00:00\",\"dateModified\":\"2025-07-09T13:40:18+00:00\",\"description\":\"Nos \u00faltimos anos, os avan\u00e7os da tecnologia digital fizeram com que as pessoas mudassem seus h\u00e1bitos e comportamentos di\u00e1rios.\",\"breadcrumb\":{\"@id\":\"https:\\\/\\\/culturaeafins.com\\\/index.php\\\/2024\\\/07\\\/09\\\/por-que-nao-devemos-parar-de-ler\\\/#breadcrumb\"},\"inLanguage\":\"en-US\",\"potentialAction\":[{\"@type\":\"ReadAction\",\"target\":[\"https:\\\/\\\/culturaeafins.com\\\/index.php\\\/2024\\\/07\\\/09\\\/por-que-nao-devemos-parar-de-ler\\\/\"]}]},{\"@type\":\"ImageObject\",\"inLanguage\":\"en-US\",\"@id\":\"https:\\\/\\\/culturaeafins.com\\\/index.php\\\/2024\\\/07\\\/09\\\/por-que-nao-devemos-parar-de-ler\\\/#primaryimage\",\"url\":\"https:\\\/\\\/culturaeafins.com\\\/wp-content\\\/uploads\\\/2024\\\/05\\\/menino-lendo.jpg\",\"contentUrl\":\"https:\\\/\\\/culturaeafins.com\\\/wp-content\\\/uploads\\\/2024\\\/05\\\/menino-lendo.jpg\",\"width\":626,\"height\":626},{\"@type\":\"BreadcrumbList\",\"@id\":\"https:\\\/\\\/culturaeafins.com\\\/index.php\\\/2024\\\/07\\\/09\\\/por-que-nao-devemos-parar-de-ler\\\/#breadcrumb\",\"itemListElement\":[{\"@type\":\"ListItem\",\"position\":1,\"name\":\"In\u00edcio\",\"item\":\"https:\\\/\\\/culturaeafins.com\\\/\"},{\"@type\":\"ListItem\",\"position\":2,\"name\":\"Por que n\u00e3o devemos parar de ler?\"}]},{\"@type\":\"WebSite\",\"@id\":\"https:\\\/\\\/culturaeafins.com\\\/#website\",\"url\":\"https:\\\/\\\/culturaeafins.com\\\/\",\"name\":\"Cultura e Afins\",\"description\":\"\",\"publisher\":{\"@id\":\"https:\\\/\\\/culturaeafins.com\\\/#organization\"},\"potentialAction\":[{\"@type\":\"SearchAction\",\"target\":{\"@type\":\"EntryPoint\",\"urlTemplate\":\"https:\\\/\\\/culturaeafins.com\\\/?s={search_term_string}\"},\"query-input\":{\"@type\":\"PropertyValueSpecification\",\"valueRequired\":true,\"valueName\":\"search_term_string\"}}],\"inLanguage\":\"en-US\"},{\"@type\":\"Organization\",\"@id\":\"https:\\\/\\\/culturaeafins.com\\\/#organization\",\"name\":\"Cultura e Afins\",\"url\":\"https:\\\/\\\/culturaeafins.com\\\/\",\"logo\":{\"@type\":\"ImageObject\",\"inLanguage\":\"en-US\",\"@id\":\"https:\\\/\\\/culturaeafins.com\\\/#\\\/schema\\\/logo\\\/image\\\/\",\"url\":\"https:\\\/\\\/culturaeafins.com\\\/wp-content\\\/uploads\\\/2024\\\/01\\\/15115497096_9efb16a648_o.jpg\",\"contentUrl\":\"https:\\\/\\\/culturaeafins.com\\\/wp-content\\\/uploads\\\/2024\\\/01\\\/15115497096_9efb16a648_o.jpg\",\"width\":690,\"height\":317,\"caption\":\"Cultura e Afins\"},\"image\":{\"@id\":\"https:\\\/\\\/culturaeafins.com\\\/#\\\/schema\\\/logo\\\/image\\\/\"}},{\"@type\":\"Person\",\"@id\":\"https:\\\/\\\/culturaeafins.com\\\/#\\\/schema\\\/person\\\/5d1d5a375a3d9d2034d1a175aae85702\",\"name\":\"Culturaeafins\",\"image\":{\"@type\":\"ImageObject\",\"inLanguage\":\"en-US\",\"@id\":\"https:\\\/\\\/secure.gravatar.com\\\/avatar\\\/c7eb1bc1ef2ef58f0ff3ae1db737bdc5c931e84e43d43ccb3478db5f65bd9d0a?s=96&d=mm&r=g\",\"url\":\"https:\\\/\\\/secure.gravatar.com\\\/avatar\\\/c7eb1bc1ef2ef58f0ff3ae1db737bdc5c931e84e43d43ccb3478db5f65bd9d0a?s=96&d=mm&r=g\",\"contentUrl\":\"https:\\\/\\\/secure.gravatar.com\\\/avatar\\\/c7eb1bc1ef2ef58f0ff3ae1db737bdc5c931e84e43d43ccb3478db5f65bd9d0a?s=96&d=mm&r=g\",\"caption\":\"Culturaeafins\"},\"sameAs\":[\"https:\\\/\\\/culturaeafins.com\"],\"url\":\"https:\\\/\\\/culturaeafins.com\\\/index.php\\\/author\\\/culturaeafins\\\/\"}]}<\/script>\n<!-- \/ Yoast SEO plugin. -->","yoast_head_json":{"title":"Por que n\u00e3o devemos parar de ler? - Cultura e Afins","description":"Nos \u00faltimos anos, os avan\u00e7os da tecnologia digital fizeram com que as pessoas mudassem seus h\u00e1bitos e comportamentos di\u00e1rios.","robots":{"index":"index","follow":"follow","max-snippet":"max-snippet:-1","max-image-preview":"max-image-preview:large","max-video-preview":"max-video-preview:-1"},"canonical":"https:\/\/culturaeafins.com\/index.php\/2024\/07\/09\/por-que-nao-devemos-parar-de-ler\/","og_locale":"en_US","og_type":"article","og_title":"Por que n\u00e3o devemos parar de ler? - Cultura e Afins","og_description":"Nos \u00faltimos anos, os avan\u00e7os da tecnologia digital fizeram com que as pessoas mudassem seus h\u00e1bitos e comportamentos di\u00e1rios.","og_url":"https:\/\/culturaeafins.com\/index.php\/2024\/07\/09\/por-que-nao-devemos-parar-de-ler\/","og_site_name":"Cultura e Afins","article_published_time":"2024-07-09T21:26:28+00:00","article_modified_time":"2025-07-09T13:40:18+00:00","og_image":[{"width":626,"height":626,"url":"https:\/\/culturaeafins.com\/wp-content\/uploads\/2024\/05\/menino-lendo.jpg","type":"image\/jpeg"}],"author":"Culturaeafins","twitter_card":"summary_large_image","twitter_misc":{"Written by":"Culturaeafins","Est. reading time":"5 minutes"},"schema":{"@context":"https:\/\/schema.org","@graph":[{"@type":"Article","@id":"https:\/\/culturaeafins.com\/index.php\/2024\/07\/09\/por-que-nao-devemos-parar-de-ler\/#article","isPartOf":{"@id":"https:\/\/culturaeafins.com\/index.php\/2024\/07\/09\/por-que-nao-devemos-parar-de-ler\/"},"author":{"name":"Culturaeafins","@id":"https:\/\/culturaeafins.com\/#\/schema\/person\/5d1d5a375a3d9d2034d1a175aae85702"},"headline":"Por que n\u00e3o devemos parar de ler?","datePublished":"2024-07-09T21:26:28+00:00","dateModified":"2025-07-09T13:40:18+00:00","mainEntityOfPage":{"@id":"https:\/\/culturaeafins.com\/index.php\/2024\/07\/09\/por-que-nao-devemos-parar-de-ler\/"},"wordCount":788,"commentCount":1,"publisher":{"@id":"https:\/\/culturaeafins.com\/#organization"},"image":{"@id":"https:\/\/culturaeafins.com\/index.php\/2024\/07\/09\/por-que-nao-devemos-parar-de-ler\/#primaryimage"},"thumbnailUrl":"https:\/\/culturaeafins.com\/wp-content\/uploads\/2024\/05\/menino-lendo.jpg","articleSection":["Arte e Cultura","Blog"],"inLanguage":"en-US","potentialAction":[{"@type":"CommentAction","name":"Comment","target":["https:\/\/culturaeafins.com\/index.php\/2024\/07\/09\/por-que-nao-devemos-parar-de-ler\/#respond"]}]},{"@type":"WebPage","@id":"https:\/\/culturaeafins.com\/index.php\/2024\/07\/09\/por-que-nao-devemos-parar-de-ler\/","url":"https:\/\/culturaeafins.com\/index.php\/2024\/07\/09\/por-que-nao-devemos-parar-de-ler\/","name":"Por que n\u00e3o devemos parar de ler? - Cultura e Afins","isPartOf":{"@id":"https:\/\/culturaeafins.com\/#website"},"primaryImageOfPage":{"@id":"https:\/\/culturaeafins.com\/index.php\/2024\/07\/09\/por-que-nao-devemos-parar-de-ler\/#primaryimage"},"image":{"@id":"https:\/\/culturaeafins.com\/index.php\/2024\/07\/09\/por-que-nao-devemos-parar-de-ler\/#primaryimage"},"thumbnailUrl":"https:\/\/culturaeafins.com\/wp-content\/uploads\/2024\/05\/menino-lendo.jpg","datePublished":"2024-07-09T21:26:28+00:00","dateModified":"2025-07-09T13:40:18+00:00","description":"Nos \u00faltimos anos, os avan\u00e7os da tecnologia digital fizeram com que as pessoas mudassem seus h\u00e1bitos e comportamentos di\u00e1rios.","breadcrumb":{"@id":"https:\/\/culturaeafins.com\/index.php\/2024\/07\/09\/por-que-nao-devemos-parar-de-ler\/#breadcrumb"},"inLanguage":"en-US","potentialAction":[{"@type":"ReadAction","target":["https:\/\/culturaeafins.com\/index.php\/2024\/07\/09\/por-que-nao-devemos-parar-de-ler\/"]}]},{"@type":"ImageObject","inLanguage":"en-US","@id":"https:\/\/culturaeafins.com\/index.php\/2024\/07\/09\/por-que-nao-devemos-parar-de-ler\/#primaryimage","url":"https:\/\/culturaeafins.com\/wp-content\/uploads\/2024\/05\/menino-lendo.jpg","contentUrl":"https:\/\/culturaeafins.com\/wp-content\/uploads\/2024\/05\/menino-lendo.jpg","width":626,"height":626},{"@type":"BreadcrumbList","@id":"https:\/\/culturaeafins.com\/index.php\/2024\/07\/09\/por-que-nao-devemos-parar-de-ler\/#breadcrumb","itemListElement":[{"@type":"ListItem","position":1,"name":"In\u00edcio","item":"https:\/\/culturaeafins.com\/"},{"@type":"ListItem","position":2,"name":"Por que n\u00e3o devemos parar de ler?"}]},{"@type":"WebSite","@id":"https:\/\/culturaeafins.com\/#website","url":"https:\/\/culturaeafins.com\/","name":"Cultura e Afins","description":"","publisher":{"@id":"https:\/\/culturaeafins.com\/#organization"},"potentialAction":[{"@type":"SearchAction","target":{"@type":"EntryPoint","urlTemplate":"https:\/\/culturaeafins.com\/?s={search_term_string}"},"query-input":{"@type":"PropertyValueSpecification","valueRequired":true,"valueName":"search_term_string"}}],"inLanguage":"en-US"},{"@type":"Organization","@id":"https:\/\/culturaeafins.com\/#organization","name":"Cultura e Afins","url":"https:\/\/culturaeafins.com\/","logo":{"@type":"ImageObject","inLanguage":"en-US","@id":"https:\/\/culturaeafins.com\/#\/schema\/logo\/image\/","url":"https:\/\/culturaeafins.com\/wp-content\/uploads\/2024\/01\/15115497096_9efb16a648_o.jpg","contentUrl":"https:\/\/culturaeafins.com\/wp-content\/uploads\/2024\/01\/15115497096_9efb16a648_o.jpg","width":690,"height":317,"caption":"Cultura e Afins"},"image":{"@id":"https:\/\/culturaeafins.com\/#\/schema\/logo\/image\/"}},{"@type":"Person","@id":"https:\/\/culturaeafins.com\/#\/schema\/person\/5d1d5a375a3d9d2034d1a175aae85702","name":"Culturaeafins","image":{"@type":"ImageObject","inLanguage":"en-US","@id":"https:\/\/secure.gravatar.com\/avatar\/c7eb1bc1ef2ef58f0ff3ae1db737bdc5c931e84e43d43ccb3478db5f65bd9d0a?s=96&d=mm&r=g","url":"https:\/\/secure.gravatar.com\/avatar\/c7eb1bc1ef2ef58f0ff3ae1db737bdc5c931e84e43d43ccb3478db5f65bd9d0a?s=96&d=mm&r=g","contentUrl":"https:\/\/secure.gravatar.com\/avatar\/c7eb1bc1ef2ef58f0ff3ae1db737bdc5c931e84e43d43ccb3478db5f65bd9d0a?s=96&d=mm&r=g","caption":"Culturaeafins"},"sameAs":["https:\/\/culturaeafins.com"],"url":"https:\/\/culturaeafins.com\/index.php\/author\/culturaeafins\/"}]}},"_links":{"self":[{"href":"https:\/\/culturaeafins.com\/index.php\/wp-json\/wp\/v2\/posts\/227","targetHints":{"allow":["GET"]}}],"collection":[{"href":"https:\/\/culturaeafins.com\/index.php\/wp-json\/wp\/v2\/posts"}],"about":[{"href":"https:\/\/culturaeafins.com\/index.php\/wp-json\/wp\/v2\/types\/post"}],"author":[{"embeddable":true,"href":"https:\/\/culturaeafins.com\/index.php\/wp-json\/wp\/v2\/users\/1"}],"replies":[{"embeddable":true,"href":"https:\/\/culturaeafins.com\/index.php\/wp-json\/wp\/v2\/comments?post=227"}],"version-history":[{"count":9,"href":"https:\/\/culturaeafins.com\/index.php\/wp-json\/wp\/v2\/posts\/227\/revisions"}],"predecessor-version":[{"id":342,"href":"https:\/\/culturaeafins.com\/index.php\/wp-json\/wp\/v2\/posts\/227\/revisions\/342"}],"wp:featuredmedia":[{"embeddable":true,"href":"https:\/\/culturaeafins.com\/index.php\/wp-json\/wp\/v2\/media\/230"}],"wp:attachment":[{"href":"https:\/\/culturaeafins.com\/index.php\/wp-json\/wp\/v2\/media?parent=227"}],"wp:term":[{"taxonomy":"category","embeddable":true,"href":"https:\/\/culturaeafins.com\/index.php\/wp-json\/wp\/v2\/categories?post=227"},{"taxonomy":"post_tag","embeddable":true,"href":"https:\/\/culturaeafins.com\/index.php\/wp-json\/wp\/v2\/tags?post=227"}],"curies":[{"name":"wp","href":"https:\/\/api.w.org\/{rel}","templated":true}]}}