{"id":172,"date":"2024-01-26T20:30:40","date_gmt":"2024-01-26T23:30:40","guid":{"rendered":"https:\/\/culturaeafins.com\/?p=172"},"modified":"2025-07-09T10:39:41","modified_gmt":"2025-07-09T13:39:41","slug":"em-todos-os-momentos-da-nossa-vida-somos-cercados","status":"publish","type":"post","link":"https:\/\/culturaeafins.com\/index.php\/2024\/01\/26\/em-todos-os-momentos-da-nossa-vida-somos-cercados\/","title":{"rendered":"O poder da m\u00fasica em nossa mente"},"content":{"rendered":"<p>Em todos os momentos da nossa vida, somos cercados por sons e ritmos. Desde beb\u00eas, ainda na barriga da m\u00e3e, j\u00e1 escut\u00e1vamos ru\u00eddos externos. Depois que nascemos, dormimos ao som de cantigas de ninar.<\/p>\n<p>Conforme crescemos, acumulamos m\u00fasicas para ouvir em cada ocasi\u00e3o. \u00a0M\u00fasicas que ouvimos na escola, m\u00fasicas que ouvimos na academia, m\u00fasicas que ouvimos na igreja, m\u00fasicas que ouvimos em festas e aquelas que ouvimos quando estamos apaixonados.<\/p>\n<p>O poder da m\u00fasica em nossa mente \u00e9 tal que, onde quer que estejamos, basta ouvir uma can\u00e7\u00e3o para marcar um momento ou uma experi\u00eancia que vivemos.<\/p>\n<p>Dessa maneira, cada um traz consigo uma trilha sonora que, ao logo do nosso caminho na vida, criamos juntamente com as mem\u00f3rias em todas as fases da nossa exist\u00eancia.<\/p>\n<p>Pois \u00e9 poss\u00edvel estabelecer conex\u00f5es com a m\u00fasica quando ouvimos uma melodia e lembramo-nos do passado, isso \u00e9 chamado de mem\u00f3ria musical.<\/p>\n<p>Ela traz uma sensa\u00e7\u00e3o, um sentimento. Recorda\u00e7\u00f5es positivas ou negativas de uma determinada \u00e9poca pode vir \u00e0 tona nesse momento de escuta.<\/p>\n<h2>O modo como a m\u00fasica influencia uma pessoa<\/h2>\n<p>Nos \u00faltimos anos, desenvolveram muitos estudos sobre o modo como a m\u00fasica influencia uma pessoa. Seja para melhorar a mem\u00f3ria, acionar uma lembran\u00e7a, auxiliar a coordena\u00e7\u00e3o motora, estimular a criatividade ou simplesmente para relaxar.<\/p>\n<p>Os neurocientistas acreditam que produzir e escutar m\u00fasica ativa todas as partes do c\u00e9rebro. Ou seja, as emo\u00e7\u00f5es, a criatividade e as fun\u00e7\u00f5es motoras trabalham enquanto se ouve uma m\u00fasica.<\/p>\n<p>Uma <a href=\"https:\/\/www.aarp.org\/pri\/topics\/health\/brain-health\/brain-health-and-music\/\">pesquisa recente<\/a> sobre m\u00fasica e a sa\u00fade cerebral realizada pela AARP (American Association of Retired Persons) divulgou que o bem-estar emocional e mental de uma pessoa pode estar ligado \u00e0 rela\u00e7\u00e3o que ela tem com a m\u00fasica.<\/p>\n<p>Foram entrevistados 3.185 norte-americanos com idade de 18 anos ou mais. Embora o estudo envolva um n\u00famero pequeno de pessoas e seja apenas uma pesquisa de opini\u00e3o, os resultados surpreenderam.<\/p>\n<p>A pesquisa descobriu que 68% das pessoas que foram expostas \u00e0 m\u00fasica quando crian\u00e7a, classificaram como excelente ou muito boa a sua capacidade de aprender coisas novas, em compara\u00e7\u00e3o com 50% que nunca foram expostos \u00e0 m\u00fasica enquanto cresciam.<\/p>\n<p>Pessoas com mais de 50 anos que ouvem m\u00fasica de maneira casual ou concentrada tiveram pontua\u00e7\u00e3o mais elevada para o <a href=\"https:\/\/culturaeafins.com\/index.php\/2024\/01\/20\/ha-quem-diga-que-esta-em-nosso-dna-a-necessidade-de-mudanca-uma-alma-aventureira-tem-sede-de-novidade-de-passar-por-novas-experiencias\/\">bem-estar mental<\/a>. E tamb\u00e9m n\u00edveis ligeiramente reduzidos de ansiedade e depress\u00e3o em compara\u00e7\u00e3o com as pessoas em geral.<\/p>\n<p>Constatou-se que participar de eventos art\u00edsticos est\u00e1 associado a uma melhor sa\u00fade mental e felicidade.<\/p>\n<p>Dos entrevistados que disseram que j\u00e1 tocaram um instrumento musical, cantaram de alguma maneira ou que praticam a dan\u00e7a, especialmente aqueles com mais de 50 anos, estava ligado a taxas mais elevadas de felicidade e fun\u00e7\u00e3o cognitiva.<\/p>\n<p>O estudo ressalta que n\u00e3o importa em que fase da vida uma pessoa come\u00e7a a se envolver com a m\u00fasica, porque de qualquer maneira colher\u00e1 seus benef\u00edcios.<\/p>\n<h2>Somos aquilo que ouvimos?<\/h2>\n<p>Entretanto, sabendo que a m\u00fasica influencia o nosso estado emocional, mental e, inclusive, o comportamental, a escolha do que vai ouvir \u00e9 muito importante para se obter um resultado positivo em sua vida. Pois, dependendo dela, os resultados podem n\u00e3o ser t\u00e3o bons assim.<\/p>\n<p>Segundo diz o produtor musical Ronan Barros: &#8220;Somos aquilo que ouvimos&#8221;. Ele est\u00e1 referindo-se \u00e0queles que est\u00e3o envolvidos na m\u00fasica ativamente, que querem profissionalizar-se. Por\u00e9m tem como base cultural m\u00fasicas sem qualidade que podem afetar suas composi\u00e7\u00f5es de maneira negativa.<\/p>\n<p>E para quem s\u00f3 aprecia a m\u00fasica, a escolha da letra pode deix\u00e1-lo triste, desanimado, agressivo e at\u00e9 revoltado. Como por exemplo, ouvir m\u00fasicas que falam de viol\u00eancia \u00e9 poss\u00edvel que quem escuta possa ter um comportamento tamb\u00e9m violento.<\/p>\n<p>Por isso, devemos ter em nossa &#8220;playlist&#8221; m\u00fasicas que nos deixam bem-humorados, alegres, que elevam a nossa autoestima. Assim elas impactam de maneira saud\u00e1vel a nossa mente, corpo e alma.<\/p>\n<p><a href=\"http:\/\/Viajar - uma das experi\u00eancias mais gratificantes da vida\">http:\/\/Viajar &#8211; uma das experi\u00eancias mais gratificantes da vida<\/a><\/p>\n","protected":false},"excerpt":{"rendered":"<p>Em todos os momentos da nossa vida, somos cercados por sons e ritmos. Desde beb\u00eas, ainda na barriga da m\u00e3e, j\u00e1 escut\u00e1vamos ru\u00eddos externos. Depois que nascemos, dormimos ao som &#8230;<\/p>\n","protected":false},"author":1,"featured_media":180,"comment_status":"open","ping_status":"open","sticky":false,"template":"","format":"standard","meta":{"footnotes":""},"categories":[4,1],"tags":[],"class_list":["post-172","post","type-post","status-publish","format-standard","has-post-thumbnail","hentry","category-arte-e-cultura","category-blog"],"yoast_head":"<!-- This site is optimized with the Yoast SEO plugin v27.5 - https:\/\/yoast.com\/product\/yoast-seo-wordpress\/ -->\n<title>O poder da m\u00fasica em nossa mente - Cultura e Afins<\/title>\n<meta name=\"description\" content=\"Em todos os momentos da nossa vida, somos cercados por sons e ritmos. Desde beb\u00eas, ainda na barriga da m\u00e3e, j\u00e1 escutam ru\u00eddos externos...\" \/>\n<meta name=\"robots\" content=\"index, follow, max-snippet:-1, max-image-preview:large, max-video-preview:-1\" \/>\n<link rel=\"canonical\" href=\"https:\/\/culturaeafins.com\/index.php\/2024\/01\/26\/em-todos-os-momentos-da-nossa-vida-somos-cercados\/\" \/>\n<meta property=\"og:locale\" content=\"en_US\" \/>\n<meta property=\"og:type\" content=\"article\" \/>\n<meta property=\"og:title\" content=\"O poder da m\u00fasica em nossa mente - Cultura e Afins\" \/>\n<meta property=\"og:description\" content=\"Em todos os momentos da nossa vida, somos cercados por sons e ritmos. Desde beb\u00eas, ainda na barriga da m\u00e3e, j\u00e1 escutam ru\u00eddos externos...\" \/>\n<meta property=\"og:url\" content=\"https:\/\/culturaeafins.com\/index.php\/2024\/01\/26\/em-todos-os-momentos-da-nossa-vida-somos-cercados\/\" \/>\n<meta property=\"og:site_name\" content=\"Cultura e Afins\" \/>\n<meta property=\"article:published_time\" content=\"2024-01-26T23:30:40+00:00\" \/>\n<meta property=\"article:modified_time\" content=\"2025-07-09T13:39:41+00:00\" \/>\n<meta property=\"og:image\" content=\"https:\/\/culturaeafins.com\/wp-content\/uploads\/2024\/01\/As-100-melhores-musicas-de-todos-os-tempos.jpg\" \/>\n\t<meta property=\"og:image:width\" content=\"736\" \/>\n\t<meta property=\"og:image:height\" content=\"422\" \/>\n\t<meta property=\"og:image:type\" content=\"image\/jpeg\" \/>\n<meta name=\"author\" content=\"Culturaeafins\" \/>\n<meta name=\"twitter:card\" content=\"summary_large_image\" \/>\n<meta name=\"twitter:label1\" content=\"Written by\" \/>\n\t<meta name=\"twitter:data1\" content=\"Culturaeafins\" \/>\n\t<meta name=\"twitter:label2\" content=\"Est. reading time\" \/>\n\t<meta name=\"twitter:data2\" content=\"4 minutes\" \/>\n<script type=\"application\/ld+json\" class=\"yoast-schema-graph\">{\"@context\":\"https:\\\/\\\/schema.org\",\"@graph\":[{\"@type\":\"Article\",\"@id\":\"https:\\\/\\\/culturaeafins.com\\\/index.php\\\/2024\\\/01\\\/26\\\/em-todos-os-momentos-da-nossa-vida-somos-cercados\\\/#article\",\"isPartOf\":{\"@id\":\"https:\\\/\\\/culturaeafins.com\\\/index.php\\\/2024\\\/01\\\/26\\\/em-todos-os-momentos-da-nossa-vida-somos-cercados\\\/\"},\"author\":{\"name\":\"Culturaeafins\",\"@id\":\"https:\\\/\\\/culturaeafins.com\\\/#\\\/schema\\\/person\\\/5d1d5a375a3d9d2034d1a175aae85702\"},\"headline\":\"O poder da m\u00fasica em nossa mente\",\"datePublished\":\"2024-01-26T23:30:40+00:00\",\"dateModified\":\"2025-07-09T13:39:41+00:00\",\"mainEntityOfPage\":{\"@id\":\"https:\\\/\\\/culturaeafins.com\\\/index.php\\\/2024\\\/01\\\/26\\\/em-todos-os-momentos-da-nossa-vida-somos-cercados\\\/\"},\"wordCount\":698,\"commentCount\":0,\"publisher\":{\"@id\":\"https:\\\/\\\/culturaeafins.com\\\/#organization\"},\"image\":{\"@id\":\"https:\\\/\\\/culturaeafins.com\\\/index.php\\\/2024\\\/01\\\/26\\\/em-todos-os-momentos-da-nossa-vida-somos-cercados\\\/#primaryimage\"},\"thumbnailUrl\":\"https:\\\/\\\/culturaeafins.com\\\/wp-content\\\/uploads\\\/2024\\\/01\\\/As-100-melhores-musicas-de-todos-os-tempos.jpg\",\"articleSection\":[\"Arte e Cultura\",\"Blog\"],\"inLanguage\":\"en-US\",\"potentialAction\":[{\"@type\":\"CommentAction\",\"name\":\"Comment\",\"target\":[\"https:\\\/\\\/culturaeafins.com\\\/index.php\\\/2024\\\/01\\\/26\\\/em-todos-os-momentos-da-nossa-vida-somos-cercados\\\/#respond\"]}]},{\"@type\":\"WebPage\",\"@id\":\"https:\\\/\\\/culturaeafins.com\\\/index.php\\\/2024\\\/01\\\/26\\\/em-todos-os-momentos-da-nossa-vida-somos-cercados\\\/\",\"url\":\"https:\\\/\\\/culturaeafins.com\\\/index.php\\\/2024\\\/01\\\/26\\\/em-todos-os-momentos-da-nossa-vida-somos-cercados\\\/\",\"name\":\"O poder da m\u00fasica em nossa mente - Cultura e Afins\",\"isPartOf\":{\"@id\":\"https:\\\/\\\/culturaeafins.com\\\/#website\"},\"primaryImageOfPage\":{\"@id\":\"https:\\\/\\\/culturaeafins.com\\\/index.php\\\/2024\\\/01\\\/26\\\/em-todos-os-momentos-da-nossa-vida-somos-cercados\\\/#primaryimage\"},\"image\":{\"@id\":\"https:\\\/\\\/culturaeafins.com\\\/index.php\\\/2024\\\/01\\\/26\\\/em-todos-os-momentos-da-nossa-vida-somos-cercados\\\/#primaryimage\"},\"thumbnailUrl\":\"https:\\\/\\\/culturaeafins.com\\\/wp-content\\\/uploads\\\/2024\\\/01\\\/As-100-melhores-musicas-de-todos-os-tempos.jpg\",\"datePublished\":\"2024-01-26T23:30:40+00:00\",\"dateModified\":\"2025-07-09T13:39:41+00:00\",\"description\":\"Em todos os momentos da nossa vida, somos cercados por sons e ritmos. Desde beb\u00eas, ainda na barriga da m\u00e3e, j\u00e1 escutam ru\u00eddos externos...\",\"breadcrumb\":{\"@id\":\"https:\\\/\\\/culturaeafins.com\\\/index.php\\\/2024\\\/01\\\/26\\\/em-todos-os-momentos-da-nossa-vida-somos-cercados\\\/#breadcrumb\"},\"inLanguage\":\"en-US\",\"potentialAction\":[{\"@type\":\"ReadAction\",\"target\":[\"https:\\\/\\\/culturaeafins.com\\\/index.php\\\/2024\\\/01\\\/26\\\/em-todos-os-momentos-da-nossa-vida-somos-cercados\\\/\"]}]},{\"@type\":\"ImageObject\",\"inLanguage\":\"en-US\",\"@id\":\"https:\\\/\\\/culturaeafins.com\\\/index.php\\\/2024\\\/01\\\/26\\\/em-todos-os-momentos-da-nossa-vida-somos-cercados\\\/#primaryimage\",\"url\":\"https:\\\/\\\/culturaeafins.com\\\/wp-content\\\/uploads\\\/2024\\\/01\\\/As-100-melhores-musicas-de-todos-os-tempos.jpg\",\"contentUrl\":\"https:\\\/\\\/culturaeafins.com\\\/wp-content\\\/uploads\\\/2024\\\/01\\\/As-100-melhores-musicas-de-todos-os-tempos.jpg\",\"width\":736,\"height\":422},{\"@type\":\"BreadcrumbList\",\"@id\":\"https:\\\/\\\/culturaeafins.com\\\/index.php\\\/2024\\\/01\\\/26\\\/em-todos-os-momentos-da-nossa-vida-somos-cercados\\\/#breadcrumb\",\"itemListElement\":[{\"@type\":\"ListItem\",\"position\":1,\"name\":\"In\u00edcio\",\"item\":\"https:\\\/\\\/culturaeafins.com\\\/\"},{\"@type\":\"ListItem\",\"position\":2,\"name\":\"O poder da m\u00fasica em nossa mente\"}]},{\"@type\":\"WebSite\",\"@id\":\"https:\\\/\\\/culturaeafins.com\\\/#website\",\"url\":\"https:\\\/\\\/culturaeafins.com\\\/\",\"name\":\"Cultura e Afins\",\"description\":\"\",\"publisher\":{\"@id\":\"https:\\\/\\\/culturaeafins.com\\\/#organization\"},\"potentialAction\":[{\"@type\":\"SearchAction\",\"target\":{\"@type\":\"EntryPoint\",\"urlTemplate\":\"https:\\\/\\\/culturaeafins.com\\\/?s={search_term_string}\"},\"query-input\":{\"@type\":\"PropertyValueSpecification\",\"valueRequired\":true,\"valueName\":\"search_term_string\"}}],\"inLanguage\":\"en-US\"},{\"@type\":\"Organization\",\"@id\":\"https:\\\/\\\/culturaeafins.com\\\/#organization\",\"name\":\"Cultura e Afins\",\"url\":\"https:\\\/\\\/culturaeafins.com\\\/\",\"logo\":{\"@type\":\"ImageObject\",\"inLanguage\":\"en-US\",\"@id\":\"https:\\\/\\\/culturaeafins.com\\\/#\\\/schema\\\/logo\\\/image\\\/\",\"url\":\"https:\\\/\\\/culturaeafins.com\\\/wp-content\\\/uploads\\\/2024\\\/01\\\/15115497096_9efb16a648_o.jpg\",\"contentUrl\":\"https:\\\/\\\/culturaeafins.com\\\/wp-content\\\/uploads\\\/2024\\\/01\\\/15115497096_9efb16a648_o.jpg\",\"width\":690,\"height\":317,\"caption\":\"Cultura e Afins\"},\"image\":{\"@id\":\"https:\\\/\\\/culturaeafins.com\\\/#\\\/schema\\\/logo\\\/image\\\/\"}},{\"@type\":\"Person\",\"@id\":\"https:\\\/\\\/culturaeafins.com\\\/#\\\/schema\\\/person\\\/5d1d5a375a3d9d2034d1a175aae85702\",\"name\":\"Culturaeafins\",\"image\":{\"@type\":\"ImageObject\",\"inLanguage\":\"en-US\",\"@id\":\"https:\\\/\\\/secure.gravatar.com\\\/avatar\\\/c7eb1bc1ef2ef58f0ff3ae1db737bdc5c931e84e43d43ccb3478db5f65bd9d0a?s=96&d=mm&r=g\",\"url\":\"https:\\\/\\\/secure.gravatar.com\\\/avatar\\\/c7eb1bc1ef2ef58f0ff3ae1db737bdc5c931e84e43d43ccb3478db5f65bd9d0a?s=96&d=mm&r=g\",\"contentUrl\":\"https:\\\/\\\/secure.gravatar.com\\\/avatar\\\/c7eb1bc1ef2ef58f0ff3ae1db737bdc5c931e84e43d43ccb3478db5f65bd9d0a?s=96&d=mm&r=g\",\"caption\":\"Culturaeafins\"},\"sameAs\":[\"https:\\\/\\\/culturaeafins.com\"],\"url\":\"https:\\\/\\\/culturaeafins.com\\\/index.php\\\/author\\\/culturaeafins\\\/\"}]}<\/script>\n<!-- \/ Yoast SEO plugin. -->","yoast_head_json":{"title":"O poder da m\u00fasica em nossa mente - Cultura e Afins","description":"Em todos os momentos da nossa vida, somos cercados por sons e ritmos. Desde beb\u00eas, ainda na barriga da m\u00e3e, j\u00e1 escutam ru\u00eddos externos...","robots":{"index":"index","follow":"follow","max-snippet":"max-snippet:-1","max-image-preview":"max-image-preview:large","max-video-preview":"max-video-preview:-1"},"canonical":"https:\/\/culturaeafins.com\/index.php\/2024\/01\/26\/em-todos-os-momentos-da-nossa-vida-somos-cercados\/","og_locale":"en_US","og_type":"article","og_title":"O poder da m\u00fasica em nossa mente - Cultura e Afins","og_description":"Em todos os momentos da nossa vida, somos cercados por sons e ritmos. Desde beb\u00eas, ainda na barriga da m\u00e3e, j\u00e1 escutam ru\u00eddos externos...","og_url":"https:\/\/culturaeafins.com\/index.php\/2024\/01\/26\/em-todos-os-momentos-da-nossa-vida-somos-cercados\/","og_site_name":"Cultura e Afins","article_published_time":"2024-01-26T23:30:40+00:00","article_modified_time":"2025-07-09T13:39:41+00:00","og_image":[{"width":736,"height":422,"url":"https:\/\/culturaeafins.com\/wp-content\/uploads\/2024\/01\/As-100-melhores-musicas-de-todos-os-tempos.jpg","type":"image\/jpeg"}],"author":"Culturaeafins","twitter_card":"summary_large_image","twitter_misc":{"Written by":"Culturaeafins","Est. reading time":"4 minutes"},"schema":{"@context":"https:\/\/schema.org","@graph":[{"@type":"Article","@id":"https:\/\/culturaeafins.com\/index.php\/2024\/01\/26\/em-todos-os-momentos-da-nossa-vida-somos-cercados\/#article","isPartOf":{"@id":"https:\/\/culturaeafins.com\/index.php\/2024\/01\/26\/em-todos-os-momentos-da-nossa-vida-somos-cercados\/"},"author":{"name":"Culturaeafins","@id":"https:\/\/culturaeafins.com\/#\/schema\/person\/5d1d5a375a3d9d2034d1a175aae85702"},"headline":"O poder da m\u00fasica em nossa mente","datePublished":"2024-01-26T23:30:40+00:00","dateModified":"2025-07-09T13:39:41+00:00","mainEntityOfPage":{"@id":"https:\/\/culturaeafins.com\/index.php\/2024\/01\/26\/em-todos-os-momentos-da-nossa-vida-somos-cercados\/"},"wordCount":698,"commentCount":0,"publisher":{"@id":"https:\/\/culturaeafins.com\/#organization"},"image":{"@id":"https:\/\/culturaeafins.com\/index.php\/2024\/01\/26\/em-todos-os-momentos-da-nossa-vida-somos-cercados\/#primaryimage"},"thumbnailUrl":"https:\/\/culturaeafins.com\/wp-content\/uploads\/2024\/01\/As-100-melhores-musicas-de-todos-os-tempos.jpg","articleSection":["Arte e Cultura","Blog"],"inLanguage":"en-US","potentialAction":[{"@type":"CommentAction","name":"Comment","target":["https:\/\/culturaeafins.com\/index.php\/2024\/01\/26\/em-todos-os-momentos-da-nossa-vida-somos-cercados\/#respond"]}]},{"@type":"WebPage","@id":"https:\/\/culturaeafins.com\/index.php\/2024\/01\/26\/em-todos-os-momentos-da-nossa-vida-somos-cercados\/","url":"https:\/\/culturaeafins.com\/index.php\/2024\/01\/26\/em-todos-os-momentos-da-nossa-vida-somos-cercados\/","name":"O poder da m\u00fasica em nossa mente - Cultura e Afins","isPartOf":{"@id":"https:\/\/culturaeafins.com\/#website"},"primaryImageOfPage":{"@id":"https:\/\/culturaeafins.com\/index.php\/2024\/01\/26\/em-todos-os-momentos-da-nossa-vida-somos-cercados\/#primaryimage"},"image":{"@id":"https:\/\/culturaeafins.com\/index.php\/2024\/01\/26\/em-todos-os-momentos-da-nossa-vida-somos-cercados\/#primaryimage"},"thumbnailUrl":"https:\/\/culturaeafins.com\/wp-content\/uploads\/2024\/01\/As-100-melhores-musicas-de-todos-os-tempos.jpg","datePublished":"2024-01-26T23:30:40+00:00","dateModified":"2025-07-09T13:39:41+00:00","description":"Em todos os momentos da nossa vida, somos cercados por sons e ritmos. Desde beb\u00eas, ainda na barriga da m\u00e3e, j\u00e1 escutam ru\u00eddos externos...","breadcrumb":{"@id":"https:\/\/culturaeafins.com\/index.php\/2024\/01\/26\/em-todos-os-momentos-da-nossa-vida-somos-cercados\/#breadcrumb"},"inLanguage":"en-US","potentialAction":[{"@type":"ReadAction","target":["https:\/\/culturaeafins.com\/index.php\/2024\/01\/26\/em-todos-os-momentos-da-nossa-vida-somos-cercados\/"]}]},{"@type":"ImageObject","inLanguage":"en-US","@id":"https:\/\/culturaeafins.com\/index.php\/2024\/01\/26\/em-todos-os-momentos-da-nossa-vida-somos-cercados\/#primaryimage","url":"https:\/\/culturaeafins.com\/wp-content\/uploads\/2024\/01\/As-100-melhores-musicas-de-todos-os-tempos.jpg","contentUrl":"https:\/\/culturaeafins.com\/wp-content\/uploads\/2024\/01\/As-100-melhores-musicas-de-todos-os-tempos.jpg","width":736,"height":422},{"@type":"BreadcrumbList","@id":"https:\/\/culturaeafins.com\/index.php\/2024\/01\/26\/em-todos-os-momentos-da-nossa-vida-somos-cercados\/#breadcrumb","itemListElement":[{"@type":"ListItem","position":1,"name":"In\u00edcio","item":"https:\/\/culturaeafins.com\/"},{"@type":"ListItem","position":2,"name":"O poder da m\u00fasica em nossa mente"}]},{"@type":"WebSite","@id":"https:\/\/culturaeafins.com\/#website","url":"https:\/\/culturaeafins.com\/","name":"Cultura e Afins","description":"","publisher":{"@id":"https:\/\/culturaeafins.com\/#organization"},"potentialAction":[{"@type":"SearchAction","target":{"@type":"EntryPoint","urlTemplate":"https:\/\/culturaeafins.com\/?s={search_term_string}"},"query-input":{"@type":"PropertyValueSpecification","valueRequired":true,"valueName":"search_term_string"}}],"inLanguage":"en-US"},{"@type":"Organization","@id":"https:\/\/culturaeafins.com\/#organization","name":"Cultura e Afins","url":"https:\/\/culturaeafins.com\/","logo":{"@type":"ImageObject","inLanguage":"en-US","@id":"https:\/\/culturaeafins.com\/#\/schema\/logo\/image\/","url":"https:\/\/culturaeafins.com\/wp-content\/uploads\/2024\/01\/15115497096_9efb16a648_o.jpg","contentUrl":"https:\/\/culturaeafins.com\/wp-content\/uploads\/2024\/01\/15115497096_9efb16a648_o.jpg","width":690,"height":317,"caption":"Cultura e Afins"},"image":{"@id":"https:\/\/culturaeafins.com\/#\/schema\/logo\/image\/"}},{"@type":"Person","@id":"https:\/\/culturaeafins.com\/#\/schema\/person\/5d1d5a375a3d9d2034d1a175aae85702","name":"Culturaeafins","image":{"@type":"ImageObject","inLanguage":"en-US","@id":"https:\/\/secure.gravatar.com\/avatar\/c7eb1bc1ef2ef58f0ff3ae1db737bdc5c931e84e43d43ccb3478db5f65bd9d0a?s=96&d=mm&r=g","url":"https:\/\/secure.gravatar.com\/avatar\/c7eb1bc1ef2ef58f0ff3ae1db737bdc5c931e84e43d43ccb3478db5f65bd9d0a?s=96&d=mm&r=g","contentUrl":"https:\/\/secure.gravatar.com\/avatar\/c7eb1bc1ef2ef58f0ff3ae1db737bdc5c931e84e43d43ccb3478db5f65bd9d0a?s=96&d=mm&r=g","caption":"Culturaeafins"},"sameAs":["https:\/\/culturaeafins.com"],"url":"https:\/\/culturaeafins.com\/index.php\/author\/culturaeafins\/"}]}},"_links":{"self":[{"href":"https:\/\/culturaeafins.com\/index.php\/wp-json\/wp\/v2\/posts\/172","targetHints":{"allow":["GET"]}}],"collection":[{"href":"https:\/\/culturaeafins.com\/index.php\/wp-json\/wp\/v2\/posts"}],"about":[{"href":"https:\/\/culturaeafins.com\/index.php\/wp-json\/wp\/v2\/types\/post"}],"author":[{"embeddable":true,"href":"https:\/\/culturaeafins.com\/index.php\/wp-json\/wp\/v2\/users\/1"}],"replies":[{"embeddable":true,"href":"https:\/\/culturaeafins.com\/index.php\/wp-json\/wp\/v2\/comments?post=172"}],"version-history":[{"count":37,"href":"https:\/\/culturaeafins.com\/index.php\/wp-json\/wp\/v2\/posts\/172\/revisions"}],"predecessor-version":[{"id":336,"href":"https:\/\/culturaeafins.com\/index.php\/wp-json\/wp\/v2\/posts\/172\/revisions\/336"}],"wp:featuredmedia":[{"embeddable":true,"href":"https:\/\/culturaeafins.com\/index.php\/wp-json\/wp\/v2\/media\/180"}],"wp:attachment":[{"href":"https:\/\/culturaeafins.com\/index.php\/wp-json\/wp\/v2\/media?parent=172"}],"wp:term":[{"taxonomy":"category","embeddable":true,"href":"https:\/\/culturaeafins.com\/index.php\/wp-json\/wp\/v2\/categories?post=172"},{"taxonomy":"post_tag","embeddable":true,"href":"https:\/\/culturaeafins.com\/index.php\/wp-json\/wp\/v2\/tags?post=172"}],"curies":[{"name":"wp","href":"https:\/\/api.w.org\/{rel}","templated":true}]}}