{"id":161,"date":"2024-01-20T17:39:57","date_gmt":"2024-01-20T20:39:57","guid":{"rendered":"https:\/\/culturaeafins.com\/?p=161"},"modified":"2025-05-17T13:37:31","modified_gmt":"2025-05-17T16:37:31","slug":"ha-quem-diga-que-esta-em-nosso-dna-a-necessidade-de-mudanca-uma-alma-aventureira-tem-sede-de-novidade-de-passar-por-novas-experiencias","status":"publish","type":"post","link":"https:\/\/culturaeafins.com\/index.php\/2024\/01\/20\/ha-quem-diga-que-esta-em-nosso-dna-a-necessidade-de-mudanca-uma-alma-aventureira-tem-sede-de-novidade-de-passar-por-novas-experiencias\/","title":{"rendered":"Viajar &#8211; uma das experi\u00eancias mais gratificantes da vida"},"content":{"rendered":"<h1><span style=\"font-size: 14pt;\">Permanecermos em constante mudan\u00e7a est\u00e1 em nosso DNA?<\/span><\/h1>\n<p><span style=\"font-size: 14pt;\">H\u00e1 quem diga que est\u00e1 em nosso DNA a necessidade de mudan\u00e7a. Uma alma aventureira tem sede de novidade, de passar por novas experi\u00eancias e de conhecer novos lugares.<\/span><\/p>\n<p><span style=\"font-size: 14pt;\">De certa forma, se recorrermos \u00e0 linha do tempo, observando o aspecto migrat\u00f3rio da humanidade, deparamo-nos, em v\u00e1rios momentos da hist\u00f3ria, com as andan\u00e7as de um povo \u00e0 procura de uma vida melhor.<\/span><\/p>\n<p><span style=\"font-size: 14pt;\">De um lugar para o outro, inicialmente, os motivos eram a sobreviv\u00eancia, mas depois, o homem mostrava-se \u00e1vido por novas descobertas.<\/span><\/p>\n<p><span style=\"font-size: 14pt;\">Na pr\u00e9-hist\u00f3ria, o povo n\u00f4made habitava um local at\u00e9 esgotarem-se os recursos naturais, quando n\u00e3o havia mais o que comer, iam explorar outras terras.<\/span><\/p>\n<p><span style=\"font-size: 14pt;\">Na Idade M\u00e9dia, os vikings, sa\u00edram do seu lugar de origem, no norte da Europa, devido a um crescimento populacional que acabou gerando a falta de alimentos.<\/span><\/p>\n<p><span style=\"font-size: 14pt;\">A princ\u00edpio, tinham como finalidade, encontrar terras com condi\u00e7\u00f5es clim\u00e1ticas mais amenas para o cultivo, depois partiram em expedi\u00e7\u00e3o mar\u00edtima para conquistar outros territ\u00f3rios.<\/span><\/p>\n<p><span style=\"font-size: 14pt;\">Na idade moderna, marcada pela expans\u00e3o mar\u00edtima, os europeus descobriam e colonizavam terras em outros continentes.<\/span><\/p>\n<p><span style=\"font-size: 14pt;\">Tinham como objetivo principal, o crescimento comercial com especiarias e a procura de metais preciosos.<\/span><\/p>\n<p><span style=\"font-size: 14pt;\">J\u00e1 na idade contempor\u00e2nea, o homem conseguiu chegar \u00e0 lua na inten\u00e7\u00e3o de colher amostras para experi\u00eancias cient\u00edficas.<\/span><\/p>\n<p><span style=\"font-size: 14pt;\">Tendo em vista as raz\u00f5es que levaram as pessoas a se deslocarem para lugares t\u00e3o distantes, pode-se concluir que \u00e9 do ser humano estar em constante movimento em dire\u00e7\u00e3o ao que considera ideal para a sua vida.<\/span><\/p>\n<p><span style=\"font-size: 14pt;\">Herdamos dos nossos antepassados essa busca pelo novo que nos lan\u00e7a ao desconhecido e nos faz sair da acomoda\u00e7\u00e3o.<\/span><\/p>\n<p><span style=\"font-size: 14pt;\">Atualmente, vivemos bem mais confortavelmente e n\u00e3o temos os mesmos desafios. Ent\u00e3o, como resgatar a nossa ess\u00eancia diante de uma vida pacata.<\/span><\/p>\n<p><span style=\"font-size: 14pt;\">Uma das formas de despertar em n\u00f3s o aventureiro interior \u00e9 atrav\u00e9s de viagens que podemos fazer.<\/span><\/p>\n<h1><span style=\"font-size: 14pt;\">Mas por que devemos estimular essa vontade de mudar as coisas em nossa vida?<\/span><\/h1>\n<p><span style=\"font-size: 14pt;\">Devemos estimular essa vontade de mudar as coisas em nossa vida para que possamos enxerg\u00e1-la de outra perspectiva. E uma viagem proporciona-nos isso. A Cada vez que voltamos de um passeio, percebemos o mundo de maneira diferente. E \u00e9 a partir da\u00ed que ganhamos com essa experi\u00eancia. Pois quando sa\u00edmos do conforto de nossa casa para aventurar-nos, abrimos a mente para viver o novo, o inesperado.<\/span><\/p>\n<p><span style=\"font-size: 14pt;\">O resultado disso \u00e9 a aceita\u00e7\u00e3o de uma nova cultura, de novos h\u00e1bitos e ter a oportunidade de conhecer pessoas diferentes de n\u00f3s. \u00a0Al\u00e9m de renovar as nossas energias.<\/span><\/p>\n<p><span style=\"font-size: 14pt;\">S\u00e3o variadas as inten\u00e7\u00f5es das pessoas que gostam de viajar. Tem aquelas que gostam de passar por fortes emo\u00e7\u00f5es, que querem adrenalina, praticando esportes radicais como escaladas, rapel, mergulho, bungee jump etc.<\/span><\/p>\n<p><span style=\"font-size: 14pt;\">O contr\u00e1rio disso, s\u00e3o as pessoas que querem um lugar calmo s\u00f3 para relaxar, meditar e se conectar com a natureza.<\/span><\/p>\n<p><span style=\"font-size: 14pt;\">Muitos viajam sozinhos para conhecer novas pessoas e compartilhar suas experi\u00eancias.<\/span><\/p>\n<p><span style=\"font-size: 14pt;\">Outros querem se aprofundar na cultura do lugar, conhecendo sua hist\u00f3ria, visitando museus, parques, teatros, atra\u00e7\u00f5es culturais e experimentando comidas t\u00edpicas.<\/span><\/p>\n<p><span style=\"font-size: 14pt;\">Seja qual for o motivo de se fazer uma viagem, as benesses s\u00e3o muitas e, portanto, n\u00e3o devemos abrir m\u00e3o dela.<\/span><\/p>\n<h1><strong><span style=\"font-size: 14pt;\">Os benef\u00edcios de viajar<\/span><\/strong><\/h1>\n<p><span style=\"font-size: 14pt;\">\u00c9 poss\u00edvel fazer uma lista do quanto uma <a href=\"https:\/\/pin.it\/7MvDIhTJh\">viagem<\/a> pode beneficiar algu\u00e9m em sua sa\u00fade f\u00edsica e mental. Citando alguns:<\/span><\/p>\n<p><span style=\"font-size: 14pt;\">Viajar possibilita o <a href=\"https:\/\/culturaeafins.com\/index.php\/2024\/01\/11\/i-ching-uma-ferramenta-valiosa-para-o-autoconhecimento\/\">autoconhecimento<\/a> quando vivemos experi\u00eancias in\u00e9ditas que nos fazem sair da nossa zona de conforto.<\/span><\/p>\n<p><span style=\"font-size: 14pt;\">Conhecendo outros lugares ou estar em contato com l\u00ednguas diferentes, carregamos em nossa bagagem tudo o que experimentamos, esse conhecimento adquirido nos traz crescimento pessoal e consequentemente o profissional.<\/span><\/p>\n<p><span style=\"font-size: 14pt;\">Sair da rotina do dia a dia para viajar, mesmo sendo apenas um final de semana, reduz o estresse consideravelmente e recarrega as energias para voltar \u00e0 vida corrida.<\/span><\/p>\n<p><span style=\"font-size: 14pt;\">Portanto, o ato de viajar propicia um amadurecimento nas pessoas quando se prop\u00f5em viver novas experi\u00eancias. Pois h\u00e1 uma transforma\u00e7\u00e3o inevit\u00e1vel do ser, muitas vezes refletindo sobre o que h\u00e1 de positivo ou negativo em sua vida. E assim poder\u00e1 ser capaz de mudar aquilo que n\u00e3o est\u00e1 bom em sua exist\u00eancia.<\/span><\/p>\n<p><a href=\"http:\/\/I Ching \u2013 Uma ferramenta valiosa para o autoconhecimento\">http:\/\/I Ching \u2013 Uma ferramenta valiosa para o autoconhecimento<\/a><\/p>\n","protected":false},"excerpt":{"rendered":"<p>Permanecermos em constante mudan\u00e7a est\u00e1 em nosso DNA?<br \/>\nH\u00e1 quem diga que est\u00e1 em nosso DNA a necessidade de mudan\u00e7a. Uma alma aventureira tem sede de novidade, de passar por novas &#8230;<\/p>\n","protected":false},"author":1,"featured_media":165,"comment_status":"open","ping_status":"open","sticky":false,"template":"","format":"standard","meta":{"footnotes":""},"categories":[4,1],"tags":[],"class_list":["post-161","post","type-post","status-publish","format-standard","has-post-thumbnail","hentry","category-arte-e-cultura","category-blog"],"yoast_head":"<!-- This site is optimized with the Yoast SEO plugin v27.5 - https:\/\/yoast.com\/product\/yoast-seo-wordpress\/ -->\n<title>Viajar - uma das experi\u00eancias mais gratificantes da vida - Cultura e Afins<\/title>\n<meta name=\"description\" content=\"H\u00e1 quem diga que est\u00e1 em nosso DNA a necessidade de mudan\u00e7a. Uma alma aventureira tem sede de novidade, de passar por novas experi\u00eancias...\" \/>\n<meta name=\"robots\" content=\"index, follow, max-snippet:-1, max-image-preview:large, max-video-preview:-1\" \/>\n<link rel=\"canonical\" href=\"https:\/\/culturaeafins.com\/index.php\/2024\/01\/20\/ha-quem-diga-que-esta-em-nosso-dna-a-necessidade-de-mudanca-uma-alma-aventureira-tem-sede-de-novidade-de-passar-por-novas-experiencias\/\" \/>\n<meta property=\"og:locale\" content=\"en_US\" \/>\n<meta property=\"og:type\" content=\"article\" \/>\n<meta property=\"og:title\" content=\"Viajar - uma das experi\u00eancias mais gratificantes da vida - Cultura e Afins\" \/>\n<meta property=\"og:description\" content=\"H\u00e1 quem diga que est\u00e1 em nosso DNA a necessidade de mudan\u00e7a. Uma alma aventureira tem sede de novidade, de passar por novas experi\u00eancias...\" \/>\n<meta property=\"og:url\" content=\"https:\/\/culturaeafins.com\/index.php\/2024\/01\/20\/ha-quem-diga-que-esta-em-nosso-dna-a-necessidade-de-mudanca-uma-alma-aventureira-tem-sede-de-novidade-de-passar-por-novas-experiencias\/\" \/>\n<meta property=\"og:site_name\" content=\"Cultura e Afins\" \/>\n<meta property=\"article:published_time\" content=\"2024-01-20T20:39:57+00:00\" \/>\n<meta property=\"article:modified_time\" content=\"2025-05-17T16:37:31+00:00\" \/>\n<meta property=\"og:image\" content=\"https:\/\/culturaeafins.com\/wp-content\/uploads\/2024\/01\/Mulher-viajando-e-usando-o-mapa-_-Foto-Gratis.jpg\" \/>\n\t<meta property=\"og:image:width\" content=\"626\" \/>\n\t<meta property=\"og:image:height\" content=\"417\" \/>\n\t<meta property=\"og:image:type\" content=\"image\/jpeg\" \/>\n<meta name=\"author\" content=\"Culturaeafins\" \/>\n<meta name=\"twitter:card\" content=\"summary_large_image\" \/>\n<meta name=\"twitter:label1\" content=\"Written by\" \/>\n\t<meta name=\"twitter:data1\" content=\"Culturaeafins\" \/>\n\t<meta name=\"twitter:label2\" content=\"Est. reading time\" \/>\n\t<meta name=\"twitter:data2\" content=\"4 minutes\" \/>\n<script type=\"application\/ld+json\" class=\"yoast-schema-graph\">{\"@context\":\"https:\\\/\\\/schema.org\",\"@graph\":[{\"@type\":\"Article\",\"@id\":\"https:\\\/\\\/culturaeafins.com\\\/index.php\\\/2024\\\/01\\\/20\\\/ha-quem-diga-que-esta-em-nosso-dna-a-necessidade-de-mudanca-uma-alma-aventureira-tem-sede-de-novidade-de-passar-por-novas-experiencias\\\/#article\",\"isPartOf\":{\"@id\":\"https:\\\/\\\/culturaeafins.com\\\/index.php\\\/2024\\\/01\\\/20\\\/ha-quem-diga-que-esta-em-nosso-dna-a-necessidade-de-mudanca-uma-alma-aventureira-tem-sede-de-novidade-de-passar-por-novas-experiencias\\\/\"},\"author\":{\"name\":\"Culturaeafins\",\"@id\":\"https:\\\/\\\/culturaeafins.com\\\/#\\\/schema\\\/person\\\/5d1d5a375a3d9d2034d1a175aae85702\"},\"headline\":\"Viajar &#8211; uma das experi\u00eancias mais gratificantes da vida\",\"datePublished\":\"2024-01-20T20:39:57+00:00\",\"dateModified\":\"2025-05-17T16:37:31+00:00\",\"mainEntityOfPage\":{\"@id\":\"https:\\\/\\\/culturaeafins.com\\\/index.php\\\/2024\\\/01\\\/20\\\/ha-quem-diga-que-esta-em-nosso-dna-a-necessidade-de-mudanca-uma-alma-aventureira-tem-sede-de-novidade-de-passar-por-novas-experiencias\\\/\"},\"wordCount\":755,\"commentCount\":0,\"publisher\":{\"@id\":\"https:\\\/\\\/culturaeafins.com\\\/#organization\"},\"image\":{\"@id\":\"https:\\\/\\\/culturaeafins.com\\\/index.php\\\/2024\\\/01\\\/20\\\/ha-quem-diga-que-esta-em-nosso-dna-a-necessidade-de-mudanca-uma-alma-aventureira-tem-sede-de-novidade-de-passar-por-novas-experiencias\\\/#primaryimage\"},\"thumbnailUrl\":\"https:\\\/\\\/culturaeafins.com\\\/wp-content\\\/uploads\\\/2024\\\/01\\\/Mulher-viajando-e-usando-o-mapa-_-Foto-Gratis.jpg\",\"articleSection\":[\"Arte e Cultura\",\"Blog\"],\"inLanguage\":\"en-US\",\"potentialAction\":[{\"@type\":\"CommentAction\",\"name\":\"Comment\",\"target\":[\"https:\\\/\\\/culturaeafins.com\\\/index.php\\\/2024\\\/01\\\/20\\\/ha-quem-diga-que-esta-em-nosso-dna-a-necessidade-de-mudanca-uma-alma-aventureira-tem-sede-de-novidade-de-passar-por-novas-experiencias\\\/#respond\"]}]},{\"@type\":\"WebPage\",\"@id\":\"https:\\\/\\\/culturaeafins.com\\\/index.php\\\/2024\\\/01\\\/20\\\/ha-quem-diga-que-esta-em-nosso-dna-a-necessidade-de-mudanca-uma-alma-aventureira-tem-sede-de-novidade-de-passar-por-novas-experiencias\\\/\",\"url\":\"https:\\\/\\\/culturaeafins.com\\\/index.php\\\/2024\\\/01\\\/20\\\/ha-quem-diga-que-esta-em-nosso-dna-a-necessidade-de-mudanca-uma-alma-aventureira-tem-sede-de-novidade-de-passar-por-novas-experiencias\\\/\",\"name\":\"Viajar - uma das experi\u00eancias mais gratificantes da vida - Cultura e Afins\",\"isPartOf\":{\"@id\":\"https:\\\/\\\/culturaeafins.com\\\/#website\"},\"primaryImageOfPage\":{\"@id\":\"https:\\\/\\\/culturaeafins.com\\\/index.php\\\/2024\\\/01\\\/20\\\/ha-quem-diga-que-esta-em-nosso-dna-a-necessidade-de-mudanca-uma-alma-aventureira-tem-sede-de-novidade-de-passar-por-novas-experiencias\\\/#primaryimage\"},\"image\":{\"@id\":\"https:\\\/\\\/culturaeafins.com\\\/index.php\\\/2024\\\/01\\\/20\\\/ha-quem-diga-que-esta-em-nosso-dna-a-necessidade-de-mudanca-uma-alma-aventureira-tem-sede-de-novidade-de-passar-por-novas-experiencias\\\/#primaryimage\"},\"thumbnailUrl\":\"https:\\\/\\\/culturaeafins.com\\\/wp-content\\\/uploads\\\/2024\\\/01\\\/Mulher-viajando-e-usando-o-mapa-_-Foto-Gratis.jpg\",\"datePublished\":\"2024-01-20T20:39:57+00:00\",\"dateModified\":\"2025-05-17T16:37:31+00:00\",\"description\":\"H\u00e1 quem diga que est\u00e1 em nosso DNA a necessidade de mudan\u00e7a. Uma alma aventureira tem sede de novidade, de passar por novas experi\u00eancias...\",\"breadcrumb\":{\"@id\":\"https:\\\/\\\/culturaeafins.com\\\/index.php\\\/2024\\\/01\\\/20\\\/ha-quem-diga-que-esta-em-nosso-dna-a-necessidade-de-mudanca-uma-alma-aventureira-tem-sede-de-novidade-de-passar-por-novas-experiencias\\\/#breadcrumb\"},\"inLanguage\":\"en-US\",\"potentialAction\":[{\"@type\":\"ReadAction\",\"target\":[\"https:\\\/\\\/culturaeafins.com\\\/index.php\\\/2024\\\/01\\\/20\\\/ha-quem-diga-que-esta-em-nosso-dna-a-necessidade-de-mudanca-uma-alma-aventureira-tem-sede-de-novidade-de-passar-por-novas-experiencias\\\/\"]}]},{\"@type\":\"ImageObject\",\"inLanguage\":\"en-US\",\"@id\":\"https:\\\/\\\/culturaeafins.com\\\/index.php\\\/2024\\\/01\\\/20\\\/ha-quem-diga-que-esta-em-nosso-dna-a-necessidade-de-mudanca-uma-alma-aventureira-tem-sede-de-novidade-de-passar-por-novas-experiencias\\\/#primaryimage\",\"url\":\"https:\\\/\\\/culturaeafins.com\\\/wp-content\\\/uploads\\\/2024\\\/01\\\/Mulher-viajando-e-usando-o-mapa-_-Foto-Gratis.jpg\",\"contentUrl\":\"https:\\\/\\\/culturaeafins.com\\\/wp-content\\\/uploads\\\/2024\\\/01\\\/Mulher-viajando-e-usando-o-mapa-_-Foto-Gratis.jpg\",\"width\":626,\"height\":417},{\"@type\":\"BreadcrumbList\",\"@id\":\"https:\\\/\\\/culturaeafins.com\\\/index.php\\\/2024\\\/01\\\/20\\\/ha-quem-diga-que-esta-em-nosso-dna-a-necessidade-de-mudanca-uma-alma-aventureira-tem-sede-de-novidade-de-passar-por-novas-experiencias\\\/#breadcrumb\",\"itemListElement\":[{\"@type\":\"ListItem\",\"position\":1,\"name\":\"In\u00edcio\",\"item\":\"https:\\\/\\\/culturaeafins.com\\\/\"},{\"@type\":\"ListItem\",\"position\":2,\"name\":\"Viajar &#8211; uma das experi\u00eancias mais gratificantes da vida\"}]},{\"@type\":\"WebSite\",\"@id\":\"https:\\\/\\\/culturaeafins.com\\\/#website\",\"url\":\"https:\\\/\\\/culturaeafins.com\\\/\",\"name\":\"Cultura e Afins\",\"description\":\"\",\"publisher\":{\"@id\":\"https:\\\/\\\/culturaeafins.com\\\/#organization\"},\"potentialAction\":[{\"@type\":\"SearchAction\",\"target\":{\"@type\":\"EntryPoint\",\"urlTemplate\":\"https:\\\/\\\/culturaeafins.com\\\/?s={search_term_string}\"},\"query-input\":{\"@type\":\"PropertyValueSpecification\",\"valueRequired\":true,\"valueName\":\"search_term_string\"}}],\"inLanguage\":\"en-US\"},{\"@type\":\"Organization\",\"@id\":\"https:\\\/\\\/culturaeafins.com\\\/#organization\",\"name\":\"Cultura e Afins\",\"url\":\"https:\\\/\\\/culturaeafins.com\\\/\",\"logo\":{\"@type\":\"ImageObject\",\"inLanguage\":\"en-US\",\"@id\":\"https:\\\/\\\/culturaeafins.com\\\/#\\\/schema\\\/logo\\\/image\\\/\",\"url\":\"https:\\\/\\\/culturaeafins.com\\\/wp-content\\\/uploads\\\/2024\\\/01\\\/15115497096_9efb16a648_o.jpg\",\"contentUrl\":\"https:\\\/\\\/culturaeafins.com\\\/wp-content\\\/uploads\\\/2024\\\/01\\\/15115497096_9efb16a648_o.jpg\",\"width\":690,\"height\":317,\"caption\":\"Cultura e Afins\"},\"image\":{\"@id\":\"https:\\\/\\\/culturaeafins.com\\\/#\\\/schema\\\/logo\\\/image\\\/\"}},{\"@type\":\"Person\",\"@id\":\"https:\\\/\\\/culturaeafins.com\\\/#\\\/schema\\\/person\\\/5d1d5a375a3d9d2034d1a175aae85702\",\"name\":\"Culturaeafins\",\"image\":{\"@type\":\"ImageObject\",\"inLanguage\":\"en-US\",\"@id\":\"https:\\\/\\\/secure.gravatar.com\\\/avatar\\\/c7eb1bc1ef2ef58f0ff3ae1db737bdc5c931e84e43d43ccb3478db5f65bd9d0a?s=96&d=mm&r=g\",\"url\":\"https:\\\/\\\/secure.gravatar.com\\\/avatar\\\/c7eb1bc1ef2ef58f0ff3ae1db737bdc5c931e84e43d43ccb3478db5f65bd9d0a?s=96&d=mm&r=g\",\"contentUrl\":\"https:\\\/\\\/secure.gravatar.com\\\/avatar\\\/c7eb1bc1ef2ef58f0ff3ae1db737bdc5c931e84e43d43ccb3478db5f65bd9d0a?s=96&d=mm&r=g\",\"caption\":\"Culturaeafins\"},\"sameAs\":[\"https:\\\/\\\/culturaeafins.com\"],\"url\":\"https:\\\/\\\/culturaeafins.com\\\/index.php\\\/author\\\/culturaeafins\\\/\"}]}<\/script>\n<!-- \/ Yoast SEO plugin. -->","yoast_head_json":{"title":"Viajar - uma das experi\u00eancias mais gratificantes da vida - Cultura e Afins","description":"H\u00e1 quem diga que est\u00e1 em nosso DNA a necessidade de mudan\u00e7a. Uma alma aventureira tem sede de novidade, de passar por novas experi\u00eancias...","robots":{"index":"index","follow":"follow","max-snippet":"max-snippet:-1","max-image-preview":"max-image-preview:large","max-video-preview":"max-video-preview:-1"},"canonical":"https:\/\/culturaeafins.com\/index.php\/2024\/01\/20\/ha-quem-diga-que-esta-em-nosso-dna-a-necessidade-de-mudanca-uma-alma-aventureira-tem-sede-de-novidade-de-passar-por-novas-experiencias\/","og_locale":"en_US","og_type":"article","og_title":"Viajar - uma das experi\u00eancias mais gratificantes da vida - Cultura e Afins","og_description":"H\u00e1 quem diga que est\u00e1 em nosso DNA a necessidade de mudan\u00e7a. Uma alma aventureira tem sede de novidade, de passar por novas experi\u00eancias...","og_url":"https:\/\/culturaeafins.com\/index.php\/2024\/01\/20\/ha-quem-diga-que-esta-em-nosso-dna-a-necessidade-de-mudanca-uma-alma-aventureira-tem-sede-de-novidade-de-passar-por-novas-experiencias\/","og_site_name":"Cultura e Afins","article_published_time":"2024-01-20T20:39:57+00:00","article_modified_time":"2025-05-17T16:37:31+00:00","og_image":[{"width":626,"height":417,"url":"https:\/\/culturaeafins.com\/wp-content\/uploads\/2024\/01\/Mulher-viajando-e-usando-o-mapa-_-Foto-Gratis.jpg","type":"image\/jpeg"}],"author":"Culturaeafins","twitter_card":"summary_large_image","twitter_misc":{"Written by":"Culturaeafins","Est. reading time":"4 minutes"},"schema":{"@context":"https:\/\/schema.org","@graph":[{"@type":"Article","@id":"https:\/\/culturaeafins.com\/index.php\/2024\/01\/20\/ha-quem-diga-que-esta-em-nosso-dna-a-necessidade-de-mudanca-uma-alma-aventureira-tem-sede-de-novidade-de-passar-por-novas-experiencias\/#article","isPartOf":{"@id":"https:\/\/culturaeafins.com\/index.php\/2024\/01\/20\/ha-quem-diga-que-esta-em-nosso-dna-a-necessidade-de-mudanca-uma-alma-aventureira-tem-sede-de-novidade-de-passar-por-novas-experiencias\/"},"author":{"name":"Culturaeafins","@id":"https:\/\/culturaeafins.com\/#\/schema\/person\/5d1d5a375a3d9d2034d1a175aae85702"},"headline":"Viajar &#8211; uma das experi\u00eancias mais gratificantes da vida","datePublished":"2024-01-20T20:39:57+00:00","dateModified":"2025-05-17T16:37:31+00:00","mainEntityOfPage":{"@id":"https:\/\/culturaeafins.com\/index.php\/2024\/01\/20\/ha-quem-diga-que-esta-em-nosso-dna-a-necessidade-de-mudanca-uma-alma-aventureira-tem-sede-de-novidade-de-passar-por-novas-experiencias\/"},"wordCount":755,"commentCount":0,"publisher":{"@id":"https:\/\/culturaeafins.com\/#organization"},"image":{"@id":"https:\/\/culturaeafins.com\/index.php\/2024\/01\/20\/ha-quem-diga-que-esta-em-nosso-dna-a-necessidade-de-mudanca-uma-alma-aventureira-tem-sede-de-novidade-de-passar-por-novas-experiencias\/#primaryimage"},"thumbnailUrl":"https:\/\/culturaeafins.com\/wp-content\/uploads\/2024\/01\/Mulher-viajando-e-usando-o-mapa-_-Foto-Gratis.jpg","articleSection":["Arte e Cultura","Blog"],"inLanguage":"en-US","potentialAction":[{"@type":"CommentAction","name":"Comment","target":["https:\/\/culturaeafins.com\/index.php\/2024\/01\/20\/ha-quem-diga-que-esta-em-nosso-dna-a-necessidade-de-mudanca-uma-alma-aventureira-tem-sede-de-novidade-de-passar-por-novas-experiencias\/#respond"]}]},{"@type":"WebPage","@id":"https:\/\/culturaeafins.com\/index.php\/2024\/01\/20\/ha-quem-diga-que-esta-em-nosso-dna-a-necessidade-de-mudanca-uma-alma-aventureira-tem-sede-de-novidade-de-passar-por-novas-experiencias\/","url":"https:\/\/culturaeafins.com\/index.php\/2024\/01\/20\/ha-quem-diga-que-esta-em-nosso-dna-a-necessidade-de-mudanca-uma-alma-aventureira-tem-sede-de-novidade-de-passar-por-novas-experiencias\/","name":"Viajar - uma das experi\u00eancias mais gratificantes da vida - Cultura e Afins","isPartOf":{"@id":"https:\/\/culturaeafins.com\/#website"},"primaryImageOfPage":{"@id":"https:\/\/culturaeafins.com\/index.php\/2024\/01\/20\/ha-quem-diga-que-esta-em-nosso-dna-a-necessidade-de-mudanca-uma-alma-aventureira-tem-sede-de-novidade-de-passar-por-novas-experiencias\/#primaryimage"},"image":{"@id":"https:\/\/culturaeafins.com\/index.php\/2024\/01\/20\/ha-quem-diga-que-esta-em-nosso-dna-a-necessidade-de-mudanca-uma-alma-aventureira-tem-sede-de-novidade-de-passar-por-novas-experiencias\/#primaryimage"},"thumbnailUrl":"https:\/\/culturaeafins.com\/wp-content\/uploads\/2024\/01\/Mulher-viajando-e-usando-o-mapa-_-Foto-Gratis.jpg","datePublished":"2024-01-20T20:39:57+00:00","dateModified":"2025-05-17T16:37:31+00:00","description":"H\u00e1 quem diga que est\u00e1 em nosso DNA a necessidade de mudan\u00e7a. Uma alma aventureira tem sede de novidade, de passar por novas experi\u00eancias...","breadcrumb":{"@id":"https:\/\/culturaeafins.com\/index.php\/2024\/01\/20\/ha-quem-diga-que-esta-em-nosso-dna-a-necessidade-de-mudanca-uma-alma-aventureira-tem-sede-de-novidade-de-passar-por-novas-experiencias\/#breadcrumb"},"inLanguage":"en-US","potentialAction":[{"@type":"ReadAction","target":["https:\/\/culturaeafins.com\/index.php\/2024\/01\/20\/ha-quem-diga-que-esta-em-nosso-dna-a-necessidade-de-mudanca-uma-alma-aventureira-tem-sede-de-novidade-de-passar-por-novas-experiencias\/"]}]},{"@type":"ImageObject","inLanguage":"en-US","@id":"https:\/\/culturaeafins.com\/index.php\/2024\/01\/20\/ha-quem-diga-que-esta-em-nosso-dna-a-necessidade-de-mudanca-uma-alma-aventureira-tem-sede-de-novidade-de-passar-por-novas-experiencias\/#primaryimage","url":"https:\/\/culturaeafins.com\/wp-content\/uploads\/2024\/01\/Mulher-viajando-e-usando-o-mapa-_-Foto-Gratis.jpg","contentUrl":"https:\/\/culturaeafins.com\/wp-content\/uploads\/2024\/01\/Mulher-viajando-e-usando-o-mapa-_-Foto-Gratis.jpg","width":626,"height":417},{"@type":"BreadcrumbList","@id":"https:\/\/culturaeafins.com\/index.php\/2024\/01\/20\/ha-quem-diga-que-esta-em-nosso-dna-a-necessidade-de-mudanca-uma-alma-aventureira-tem-sede-de-novidade-de-passar-por-novas-experiencias\/#breadcrumb","itemListElement":[{"@type":"ListItem","position":1,"name":"In\u00edcio","item":"https:\/\/culturaeafins.com\/"},{"@type":"ListItem","position":2,"name":"Viajar &#8211; uma das experi\u00eancias mais gratificantes da vida"}]},{"@type":"WebSite","@id":"https:\/\/culturaeafins.com\/#website","url":"https:\/\/culturaeafins.com\/","name":"Cultura e Afins","description":"","publisher":{"@id":"https:\/\/culturaeafins.com\/#organization"},"potentialAction":[{"@type":"SearchAction","target":{"@type":"EntryPoint","urlTemplate":"https:\/\/culturaeafins.com\/?s={search_term_string}"},"query-input":{"@type":"PropertyValueSpecification","valueRequired":true,"valueName":"search_term_string"}}],"inLanguage":"en-US"},{"@type":"Organization","@id":"https:\/\/culturaeafins.com\/#organization","name":"Cultura e Afins","url":"https:\/\/culturaeafins.com\/","logo":{"@type":"ImageObject","inLanguage":"en-US","@id":"https:\/\/culturaeafins.com\/#\/schema\/logo\/image\/","url":"https:\/\/culturaeafins.com\/wp-content\/uploads\/2024\/01\/15115497096_9efb16a648_o.jpg","contentUrl":"https:\/\/culturaeafins.com\/wp-content\/uploads\/2024\/01\/15115497096_9efb16a648_o.jpg","width":690,"height":317,"caption":"Cultura e Afins"},"image":{"@id":"https:\/\/culturaeafins.com\/#\/schema\/logo\/image\/"}},{"@type":"Person","@id":"https:\/\/culturaeafins.com\/#\/schema\/person\/5d1d5a375a3d9d2034d1a175aae85702","name":"Culturaeafins","image":{"@type":"ImageObject","inLanguage":"en-US","@id":"https:\/\/secure.gravatar.com\/avatar\/c7eb1bc1ef2ef58f0ff3ae1db737bdc5c931e84e43d43ccb3478db5f65bd9d0a?s=96&d=mm&r=g","url":"https:\/\/secure.gravatar.com\/avatar\/c7eb1bc1ef2ef58f0ff3ae1db737bdc5c931e84e43d43ccb3478db5f65bd9d0a?s=96&d=mm&r=g","contentUrl":"https:\/\/secure.gravatar.com\/avatar\/c7eb1bc1ef2ef58f0ff3ae1db737bdc5c931e84e43d43ccb3478db5f65bd9d0a?s=96&d=mm&r=g","caption":"Culturaeafins"},"sameAs":["https:\/\/culturaeafins.com"],"url":"https:\/\/culturaeafins.com\/index.php\/author\/culturaeafins\/"}]}},"_links":{"self":[{"href":"https:\/\/culturaeafins.com\/index.php\/wp-json\/wp\/v2\/posts\/161","targetHints":{"allow":["GET"]}}],"collection":[{"href":"https:\/\/culturaeafins.com\/index.php\/wp-json\/wp\/v2\/posts"}],"about":[{"href":"https:\/\/culturaeafins.com\/index.php\/wp-json\/wp\/v2\/types\/post"}],"author":[{"embeddable":true,"href":"https:\/\/culturaeafins.com\/index.php\/wp-json\/wp\/v2\/users\/1"}],"replies":[{"embeddable":true,"href":"https:\/\/culturaeafins.com\/index.php\/wp-json\/wp\/v2\/comments?post=161"}],"version-history":[{"count":12,"href":"https:\/\/culturaeafins.com\/index.php\/wp-json\/wp\/v2\/posts\/161\/revisions"}],"predecessor-version":[{"id":333,"href":"https:\/\/culturaeafins.com\/index.php\/wp-json\/wp\/v2\/posts\/161\/revisions\/333"}],"wp:featuredmedia":[{"embeddable":true,"href":"https:\/\/culturaeafins.com\/index.php\/wp-json\/wp\/v2\/media\/165"}],"wp:attachment":[{"href":"https:\/\/culturaeafins.com\/index.php\/wp-json\/wp\/v2\/media?parent=161"}],"wp:term":[{"taxonomy":"category","embeddable":true,"href":"https:\/\/culturaeafins.com\/index.php\/wp-json\/wp\/v2\/categories?post=161"},{"taxonomy":"post_tag","embeddable":true,"href":"https:\/\/culturaeafins.com\/index.php\/wp-json\/wp\/v2\/tags?post=161"}],"curies":[{"name":"wp","href":"https:\/\/api.w.org\/{rel}","templated":true}]}}