{"id":109,"date":"2024-01-07T13:26:18","date_gmt":"2024-01-07T16:26:18","guid":{"rendered":"https:\/\/culturaeafins.com\/?p=109"},"modified":"2025-05-17T13:26:45","modified_gmt":"2025-05-17T16:26:45","slug":"turne-titas-encontro-pra-dizer-adeus","status":"publish","type":"post","link":"https:\/\/culturaeafins.com\/index.php\/2024\/01\/07\/turne-titas-encontro-pra-dizer-adeus\/","title":{"rendered":"Turn\u00ea Tit\u00e3s Encontro \u2013 Pra dizer adeus"},"content":{"rendered":"<h1><span style=\"font-size: 14pt; font-family: georgia, palatino, serif;\">Com recorde de p\u00fablico em todas as noites, a banda Tit\u00e3s realizou seus \u00faltimos shows\u00a0 na cidade de S\u00e3o Paulo\u00a0<\/span><\/h1>\n<p>&nbsp;<\/p>\n<p><span style=\"font-family: georgia, palatino, serif; font-size: 14pt;\">Nos dias 21,22 e 23 de dezembro, com recorde de p\u00fablico em todas as noites, a banda Tit\u00e3s realizou seus \u00faltimos <a href=\"https:\/\/www.supertransado.com.br\/site\/img\/artigos\/large\/6115-1.jpg\">shows<\/a> na cidade de S\u00e3o Paulo.<\/span><\/p>\n<p><span style=\"font-family: georgia, palatino, serif; font-size: 14pt;\">Ap\u00f3s essa turn\u00ea, o grupo encerra esse reencontro que uniu os integrantes da forma\u00e7\u00e3o original: Arnaldo Antunes, Branco Mello, Charles Gavin, Liminha, Nando Reis, Paulo Miklos, S\u00e9rgio Britto e Tony Belloto.<\/span><\/p>\n<p><span style=\"font-family: georgia, palatino, serif; font-size: 14pt;\">Branco Mello, que retirou boa parte da laringe por causa de um tumor agressivo, mesmo rouco mostrou-se resiliente e grato por ainda estar falando e poder fazer parte dessa experi\u00eancia incr\u00edvel.<\/span><\/p>\n<p><span style=\"font-family: georgia, palatino, serif; font-size: 14pt;\">A inten\u00e7\u00e3o de juntarem-se para esse evento foi para celebrar os 40 anos de sua exist\u00eancia. \u201cTit\u00e3s Encontro &#8211; Pra dizer adeus\u201d se apresentou por todo o Brasil, deixando os f\u00e3s de longa data entusiasmados com esse retorno moment\u00e2neo.<\/span><\/p>\n<h2><span style=\"font-size: 14pt; font-family: georgia, palatino, serif;\">Banda marcou o rock nacional<\/span><\/h2>\n<p><span style=\"font-family: georgia, palatino, serif; font-size: 14pt;\">Banda que marcou o rock nacional na d\u00e9cada dos anos 80, mostrou que suas m\u00fasicas s\u00e3o t\u00e3o atuais quanto naquela \u00e9poca. Pois fatos que confirmam isso foram os ingressos esgotados nos tr\u00eas dias de apresenta\u00e7\u00e3o e a presen\u00e7a de fam\u00edlias inteiras assistindo aos shows, pai, m\u00e3e e filhos. Ou seja, ouvir Tit\u00e3s \u00e9 uma cultura que vai passando de gera\u00e7\u00e3o em gera\u00e7\u00e3o.<\/span><\/p>\n<p><span style=\"font-family: georgia, palatino, serif; font-size: 14pt;\">Quem acompanha os Tit\u00e3s desde o in\u00edcio, p\u00f4de conectar-se com suas mem\u00f3rias a cada momento e teve a oportunidade de criar outras nesse encontro marcante.<\/span><\/p>\n<p><span style=\"font-family: georgia, palatino, serif; font-size: 14pt;\">J\u00e1 a nova gera\u00e7\u00e3o vivenciou a forma peculiar das feras do rock com suas performances teatrais e a intera\u00e7\u00e3o com um p\u00fablico que vibrava muito.<\/span><\/p>\n<p><span style=\"font-family: georgia, palatino, serif; font-size: 14pt;\">Numa atmosfera nost\u00e1lgica, o show foi produzido por um repert\u00f3rio de can\u00e7\u00f5es compostas por todos os integrantes no intuito de prestigi\u00e1-los.<\/span><\/p>\n<p><span style=\"font-family: georgia, palatino, serif; font-size: 14pt;\">Dessa forma, os f\u00e3s mais antigos reviveram uma fase mais rock and roll da banda que j\u00e1 fazia grande sucesso. Foram ao del\u00edrio com as m\u00fasicas \u201cPol\u00edcia\u201d, \u201cBichos escrotos\u201d, \u201cAA UU\u201d e \u201cPorrada\u201d.<\/span><\/p>\n<p><span style=\"font-family: georgia, palatino, serif; font-size: 14pt;\">Com as can\u00e7\u00f5es do \u00e1lbum \u201cAc\u00fastico MTV\u201d, a viagem pelo tempo chegava aos anos 90. A multid\u00e3o experienciava esse momento cantando e dan\u00e7ando.<\/span><\/p>\n<p><span style=\"font-family: georgia, palatino, serif; font-size: 14pt;\">Um dos momentos marcantes da apresenta\u00e7\u00e3o foi a participa\u00e7\u00e3o da Alice Fromer para homenagear o pai Marcelo Fromer, que morreu em 2001, v\u00edtima de um atropelamento. Cantou algumas m\u00fasicas ao lado de Arnaldo Antunes.<\/span><\/p>\n<p><span style=\"font-family: georgia, palatino, serif; font-size: 14pt;\">Outro momento impactante foi ao som de \u201cEpit\u00e1fio\u201d, com o est\u00e1dio todo iluminado pelas lanternas dos celulares, em un\u00edssono a multid\u00e3o cantava.<\/span><\/p>\n<p><span style=\"font-family: georgia, palatino, serif; font-size: 12pt;\"><span style=\"font-size: 14pt;\">Esse foi realmente um espet\u00e1culo grandioso e deixar\u00e1 saudades e \u00f3timas lembran\u00e7as para quem estava presente.<\/span><\/span><\/p>\n<h3><span style=\"font-family: georgia, palatino, serif; font-size: 14pt;\">A hist\u00f3ria da banda<\/span><\/h3>\n<p><span style=\"font-family: georgia, palatino, serif; font-size: 14pt;\">Formada na cidade de S\u00e3o Paulo em 1982, seu estilo, em princ\u00edpio, era o pop rock alternativo, mas passaram por outros g\u00eaneros como New wave, MPB, grunge e punk rock.<\/span><\/p>\n<p><span style=\"font-family: georgia, palatino, serif; font-size: 14pt;\">Sua primeira forma\u00e7\u00e3o era composta por 9 membros: Arnaldo Antunes, Ciro Pessoa, Branco Mello, Sergio Brito, Paulo Miklos e Nando Reis, Andr\u00e9 Jung, Marcelo Fromer e Tony Belloto.<\/span><\/p>\n<p><span style=\"font-family: georgia, palatino, serif; font-size: 14pt;\">A maioria deles estudavam juntos no Col\u00e9gio Equipe e j\u00e1 era envolvida com a m\u00fasica e participava em outras bandas.<\/span><\/p>\n<p><span style=\"font-family: georgia, palatino, serif; font-size: 14pt;\">Sua maior influ\u00eancia musical foram os \u201cNovos Baianos\u201d, Alceu Val\u00eancia e Gilberto Gil tanto que em 1981, decidiram formar a primeira vers\u00e3o dos Tit\u00e3s, que se chamava \u201cTit\u00e3s do i\u00ea-i\u00ea\u201d.<\/span><\/p>\n<p><span style=\"font-family: georgia, palatino, serif; font-size: 14pt;\">E a partir da\u00ed a banda j\u00e1 chamava a aten\u00e7\u00e3o pela quantidade de pessoas no palco, pelas roupas bizarras e maquiagem.<\/span><\/p>\n<h4><span style=\"font-size: 14pt; font-family: georgia, palatino, serif;\">Discos lan\u00e7ados<\/span><\/h4>\n<p><span style=\"font-size: 14pt; font-family: georgia, palatino, serif;\">Em 1984, Ciro Pessoa deixa a banda, passando a ficar com 8 pessoas. Nesse mesmo ano, lan\u00e7aram o seu primeiro disco e decidiram tirar o \u201ci\u00ea-i\u00ea\u201d de Tit\u00e3s, por estarem sendo confundidos com a \u00e9poca do rock da jovem guarda.<\/span><\/p>\n<p><span style=\"font-size: 14pt; font-family: georgia, palatino, serif;\">Nesse disco, intitulado \u201cTit\u00e3s\u201d, j\u00e1 contava com grandes sucessos como \u201cSon\u00edfera Ilha\u201d e \u201cMarvin\u201d.<\/span><\/p>\n<p><span style=\"font-size: 14pt; font-family: georgia, palatino, serif;\">\u201cSon\u00edfera ilha\u201d foi uma das m\u00fasicas mais tocadas nas r\u00e1dios na \u00e9poca. Tal fato propiciou v\u00e1rias apresenta\u00e7\u00f5es da banda nos programas de tv do Raul Gil e Chacrinha.<\/span><\/p>\n<p><span style=\"font-size: 14pt; font-family: georgia, palatino, serif;\">Em 1985 lan\u00e7aram um novo disco \u201cTit\u00e3s \u2013 Televis\u00e3o\u201d. E foi em 1986 que ganharam seu primeiro disco de ouro com o disco \u201cCabe\u00e7a Dinossauro\u201d.<\/span><\/p>\n<p><span style=\"font-size: 14pt; font-family: georgia, palatino, serif;\">No ano de 1987, lan\u00e7am o seu quarto disco \u201cTit\u00e3s \u2013 Jesus n\u00e3o tem dentes no pa\u00eds dos banguelas\u201d.<\/span><\/p>\n<p><span style=\"font-size: 14pt; font-family: georgia, palatino, serif;\">Em 1988 j\u00e1 se apresentavam internacionalmente, gravaram seu primeiro disco ao vivo chamado \u201cGo back.<\/span><\/p>\n<p><span style=\"font-size: 14pt; font-family: georgia, palatino, serif;\">E em 1989, o disco \u201c\u00d5 Bl\u00e9sq Blom\u201d foi uma das produ\u00e7\u00f5es mais famosas da \u00e9poca e seus principais sucessos foram \u201cMis\u00e9ria\u201d, \u201cFlores\u201d e \u201cPulso\u201d.<\/span><\/p>\n<p><span style=\"font-size: 14pt; font-family: georgia, palatino, serif;\">Em 1991, lan\u00e7aram o \u00e1lbum \u201cTit\u00e3s \u2013 Tudo ao mesmo tempo agora\u201d, e 1993 \u2013 \u201cTitanomaquia\u201d, em 1994 \u2013 \u201cTit\u00e3s \u2013 Domingo\u201d, em 1997 \u2013 \u201cAc\u00fastico MTV\u201d, em 1998 \u2013 \u201cTit\u00e3s \u2013 Volume dois ao vivo\u201d, em 1999 \u2013 \u201cTit\u00e3s \u2013 As dez mais\u201d, em 2001 \u2013 \u201cA melhor banda de todos os tempos da \u00faltima semana\u201d, em 2003 \u2013 \u201cComo est\u00e3o voc\u00eas\u201d, em 2005 \u2013 \u201cTit\u00e3s \u2013 MTV ao vivo\u201d, em 2009 \u2013 \u201cTit\u00e3s \u2013 Sacos pl\u00e1sticos\u201d<\/span><\/p>\n<p><span style=\"font-size: 14pt; font-family: georgia, palatino, serif;\"><a href=\"https:\/\/culturaeafins.com\/index.php\/2023\/12\/18\/resiliencia-por-que-e-tao-importante-desenvolvermos-esse-comportamento\/\">https:\/\/culturaeafins.com\/index.php\/2023\/12\/18\/resiliencia-por-que-e-tao-importante-desenvolvermos-esse-comportamento\/<\/a><\/span><\/p>\n<p>&nbsp;<\/p>\n","protected":false},"excerpt":{"rendered":"<p>Com recorde de p\u00fablico em todas as noites, a banda Tit\u00e3s realizou seus \u00faltimos shows\u00a0 na cidade de S\u00e3o Paulo\u00a0<br \/>\n&nbsp;<br \/>\nNos dias 21,22 e 23 de dezembro, com recorde de p\u00fablico &#8230;<\/p>\n","protected":false},"author":1,"featured_media":114,"comment_status":"open","ping_status":"open","sticky":false,"template":"","format":"standard","meta":{"footnotes":""},"categories":[2],"tags":[],"class_list":["post-109","post","type-post","status-publish","format-standard","has-post-thumbnail","hentry","category-noticias"],"yoast_head":"<!-- This site is optimized with the Yoast SEO plugin v27.5 - https:\/\/yoast.com\/product\/yoast-seo-wordpress\/ -->\n<title>Turn\u00ea Tit\u00e3s Encontro \u2013 Pra dizer adeus - Cultura e Afins<\/title>\n<meta name=\"description\" content=\"Nos dias 21,22 e 23 de dezembro com recorde de p\u00fablico em todas as noites, a banda Tit\u00e3s realizou seus \u00faltimos shows em S\u00e3o Paulo.\" \/>\n<meta name=\"robots\" content=\"index, follow, max-snippet:-1, max-image-preview:large, max-video-preview:-1\" \/>\n<link rel=\"canonical\" href=\"https:\/\/culturaeafins.com\/index.php\/2024\/01\/07\/turne-titas-encontro-pra-dizer-adeus\/\" \/>\n<meta property=\"og:locale\" content=\"en_US\" \/>\n<meta property=\"og:type\" content=\"article\" \/>\n<meta property=\"og:title\" content=\"Turn\u00ea Tit\u00e3s Encontro \u2013 Pra dizer adeus - Cultura e Afins\" \/>\n<meta property=\"og:description\" content=\"Nos dias 21,22 e 23 de dezembro com recorde de p\u00fablico em todas as noites, a banda Tit\u00e3s realizou seus \u00faltimos shows em S\u00e3o Paulo.\" \/>\n<meta property=\"og:url\" content=\"https:\/\/culturaeafins.com\/index.php\/2024\/01\/07\/turne-titas-encontro-pra-dizer-adeus\/\" \/>\n<meta property=\"og:site_name\" content=\"Cultura e Afins\" \/>\n<meta property=\"article:published_time\" content=\"2024-01-07T16:26:18+00:00\" \/>\n<meta property=\"article:modified_time\" content=\"2025-05-17T16:26:45+00:00\" \/>\n<meta property=\"og:image\" content=\"https:\/\/culturaeafins.com\/wp-content\/uploads\/2024\/01\/Foto-dos-Titas.jpg\" \/>\n\t<meta property=\"og:image:width\" content=\"800\" \/>\n\t<meta property=\"og:image:height\" content=\"534\" \/>\n\t<meta property=\"og:image:type\" content=\"image\/jpeg\" \/>\n<meta name=\"author\" content=\"Culturaeafins\" \/>\n<meta name=\"twitter:card\" content=\"summary_large_image\" \/>\n<meta name=\"twitter:label1\" content=\"Written by\" \/>\n\t<meta name=\"twitter:data1\" content=\"Culturaeafins\" \/>\n\t<meta name=\"twitter:label2\" content=\"Est. reading time\" \/>\n\t<meta name=\"twitter:data2\" content=\"5 minutes\" \/>\n<script type=\"application\/ld+json\" class=\"yoast-schema-graph\">{\"@context\":\"https:\\\/\\\/schema.org\",\"@graph\":[{\"@type\":\"Article\",\"@id\":\"https:\\\/\\\/culturaeafins.com\\\/index.php\\\/2024\\\/01\\\/07\\\/turne-titas-encontro-pra-dizer-adeus\\\/#article\",\"isPartOf\":{\"@id\":\"https:\\\/\\\/culturaeafins.com\\\/index.php\\\/2024\\\/01\\\/07\\\/turne-titas-encontro-pra-dizer-adeus\\\/\"},\"author\":{\"name\":\"Culturaeafins\",\"@id\":\"https:\\\/\\\/culturaeafins.com\\\/#\\\/schema\\\/person\\\/5d1d5a375a3d9d2034d1a175aae85702\"},\"headline\":\"Turn\u00ea Tit\u00e3s Encontro \u2013 Pra dizer adeus\",\"datePublished\":\"2024-01-07T16:26:18+00:00\",\"dateModified\":\"2025-05-17T16:26:45+00:00\",\"mainEntityOfPage\":{\"@id\":\"https:\\\/\\\/culturaeafins.com\\\/index.php\\\/2024\\\/01\\\/07\\\/turne-titas-encontro-pra-dizer-adeus\\\/\"},\"wordCount\":867,\"commentCount\":2,\"publisher\":{\"@id\":\"https:\\\/\\\/culturaeafins.com\\\/#organization\"},\"image\":{\"@id\":\"https:\\\/\\\/culturaeafins.com\\\/index.php\\\/2024\\\/01\\\/07\\\/turne-titas-encontro-pra-dizer-adeus\\\/#primaryimage\"},\"thumbnailUrl\":\"https:\\\/\\\/culturaeafins.com\\\/wp-content\\\/uploads\\\/2024\\\/01\\\/Foto-dos-Titas.jpg\",\"articleSection\":[\"Not\u00edcias\"],\"inLanguage\":\"en-US\",\"potentialAction\":[{\"@type\":\"CommentAction\",\"name\":\"Comment\",\"target\":[\"https:\\\/\\\/culturaeafins.com\\\/index.php\\\/2024\\\/01\\\/07\\\/turne-titas-encontro-pra-dizer-adeus\\\/#respond\"]}]},{\"@type\":\"WebPage\",\"@id\":\"https:\\\/\\\/culturaeafins.com\\\/index.php\\\/2024\\\/01\\\/07\\\/turne-titas-encontro-pra-dizer-adeus\\\/\",\"url\":\"https:\\\/\\\/culturaeafins.com\\\/index.php\\\/2024\\\/01\\\/07\\\/turne-titas-encontro-pra-dizer-adeus\\\/\",\"name\":\"Turn\u00ea Tit\u00e3s Encontro \u2013 Pra dizer adeus - Cultura e Afins\",\"isPartOf\":{\"@id\":\"https:\\\/\\\/culturaeafins.com\\\/#website\"},\"primaryImageOfPage\":{\"@id\":\"https:\\\/\\\/culturaeafins.com\\\/index.php\\\/2024\\\/01\\\/07\\\/turne-titas-encontro-pra-dizer-adeus\\\/#primaryimage\"},\"image\":{\"@id\":\"https:\\\/\\\/culturaeafins.com\\\/index.php\\\/2024\\\/01\\\/07\\\/turne-titas-encontro-pra-dizer-adeus\\\/#primaryimage\"},\"thumbnailUrl\":\"https:\\\/\\\/culturaeafins.com\\\/wp-content\\\/uploads\\\/2024\\\/01\\\/Foto-dos-Titas.jpg\",\"datePublished\":\"2024-01-07T16:26:18+00:00\",\"dateModified\":\"2025-05-17T16:26:45+00:00\",\"description\":\"Nos dias 21,22 e 23 de dezembro com recorde de p\u00fablico em todas as noites, a banda Tit\u00e3s realizou seus \u00faltimos shows em S\u00e3o Paulo.\",\"breadcrumb\":{\"@id\":\"https:\\\/\\\/culturaeafins.com\\\/index.php\\\/2024\\\/01\\\/07\\\/turne-titas-encontro-pra-dizer-adeus\\\/#breadcrumb\"},\"inLanguage\":\"en-US\",\"potentialAction\":[{\"@type\":\"ReadAction\",\"target\":[\"https:\\\/\\\/culturaeafins.com\\\/index.php\\\/2024\\\/01\\\/07\\\/turne-titas-encontro-pra-dizer-adeus\\\/\"]}]},{\"@type\":\"ImageObject\",\"inLanguage\":\"en-US\",\"@id\":\"https:\\\/\\\/culturaeafins.com\\\/index.php\\\/2024\\\/01\\\/07\\\/turne-titas-encontro-pra-dizer-adeus\\\/#primaryimage\",\"url\":\"https:\\\/\\\/culturaeafins.com\\\/wp-content\\\/uploads\\\/2024\\\/01\\\/Foto-dos-Titas.jpg\",\"contentUrl\":\"https:\\\/\\\/culturaeafins.com\\\/wp-content\\\/uploads\\\/2024\\\/01\\\/Foto-dos-Titas.jpg\",\"width\":800,\"height\":534},{\"@type\":\"BreadcrumbList\",\"@id\":\"https:\\\/\\\/culturaeafins.com\\\/index.php\\\/2024\\\/01\\\/07\\\/turne-titas-encontro-pra-dizer-adeus\\\/#breadcrumb\",\"itemListElement\":[{\"@type\":\"ListItem\",\"position\":1,\"name\":\"In\u00edcio\",\"item\":\"https:\\\/\\\/culturaeafins.com\\\/\"},{\"@type\":\"ListItem\",\"position\":2,\"name\":\"Turn\u00ea Tit\u00e3s Encontro \u2013 Pra dizer adeus\"}]},{\"@type\":\"WebSite\",\"@id\":\"https:\\\/\\\/culturaeafins.com\\\/#website\",\"url\":\"https:\\\/\\\/culturaeafins.com\\\/\",\"name\":\"Cultura e Afins\",\"description\":\"\",\"publisher\":{\"@id\":\"https:\\\/\\\/culturaeafins.com\\\/#organization\"},\"potentialAction\":[{\"@type\":\"SearchAction\",\"target\":{\"@type\":\"EntryPoint\",\"urlTemplate\":\"https:\\\/\\\/culturaeafins.com\\\/?s={search_term_string}\"},\"query-input\":{\"@type\":\"PropertyValueSpecification\",\"valueRequired\":true,\"valueName\":\"search_term_string\"}}],\"inLanguage\":\"en-US\"},{\"@type\":\"Organization\",\"@id\":\"https:\\\/\\\/culturaeafins.com\\\/#organization\",\"name\":\"Cultura e Afins\",\"url\":\"https:\\\/\\\/culturaeafins.com\\\/\",\"logo\":{\"@type\":\"ImageObject\",\"inLanguage\":\"en-US\",\"@id\":\"https:\\\/\\\/culturaeafins.com\\\/#\\\/schema\\\/logo\\\/image\\\/\",\"url\":\"https:\\\/\\\/culturaeafins.com\\\/wp-content\\\/uploads\\\/2024\\\/01\\\/15115497096_9efb16a648_o.jpg\",\"contentUrl\":\"https:\\\/\\\/culturaeafins.com\\\/wp-content\\\/uploads\\\/2024\\\/01\\\/15115497096_9efb16a648_o.jpg\",\"width\":690,\"height\":317,\"caption\":\"Cultura e Afins\"},\"image\":{\"@id\":\"https:\\\/\\\/culturaeafins.com\\\/#\\\/schema\\\/logo\\\/image\\\/\"}},{\"@type\":\"Person\",\"@id\":\"https:\\\/\\\/culturaeafins.com\\\/#\\\/schema\\\/person\\\/5d1d5a375a3d9d2034d1a175aae85702\",\"name\":\"Culturaeafins\",\"image\":{\"@type\":\"ImageObject\",\"inLanguage\":\"en-US\",\"@id\":\"https:\\\/\\\/secure.gravatar.com\\\/avatar\\\/c7eb1bc1ef2ef58f0ff3ae1db737bdc5c931e84e43d43ccb3478db5f65bd9d0a?s=96&d=mm&r=g\",\"url\":\"https:\\\/\\\/secure.gravatar.com\\\/avatar\\\/c7eb1bc1ef2ef58f0ff3ae1db737bdc5c931e84e43d43ccb3478db5f65bd9d0a?s=96&d=mm&r=g\",\"contentUrl\":\"https:\\\/\\\/secure.gravatar.com\\\/avatar\\\/c7eb1bc1ef2ef58f0ff3ae1db737bdc5c931e84e43d43ccb3478db5f65bd9d0a?s=96&d=mm&r=g\",\"caption\":\"Culturaeafins\"},\"sameAs\":[\"https:\\\/\\\/culturaeafins.com\"],\"url\":\"https:\\\/\\\/culturaeafins.com\\\/index.php\\\/author\\\/culturaeafins\\\/\"}]}<\/script>\n<!-- \/ Yoast SEO plugin. -->","yoast_head_json":{"title":"Turn\u00ea Tit\u00e3s Encontro \u2013 Pra dizer adeus - Cultura e Afins","description":"Nos dias 21,22 e 23 de dezembro com recorde de p\u00fablico em todas as noites, a banda Tit\u00e3s realizou seus \u00faltimos shows em S\u00e3o Paulo.","robots":{"index":"index","follow":"follow","max-snippet":"max-snippet:-1","max-image-preview":"max-image-preview:large","max-video-preview":"max-video-preview:-1"},"canonical":"https:\/\/culturaeafins.com\/index.php\/2024\/01\/07\/turne-titas-encontro-pra-dizer-adeus\/","og_locale":"en_US","og_type":"article","og_title":"Turn\u00ea Tit\u00e3s Encontro \u2013 Pra dizer adeus - Cultura e Afins","og_description":"Nos dias 21,22 e 23 de dezembro com recorde de p\u00fablico em todas as noites, a banda Tit\u00e3s realizou seus \u00faltimos shows em S\u00e3o Paulo.","og_url":"https:\/\/culturaeafins.com\/index.php\/2024\/01\/07\/turne-titas-encontro-pra-dizer-adeus\/","og_site_name":"Cultura e Afins","article_published_time":"2024-01-07T16:26:18+00:00","article_modified_time":"2025-05-17T16:26:45+00:00","og_image":[{"width":800,"height":534,"url":"https:\/\/culturaeafins.com\/wp-content\/uploads\/2024\/01\/Foto-dos-Titas.jpg","type":"image\/jpeg"}],"author":"Culturaeafins","twitter_card":"summary_large_image","twitter_misc":{"Written by":"Culturaeafins","Est. reading time":"5 minutes"},"schema":{"@context":"https:\/\/schema.org","@graph":[{"@type":"Article","@id":"https:\/\/culturaeafins.com\/index.php\/2024\/01\/07\/turne-titas-encontro-pra-dizer-adeus\/#article","isPartOf":{"@id":"https:\/\/culturaeafins.com\/index.php\/2024\/01\/07\/turne-titas-encontro-pra-dizer-adeus\/"},"author":{"name":"Culturaeafins","@id":"https:\/\/culturaeafins.com\/#\/schema\/person\/5d1d5a375a3d9d2034d1a175aae85702"},"headline":"Turn\u00ea Tit\u00e3s Encontro \u2013 Pra dizer adeus","datePublished":"2024-01-07T16:26:18+00:00","dateModified":"2025-05-17T16:26:45+00:00","mainEntityOfPage":{"@id":"https:\/\/culturaeafins.com\/index.php\/2024\/01\/07\/turne-titas-encontro-pra-dizer-adeus\/"},"wordCount":867,"commentCount":2,"publisher":{"@id":"https:\/\/culturaeafins.com\/#organization"},"image":{"@id":"https:\/\/culturaeafins.com\/index.php\/2024\/01\/07\/turne-titas-encontro-pra-dizer-adeus\/#primaryimage"},"thumbnailUrl":"https:\/\/culturaeafins.com\/wp-content\/uploads\/2024\/01\/Foto-dos-Titas.jpg","articleSection":["Not\u00edcias"],"inLanguage":"en-US","potentialAction":[{"@type":"CommentAction","name":"Comment","target":["https:\/\/culturaeafins.com\/index.php\/2024\/01\/07\/turne-titas-encontro-pra-dizer-adeus\/#respond"]}]},{"@type":"WebPage","@id":"https:\/\/culturaeafins.com\/index.php\/2024\/01\/07\/turne-titas-encontro-pra-dizer-adeus\/","url":"https:\/\/culturaeafins.com\/index.php\/2024\/01\/07\/turne-titas-encontro-pra-dizer-adeus\/","name":"Turn\u00ea Tit\u00e3s Encontro \u2013 Pra dizer adeus - Cultura e Afins","isPartOf":{"@id":"https:\/\/culturaeafins.com\/#website"},"primaryImageOfPage":{"@id":"https:\/\/culturaeafins.com\/index.php\/2024\/01\/07\/turne-titas-encontro-pra-dizer-adeus\/#primaryimage"},"image":{"@id":"https:\/\/culturaeafins.com\/index.php\/2024\/01\/07\/turne-titas-encontro-pra-dizer-adeus\/#primaryimage"},"thumbnailUrl":"https:\/\/culturaeafins.com\/wp-content\/uploads\/2024\/01\/Foto-dos-Titas.jpg","datePublished":"2024-01-07T16:26:18+00:00","dateModified":"2025-05-17T16:26:45+00:00","description":"Nos dias 21,22 e 23 de dezembro com recorde de p\u00fablico em todas as noites, a banda Tit\u00e3s realizou seus \u00faltimos shows em S\u00e3o Paulo.","breadcrumb":{"@id":"https:\/\/culturaeafins.com\/index.php\/2024\/01\/07\/turne-titas-encontro-pra-dizer-adeus\/#breadcrumb"},"inLanguage":"en-US","potentialAction":[{"@type":"ReadAction","target":["https:\/\/culturaeafins.com\/index.php\/2024\/01\/07\/turne-titas-encontro-pra-dizer-adeus\/"]}]},{"@type":"ImageObject","inLanguage":"en-US","@id":"https:\/\/culturaeafins.com\/index.php\/2024\/01\/07\/turne-titas-encontro-pra-dizer-adeus\/#primaryimage","url":"https:\/\/culturaeafins.com\/wp-content\/uploads\/2024\/01\/Foto-dos-Titas.jpg","contentUrl":"https:\/\/culturaeafins.com\/wp-content\/uploads\/2024\/01\/Foto-dos-Titas.jpg","width":800,"height":534},{"@type":"BreadcrumbList","@id":"https:\/\/culturaeafins.com\/index.php\/2024\/01\/07\/turne-titas-encontro-pra-dizer-adeus\/#breadcrumb","itemListElement":[{"@type":"ListItem","position":1,"name":"In\u00edcio","item":"https:\/\/culturaeafins.com\/"},{"@type":"ListItem","position":2,"name":"Turn\u00ea Tit\u00e3s Encontro \u2013 Pra dizer adeus"}]},{"@type":"WebSite","@id":"https:\/\/culturaeafins.com\/#website","url":"https:\/\/culturaeafins.com\/","name":"Cultura e Afins","description":"","publisher":{"@id":"https:\/\/culturaeafins.com\/#organization"},"potentialAction":[{"@type":"SearchAction","target":{"@type":"EntryPoint","urlTemplate":"https:\/\/culturaeafins.com\/?s={search_term_string}"},"query-input":{"@type":"PropertyValueSpecification","valueRequired":true,"valueName":"search_term_string"}}],"inLanguage":"en-US"},{"@type":"Organization","@id":"https:\/\/culturaeafins.com\/#organization","name":"Cultura e Afins","url":"https:\/\/culturaeafins.com\/","logo":{"@type":"ImageObject","inLanguage":"en-US","@id":"https:\/\/culturaeafins.com\/#\/schema\/logo\/image\/","url":"https:\/\/culturaeafins.com\/wp-content\/uploads\/2024\/01\/15115497096_9efb16a648_o.jpg","contentUrl":"https:\/\/culturaeafins.com\/wp-content\/uploads\/2024\/01\/15115497096_9efb16a648_o.jpg","width":690,"height":317,"caption":"Cultura e Afins"},"image":{"@id":"https:\/\/culturaeafins.com\/#\/schema\/logo\/image\/"}},{"@type":"Person","@id":"https:\/\/culturaeafins.com\/#\/schema\/person\/5d1d5a375a3d9d2034d1a175aae85702","name":"Culturaeafins","image":{"@type":"ImageObject","inLanguage":"en-US","@id":"https:\/\/secure.gravatar.com\/avatar\/c7eb1bc1ef2ef58f0ff3ae1db737bdc5c931e84e43d43ccb3478db5f65bd9d0a?s=96&d=mm&r=g","url":"https:\/\/secure.gravatar.com\/avatar\/c7eb1bc1ef2ef58f0ff3ae1db737bdc5c931e84e43d43ccb3478db5f65bd9d0a?s=96&d=mm&r=g","contentUrl":"https:\/\/secure.gravatar.com\/avatar\/c7eb1bc1ef2ef58f0ff3ae1db737bdc5c931e84e43d43ccb3478db5f65bd9d0a?s=96&d=mm&r=g","caption":"Culturaeafins"},"sameAs":["https:\/\/culturaeafins.com"],"url":"https:\/\/culturaeafins.com\/index.php\/author\/culturaeafins\/"}]}},"_links":{"self":[{"href":"https:\/\/culturaeafins.com\/index.php\/wp-json\/wp\/v2\/posts\/109","targetHints":{"allow":["GET"]}}],"collection":[{"href":"https:\/\/culturaeafins.com\/index.php\/wp-json\/wp\/v2\/posts"}],"about":[{"href":"https:\/\/culturaeafins.com\/index.php\/wp-json\/wp\/v2\/types\/post"}],"author":[{"embeddable":true,"href":"https:\/\/culturaeafins.com\/index.php\/wp-json\/wp\/v2\/users\/1"}],"replies":[{"embeddable":true,"href":"https:\/\/culturaeafins.com\/index.php\/wp-json\/wp\/v2\/comments?post=109"}],"version-history":[{"count":25,"href":"https:\/\/culturaeafins.com\/index.php\/wp-json\/wp\/v2\/posts\/109\/revisions"}],"predecessor-version":[{"id":324,"href":"https:\/\/culturaeafins.com\/index.php\/wp-json\/wp\/v2\/posts\/109\/revisions\/324"}],"wp:featuredmedia":[{"embeddable":true,"href":"https:\/\/culturaeafins.com\/index.php\/wp-json\/wp\/v2\/media\/114"}],"wp:attachment":[{"href":"https:\/\/culturaeafins.com\/index.php\/wp-json\/wp\/v2\/media?parent=109"}],"wp:term":[{"taxonomy":"category","embeddable":true,"href":"https:\/\/culturaeafins.com\/index.php\/wp-json\/wp\/v2\/categories?post=109"},{"taxonomy":"post_tag","embeddable":true,"href":"https:\/\/culturaeafins.com\/index.php\/wp-json\/wp\/v2\/tags?post=109"}],"curies":[{"name":"wp","href":"https:\/\/api.w.org\/{rel}","templated":true}]}}